{"id":4797,"date":"2022-08-21T18:50:00","date_gmt":"2022-08-21T18:50:00","guid":{"rendered":"http:\/\/www.sylwesterszmyd.pl\/?p=4797"},"modified":"2022-08-30T18:52:23","modified_gmt":"2022-08-30T18:52:23","slug":"vuelta-espana","status":"publish","type":"post","link":"https:\/\/www.sylwesterszmyd.pl\/?p=4797","title":{"rendered":"Vuelta Espana"},"content":{"rendered":"\n<p>Zaczynamy ostatni Wielki Tour gotowi do walki o zwyci\u0119stwo. Zreszt\u0105 mamy do tego prawo my\u015bl\u0119 maj\u0105c w sk\u0142adzie zwyci\u0119zc\u0119 Giro Hindleya plus Wilco i Sergio kt\u00f3rzy te\u017c znakomicie je\u017cd\u017c\u0105 po g\u00f3rach. Kt\u00f3ry z nich pojedzie generalk\u0119 to ju\u017c szosa poka\u017ce. Vuelta jest ci\u0119\u017cka i sama wska\u017ce naszego lidera. Moje zadanie na etapach to g\u0142\u00f3wnie \u201erecon\u201d etap\u00f3w i czasami, pewnie na typowo g\u00f3rskich etapach drugie auto wy\u015bcigowe.<\/p>\n\n\n\n<p><br>Nie ukrywam, \u017ce by\u0142em raczej negatywnie nastawiony do zabrania na wy\u015bcig Sama Bennetta a on udowodni\u0142, \u017ce wszyscy niedowiarki jak ja nie mieli racji. No i cieszy mnie to.<\/p>\n\n\n\n<p>W sk\u0142adzie mam czterech zawodnik\u00f3w z kt\u00f3rymi pracuje na co dzie\u0144 i przyznam, \u017ce ca\u0142a czw\u00f3rka; Sergio, Matteo, Danny i Ryan s\u0105 bardzo dobrze przygotowani. Danny zreszt\u0105 widzieli\u015bmy jak\u0105 robot\u0119 robi. W listopadzie powiedzia\u0142 mi, \u017ce chce by\u0107 najlepszym rozprowadzaj\u0105cym na \u015bwiecie i my\u015bl\u0119, \u017ce dzi\u015b ju\u017c mo\u017ce zas\u0142u\u017cy\u0107 na takie miano.<\/p>\n\n\n\n<p><br>Mistrzostwa Europy na torze. M\u0142odziutka Nikola Wielowska zdoby\u0142a sw\u00f3j pierwszy medal w elicie, bardzo mnie to cieszy bo przez te par\u0119 miesi\u0119cy wsp\u00f3\u0142pracy widz\u0119 jak du\u017cy post\u0119p ju\u017c zrobi\u0142a. Siostry Pikulik zaj\u0119\u0142y 5te miejsce w Madisonie co cieszy ale i zostawia ma\u0142y niedosyt bo sta\u0107 je by\u0142o na medal. Nie cieszy mnie jednak br\u0105zowy medal Darii w Omnium. Zdecydowanie najsilniejsza zawodniczka na ca\u0142ym wy\u015bcigu i tylko b\u0142\u0105d taktyczny spowodowa\u0142, \u017ce stan\u0119\u0142a dopiero na najni\u017cszym stopniu podium. Nowe do\u015bwiadczenie.<\/p>\n\n\n\n<p>Co innego by\u0142o ju\u017c na wy\u015bcigu szosowym gdzie Daria pojecha\u0142a znakomity wy\u015bcig. Pewnie gdyby\u015bmy mieli dru\u017cyn\u0119 potrafi\u0105c\u0105 pojecha\u0107 w ko\u0144c\u00f3wce jak jecha\u0142a Italia czy Holandia z pe\u0142nym wsparciem dla najszybszej zawodniczki to i medal by\u0142 ca\u0142kowicie w zasi\u0119gu.<\/p>\n","protected":false},"excerpt":{"rendered":"<p>Zaczynamy ostatni Wielki Tour gotowi do walki o zwyci\u0119stwo. Zreszt\u0105 mamy do tego prawo my\u015bl\u0119 maj\u0105c w sk\u0142adzie zwyci\u0119zc\u0119 Giro Hindleya plus Wilco i Sergio kt\u00f3rzy te\u017c znakomicie je\u017cd\u017c\u0105 po g\u00f3rach. Kt\u00f3ry z nich pojedzie generalk\u0119 to ju\u017c szosa poka\u017ce. Vuelta jest ci\u0119\u017cka i sama wska\u017ce naszego lidera. Moje zadanie&#8230;<\/p>\n","protected":false},"author":1,"featured_media":4798,"comment_status":"closed","ping_status":"closed","sticky":false,"template":"","format":"standard","meta":{"ngg_post_thumbnail":0,"_jetpack_memberships_contains_paid_content":false,"footnotes":""},"categories":[3,174,10],"tags":[],"class_list":["post-4797","post","type-post","status-publish","format-standard","has-post-thumbnail","hentry","category-trening","category-vuelta-espana","category-wyscigi"],"jetpack_featured_media_url":"https:\/\/i0.wp.com\/www.sylwesterszmyd.pl\/wp-content\/uploads\/2022\/08\/298575075_5714569611889337_3865489318424215309_n.jpg?fit=1920%2C1080&ssl=1","jetpack_sharing_enabled":true,"_links":{"self":[{"href":"https:\/\/www.sylwesterszmyd.pl\/index.php?rest_route=\/wp\/v2\/posts\/4797","targetHints":{"allow":["GET"]}}],"collection":[{"href":"https:\/\/www.sylwesterszmyd.pl\/index.php?rest_route=\/wp\/v2\/posts"}],"about":[{"href":"https:\/\/www.sylwesterszmyd.pl\/index.php?rest_route=\/wp\/v2\/types\/post"}],"author":[{"embeddable":true,"href":"https:\/\/www.sylwesterszmyd.pl\/index.php?rest_route=\/wp\/v2\/users\/1"}],"replies":[{"embeddable":true,"href":"https:\/\/www.sylwesterszmyd.pl\/index.php?rest_route=%2Fwp%2Fv2%2Fcomments&post=4797"}],"version-history":[{"count":1,"href":"https:\/\/www.sylwesterszmyd.pl\/index.php?rest_route=\/wp\/v2\/posts\/4797\/revisions"}],"predecessor-version":[{"id":4799,"href":"https:\/\/www.sylwesterszmyd.pl\/index.php?rest_route=\/wp\/v2\/posts\/4797\/revisions\/4799"}],"wp:featuredmedia":[{"embeddable":true,"href":"https:\/\/www.sylwesterszmyd.pl\/index.php?rest_route=\/wp\/v2\/media\/4798"}],"wp:attachment":[{"href":"https:\/\/www.sylwesterszmyd.pl\/index.php?rest_route=%2Fwp%2Fv2%2Fmedia&parent=4797"}],"wp:term":[{"taxonomy":"category","embeddable":true,"href":"https:\/\/www.sylwesterszmyd.pl\/index.php?rest_route=%2Fwp%2Fv2%2Fcategories&post=4797"},{"taxonomy":"post_tag","embeddable":true,"href":"https:\/\/www.sylwesterszmyd.pl\/index.php?rest_route=%2Fwp%2Fv2%2Ftags&post=4797"}],"curies":[{"name":"wp","href":"https:\/\/api.w.org\/{rel}","templated":true}]}}