{"id":4675,"date":"2021-06-03T18:34:33","date_gmt":"2021-06-03T18:34:33","guid":{"rendered":"http:\/\/www.sylwesterszmyd.pl\/?p=4675"},"modified":"2021-06-03T18:41:38","modified_gmt":"2021-06-03T18:41:38","slug":"piekny-wyscig","status":"publish","type":"post","link":"https:\/\/www.sylwesterszmyd.pl\/?p=4675","title":{"rendered":"Pi\u0119kny wy\u015bcig"},"content":{"rendered":"\n<p>Kolejne Giro d\u2019Italia kt\u00f3re do ko\u0144ca zapewni\u0142o nam spektakl. Pi\u0119kny wy\u015bcig. S\u0105 takie zwyci\u0119stwa kt\u00f3re ciesz\u0105 wszystkich kibic\u00f3w kolarstwa niezale\u017cnie od tego komu si\u0119 kibicuje. Tak by\u0142o w przypadku zwyci\u0119stwa Damiano Caruso, chyba ka\u017cdy przed TV trzyma\u0142 kciuki by dojecha\u0142 do mety na dwudziestym etapie.<\/p>\n\n\n\n<p>\u015aciga\u0142em si\u0119 z Damiano par\u0119 lat w Liquigasie, bardzo sympatyczny i mi\u0142y ch\u0142opak, profesjonalny w podej\u015bciu do sportu. Maj\u0105c przed sob\u0105 prawie pewne pud\u0142o na Giro, wynik \u017cycia, pojecha\u0142 o wszystko ryzykuj\u0105c, \u017ce straci to co mia\u0142 w tym momencie. Takie akcje s\u0105 pi\u0119kne.<\/p>\n\n\n\n<p><br>A my po cz\u0119\u015bci cel osi\u0105gn\u0119li\u015bmy. Emu co prawda musia\u0142 si\u0119 wycofa\u0107 i stracili\u015bmy lidera na generalk\u0119 ale drugi cel, to jest zwyci\u0119stwo etapowe i koszul ciclamino zosta\u0142 zrealizowany. Co prawda ja przed Giro uwa\u017ca\u0142em, \u017ce Petera sta\u0107 na trzy etapowe zwyci\u0119stwa ale widzieli\u015bmy, \u017ce czasem zabrak\u0142o szcz\u0119\u015bcia a czasem pope\u0142ni\u0142 jako\u015b b\u0142\u0105d ale nog\u0119 mia\u0142 super. Dla niego teraz troch\u0119 przerwy, mistrzostwa krajowe prawdopodobnie i start w TdF.<\/p>\n\n\n\n<p><br>Body pojecha\u0142 \u0142adne Giro i mocn\u0105 ostatni\u0105 czas\u00f3wk\u0119, wszystko idzie w dobrym kierunku i uwa\u017cam, \u017ce na MP b\u0119dzie w bardzo dobrej dyspozycji.<\/p>\n\n\n\n<p><br>Jestem teraz na Dauphine i ca\u0142kowicie niespodziewanie od trzech dni mamy lidera. Przed drugim etapem m\u00f3wi\u0119 do Postiego czy jedzie dzi\u015b ze mn\u0105 w odjazd, on \u017ce tak i \u017ce do mety, ja mu \u017ce nie inaczej. Pyta si\u0119 mnie jakie ma jecha\u0107 watty na ostatnim podje\u017adzie, ja odpowiadam: wszystkie. Pojecha\u0142 wszystkie.<\/p>\n\n\n\n<p>Mogli\u015bmy te\u017c widzie\u0107 co znaczy pozosta\u0107 w dobrych uk\u0142adach z by\u0142ymi kolegami z dru\u017cyny. Shane z Dequenick wiedz\u0105c, \u017ce nie jest w stanie wygra\u0107 bardzo ch\u0119tnie pom\u00f3g\u0142 Lukasowi.<\/p>\n\n\n\n<p><br>Na czas\u00f3wce r\u00f3wnie\u017c Posti pojecha\u0142 \u201cwszystkie\u201d watt jakie mia\u0142. Mia\u0142em zaszczyt po raz pierwszy jako DS jecha\u0107 za liderem, na radiu, motywuj\u0105c go i staraj\u0105c si\u0119 pom\u00f3c przez 16km nie lekkiej trasy. By\u0142o to bardzo mi\u0142e do\u015bwiadczenie, aczkolwiek stresuj\u0105ce nie mniej dla mnie jak dla niego.<br><\/p>\n\n\n\n<p>Zaczynam drug\u0105 cz\u0119\u015b\u0107 wy\u015bcigu, ju\u017c dla g\u00f3rali i zawodnik\u00f3w walcz\u0105cych o wygranie wy\u015bcigu. Wilco i Koni szykuj\u0105c si\u0119 do TdF my\u015bl\u0119, \u017ce s\u0105 ju\u017c w bardzo dobrej dyspozycji. O tym jednak przekonamy si\u0119 ju\u017c w niedziel\u0119.<\/p>\n","protected":false},"excerpt":{"rendered":"<p>Kolejne Giro d\u2019Italia kt\u00f3re do ko\u0144ca zapewni\u0142o nam spektakl. Pi\u0119kny wy\u015bcig. S\u0105 takie zwyci\u0119stwa kt\u00f3re ciesz\u0105 wszystkich kibic\u00f3w kolarstwa niezale\u017cnie od tego komu si\u0119 kibicuje. Tak by\u0142o w przypadku zwyci\u0119stwa Damiano Caruso, chyba ka\u017cdy przed TV trzyma\u0142 kciuki by dojecha\u0142 do mety na dwudziestym etapie. \u015aciga\u0142em si\u0119 z Damiano par\u0119&#8230;<\/p>\n","protected":false},"author":1,"featured_media":4678,"comment_status":"closed","ping_status":"closed","sticky":false,"template":"","format":"standard","meta":{"ngg_post_thumbnail":0,"_jetpack_memberships_contains_paid_content":false,"footnotes":""},"categories":[15,3,10],"tags":[],"class_list":["post-4675","post","type-post","status-publish","format-standard","has-post-thumbnail","hentry","category-komantarze","category-trening","category-wyscigi"],"jetpack_featured_media_url":"https:\/\/i0.wp.com\/www.sylwesterszmyd.pl\/wp-content\/uploads\/2021\/06\/1622389253574.jpeg-giro_d_italia__grande_secondo_posto_per_damiano_caruso__il_campione_siciliano_che_preferisce_vivere_a_punta_secca_.jpeg?fit=1200%2C720&ssl=1","jetpack_sharing_enabled":true,"_links":{"self":[{"href":"https:\/\/www.sylwesterszmyd.pl\/index.php?rest_route=\/wp\/v2\/posts\/4675","targetHints":{"allow":["GET"]}}],"collection":[{"href":"https:\/\/www.sylwesterszmyd.pl\/index.php?rest_route=\/wp\/v2\/posts"}],"about":[{"href":"https:\/\/www.sylwesterszmyd.pl\/index.php?rest_route=\/wp\/v2\/types\/post"}],"author":[{"embeddable":true,"href":"https:\/\/www.sylwesterszmyd.pl\/index.php?rest_route=\/wp\/v2\/users\/1"}],"replies":[{"embeddable":true,"href":"https:\/\/www.sylwesterszmyd.pl\/index.php?rest_route=%2Fwp%2Fv2%2Fcomments&post=4675"}],"version-history":[{"count":1,"href":"https:\/\/www.sylwesterszmyd.pl\/index.php?rest_route=\/wp\/v2\/posts\/4675\/revisions"}],"predecessor-version":[{"id":4677,"href":"https:\/\/www.sylwesterszmyd.pl\/index.php?rest_route=\/wp\/v2\/posts\/4675\/revisions\/4677"}],"wp:featuredmedia":[{"embeddable":true,"href":"https:\/\/www.sylwesterszmyd.pl\/index.php?rest_route=\/wp\/v2\/media\/4678"}],"wp:attachment":[{"href":"https:\/\/www.sylwesterszmyd.pl\/index.php?rest_route=%2Fwp%2Fv2%2Fmedia&parent=4675"}],"wp:term":[{"taxonomy":"category","embeddable":true,"href":"https:\/\/www.sylwesterszmyd.pl\/index.php?rest_route=%2Fwp%2Fv2%2Fcategories&post=4675"},{"taxonomy":"post_tag","embeddable":true,"href":"https:\/\/www.sylwesterszmyd.pl\/index.php?rest_route=%2Fwp%2Fv2%2Ftags&post=4675"}],"curies":[{"name":"wp","href":"https:\/\/api.w.org\/{rel}","templated":true}]}}