{"id":4646,"date":"2021-03-17T11:36:00","date_gmt":"2021-03-17T11:36:00","guid":{"rendered":"http:\/\/www.sylwesterszmyd.pl\/?p=4646"},"modified":"2021-03-18T11:38:09","modified_gmt":"2021-03-18T11:38:09","slug":"sezon-zaczal-nam-sie-na-dobre","status":"publish","type":"post","link":"https:\/\/www.sylwesterszmyd.pl\/?p=4646","title":{"rendered":"Sezon zacz\u0105\u0142 nam si\u0119 na dobre."},"content":{"rendered":"\n<p> Przy ca\u0142ej dziwnej sytuacji na \u015bwiecie, sport wprowadza cho\u0107 odrobin\u0119 normalno\u015bci. Po\u0142ow\u0119 lutego sp\u0119dzi\u0142em na Sierra Nevada. Mia\u0142o to by\u0107 zgrupowanie przygotowuj\u0105ce Petera do okresu wiosennych klasyk\u00f3w, ale jak ka\u017cdy wie podczas pobytu na Gran Canarii zachorowa\u0142.<\/p>\n\n\n\n<p>Blisko dwa tygodnie bez roweru plus kolejny trzy je\u017cd\u017c\u0105c spokojnie bez intensywno\u015bci. Praktycznie prosto z Gran Canarii pojecha\u0142 na Tirreno.<\/p>\n\n\n\n<p>W Hiszpanii by\u0142em z g\u00f3ralami, mi\u0119dzy innymi z Keldermanem, Schachmannem i Fabbro. Dwaj ostatni pokazali na wy\u015bcigach, \u017ce pracowali\u015bmy ca\u0142kiem nie\u017ale. Maximilan wygra\u0142 Paris Nice.<\/p>\n\n\n\n<p>Nie chc\u0119 m\u00f3wi\u0107 o karmie czy podobnych innych stwierdzeniach na temat Roglica, ale jedno jest pewne, w kolarstwie jak w \u017cyciu, co posiejesz to zbierzesz. Nie mam nic przeciwko wygrywaniu wszystkiego co mo\u017cna jak to robi Roglic czy generalnie Jumbo. Problemem jest, \u017ce Primoz chyba nie rozumie, i\u017c czasami potrzeba mie\u0107 w peletonie przyjaci\u00f3\u0142 by co\u015b wygra\u0107\u2026 lub nie przegra\u0107.<\/p>\n\n\n\n<p>Je\u015bli kto\u015b chce wygra\u0107 wszystko co jest do wygrania to ryzykuje, \u017ce wszystkie inne dru\u017cyny b\u0119d\u0105 si\u0119 \u015bciga\u0107 przeciwko niemu i odnios\u0142em wra\u017cenie, \u017ce w niedziel\u0119 r\u00f3wnie\u017c nie zainteresowane dru\u017cyny ci\u0105gn\u0119\u0142y tylko po to by Roglic nie wygra\u0142, przy okazji pomagaj\u0105c nam wygra\u0107 wy\u015bcig. Wiele takich sytuacji widzia\u0142em i m\u00f3g\u0142 bym ca\u0142\u0105 list\u0119 zawodnik\u00f3w czy dru\u017cyn wymieni\u0107 na potwierdzenie mojej tezy.<\/p>\n\n\n\n<p><br>Matteo Fabbro ko\u0144czy Tirreno Adriatico na pi\u0105tym miejscu. Jak spojrzymy na top10 to na prawd\u0119 musz\u0119 przyzna\u0107, \u017ce Matteo zrobi\u0142 ogromny post\u0119p w ostatnich dw\u00f3ch latach. Oceniaj\u0105c form\u0119 moich zawodnik\u00f3w na co tygodniowym meetingu przed Tirreno powiedzia\u0142em na temat Matteo, \u017ce jest ju\u017c na wy\u017cszym poziomie ni\u017c podczas zesz\u0142orocznego Giro. Jednak, \u017ce b\u0119dzie go sta\u0107 na pi\u0105te miejsce sam nie liczy\u0142em. Wspina\u0142 si\u0119 \u201ena wattach\u201d jak najlepsi g\u00f3rale \u015bwiata.<\/p>\n\n\n\n<p><br>Body na czas\u00f3wce pojecha\u0142 \u0142adnie ale jak sam przyzna\u0142 sta\u0107 go by\u0142o na lepszy czas, m\u00f3g\u0142 da\u0107 z siebie wi\u0119cej, mo\u017ce pojecha\u0142 nieco asekuracyjnie. Na klasyki b\u0119dzie gotowy.<\/p>\n\n\n\n<p><br>Sanremo\u2026 ci\u0119\u017cko prognozowa\u0107. Z Van Aert, VDP czy Alaphillipem b\u0119dzie z pewno\u015bci\u0105 ciekawy wy\u015bcig. Peter na pewno nie jest w formie jak w poprzednich latach ale sta\u0107 go na to by zaskoczy\u0107.<\/p>\n\n\n\n<p>Po wy\u015bcigu jedziemy na Vuelta Catalunya, wierz\u0119, \u017ce b\u0119dzie to dobre przygotowanie do dw\u00f3ch najwa\u017cniejszych wy\u015bcig\u00f3w, Flandres i Roubaix.<\/p>\n","protected":false},"excerpt":{"rendered":"<p>Przy ca\u0142ej dziwnej sytuacji na \u015bwiecie, sport wprowadza cho\u0107 odrobin\u0119 normalno\u015bci. Po\u0142ow\u0119 lutego sp\u0119dzi\u0142em na Sierra Nevada. Mia\u0142o to by\u0107 zgrupowanie przygotowuj\u0105ce Petera do okresu wiosennych klasyk\u00f3w, ale jak ka\u017cdy wie podczas pobytu na Gran Canarii zachorowa\u0142. Blisko dwa tygodnie bez roweru plus kolejny trzy je\u017cd\u017c\u0105c spokojnie bez intensywno\u015bci. Praktycznie&#8230;<\/p>\n","protected":false},"author":1,"featured_media":4649,"comment_status":"closed","ping_status":"closed","sticky":false,"template":"","format":"standard","meta":{"ngg_post_thumbnail":0,"_jetpack_memberships_contains_paid_content":false,"footnotes":""},"categories":[140,3,10],"tags":[],"class_list":["post-4646","post","type-post","status-publish","format-standard","has-post-thumbnail","hentry","category-szmydcoaching","category-trening","category-wyscigi"],"jetpack_featured_media_url":"https:\/\/i0.wp.com\/www.sylwesterszmyd.pl\/wp-content\/uploads\/2021\/03\/11111.jpg?fit=740%2C542&ssl=1","jetpack_sharing_enabled":true,"_links":{"self":[{"href":"https:\/\/www.sylwesterszmyd.pl\/index.php?rest_route=\/wp\/v2\/posts\/4646","targetHints":{"allow":["GET"]}}],"collection":[{"href":"https:\/\/www.sylwesterszmyd.pl\/index.php?rest_route=\/wp\/v2\/posts"}],"about":[{"href":"https:\/\/www.sylwesterszmyd.pl\/index.php?rest_route=\/wp\/v2\/types\/post"}],"author":[{"embeddable":true,"href":"https:\/\/www.sylwesterszmyd.pl\/index.php?rest_route=\/wp\/v2\/users\/1"}],"replies":[{"embeddable":true,"href":"https:\/\/www.sylwesterszmyd.pl\/index.php?rest_route=%2Fwp%2Fv2%2Fcomments&post=4646"}],"version-history":[{"count":1,"href":"https:\/\/www.sylwesterszmyd.pl\/index.php?rest_route=\/wp\/v2\/posts\/4646\/revisions"}],"predecessor-version":[{"id":4648,"href":"https:\/\/www.sylwesterszmyd.pl\/index.php?rest_route=\/wp\/v2\/posts\/4646\/revisions\/4648"}],"wp:featuredmedia":[{"embeddable":true,"href":"https:\/\/www.sylwesterszmyd.pl\/index.php?rest_route=\/wp\/v2\/media\/4649"}],"wp:attachment":[{"href":"https:\/\/www.sylwesterszmyd.pl\/index.php?rest_route=%2Fwp%2Fv2%2Fmedia&parent=4646"}],"wp:term":[{"taxonomy":"category","embeddable":true,"href":"https:\/\/www.sylwesterszmyd.pl\/index.php?rest_route=%2Fwp%2Fv2%2Fcategories&post=4646"},{"taxonomy":"post_tag","embeddable":true,"href":"https:\/\/www.sylwesterszmyd.pl\/index.php?rest_route=%2Fwp%2Fv2%2Ftags&post=4646"}],"curies":[{"name":"wp","href":"https:\/\/api.w.org\/{rel}","templated":true}]}}