{"id":4642,"date":"2021-01-15T13:12:55","date_gmt":"2021-01-15T13:12:55","guid":{"rendered":"http:\/\/www.sylwesterszmyd.pl\/?p=4642"},"modified":"2021-01-15T13:12:57","modified_gmt":"2021-01-15T13:12:57","slug":"na-poczatek-2021","status":"publish","type":"post","link":"https:\/\/www.sylwesterszmyd.pl\/?p=4642","title":{"rendered":"&#8230; na pocz\u0105tek 2021."},"content":{"rendered":"\n<p><br>Od blisko dw\u00f3ch miesi\u0119cy zbiera\u0142em si\u0119 do napisania podsumowania Vuelty, ale po takim czasie nie ma to sensu. Felix dowi\u00f3z\u0142 top10 a dzi\u0119ki zwyci\u0119stwie Pascala w Madrycie sko\u0144czyli\u015bmy sezon z wygranymi etapowymi na wszystkich trzech Grand Tourach. Skomplikowany sezon kt\u00f3ry ko\u0144czymy ca\u0142kiem przyzwoicie.<br><br>Krotko po Vuelcie mia\u0142em ju\u017c pierwszy meeting w Niemczech z pozosta\u0142ymi trenerami i przez dwa dni analizowali\u015bmy ca\u0142y sezon zastanawiaj\u0105c si\u0119 nad tym co mo\u017cemy zrobi\u0107 lepiej w kolejnym. Nad czym i jak b\u0119dziemy intensywniej pracowa\u0107.<\/p>\n\n\n\n<p>Z moich kolarzy zako\u0144czy\u0142 \u015bciganie Oscar Gatto a Jempy przeszed\u0142 do Cofidisu. Jednocze\u015bnie dosta\u0142em pod opiek\u0119 m\u0142ody w\u0142oski talent, Giovanniego Aleotti oraz 6-krotnego Mistrza Polski na czas.<\/p>\n\n\n\n<p>Giovanni sko\u0144czy\u0142 na drugim miejscu Tour de l\u2019Avenir w 2019 roku a w 2020 by\u0142 4-ty w GC podczas Giro d\u2019Italia Baby. Bardzo ambitny kolarz kt\u00f3rego na dzie\u0144 dzisiejszy nie chc\u0119 \u201cszufladkowa\u0107\u201d jako g\u00f3rala, typowego zawodnika na generalk\u0119. Czas poka\u017ce.<\/p>\n\n\n\n<p>Co do Ma\u0107ka to r\u00f3wnie\u017c bardzo si\u0119 ciesz\u0119, \u017ce b\u0119d\u0119 mia\u0142 okazj\u0119 z nim wsp\u00f3\u0142pracowa\u0107. Wbrew pozorom z kolarzami z du\u017cym do\u015bwiadczeniem nie pracuje si\u0119 z regu\u0142y \u0142atwo ale wierz\u0119, \u017ce si\u0119 doskonale dogadamy i Body b\u0119dzie kr\u0119ci\u0142 na swoim najwy\u017cszym poziomie.<br><br>W grudniu mieli\u015bmy ju\u017c pierwsze 5 dniowe zgrupowanie w Niemczech. Bez rower\u00f3w i jak co roku pos\u0142u\u017cy\u0142o ono na wykonanie wszelkich bada\u0144, test\u00f3w lekarskich, fizjologicznych czy wydolno\u015bciowych. Do tego zdj\u0119cia i wywiady\u2026 on line.<br><br>Od tygodnia jeste\u015bmy znowu na zgrupowaniu ale ju\u017c z rowerami. Kolarze trenuj\u0105 nad Lago di Garda. Koncentracja raczej na obj\u0119to\u015bci ni\u017c jako\u015bci ze wzgl\u0119du na ni\u017csze temperatury, ale mieli\u015bmy r\u00f3wnie\u017c treningi stricte dla sprinter\u00f3w czy te\u017c pod TTT.<\/p>\n\n\n\n<p>Pierwsze nasze starty odwo\u0142ane. Peter mia\u0142 zacz\u0105\u0107 w Argentynie a tak przesuwa si\u0119 nam pocz\u0105tek start\u00f3w prawdopodobnie na koniec lutego. Zobaczymy, nie jest to naj\u0142atwiejszy okres dla nikogo.<br><br>\u017bycz\u0119 kibicom Bory i wszystkim pasjonatom kolarstwa dobrego Nowego Roku oraz wielu emocji i rado\u015bci przy kibicowaniu przed TV lub na trasach wy\u015bcig\u00f3w<\/p>\n","protected":false},"excerpt":{"rendered":"<p>Od blisko dw\u00f3ch miesi\u0119cy zbiera\u0142em si\u0119 do napisania podsumowania Vuelty, ale po takim czasie nie ma to sensu. Felix dowi\u00f3z\u0142 top10 a dzi\u0119ki zwyci\u0119stwie Pascala w Madrycie sko\u0144czyli\u015bmy sezon z wygranymi etapowymi na wszystkich trzech Grand Tourach. Skomplikowany sezon kt\u00f3ry ko\u0144czymy ca\u0142kiem przyzwoicie. Krotko po Vuelcie mia\u0142em ju\u017c pierwszy meeting&#8230;<\/p>\n","protected":false},"author":1,"featured_media":4643,"comment_status":"closed","ping_status":"closed","sticky":false,"template":"","format":"standard","meta":{"ngg_post_thumbnail":0,"_jetpack_memberships_contains_paid_content":false,"footnotes":""},"categories":[140,3,10],"tags":[],"class_list":["post-4642","post","type-post","status-publish","format-standard","has-post-thumbnail","hentry","category-szmydcoaching","category-trening","category-wyscigi"],"jetpack_featured_media_url":"https:\/\/i0.wp.com\/www.sylwesterszmyd.pl\/wp-content\/uploads\/2021\/01\/138961840_3895244173873067_5380190582345152164_o.jpg?fit=2048%2C1658&ssl=1","jetpack_sharing_enabled":true,"_links":{"self":[{"href":"https:\/\/www.sylwesterszmyd.pl\/index.php?rest_route=\/wp\/v2\/posts\/4642","targetHints":{"allow":["GET"]}}],"collection":[{"href":"https:\/\/www.sylwesterszmyd.pl\/index.php?rest_route=\/wp\/v2\/posts"}],"about":[{"href":"https:\/\/www.sylwesterszmyd.pl\/index.php?rest_route=\/wp\/v2\/types\/post"}],"author":[{"embeddable":true,"href":"https:\/\/www.sylwesterszmyd.pl\/index.php?rest_route=\/wp\/v2\/users\/1"}],"replies":[{"embeddable":true,"href":"https:\/\/www.sylwesterszmyd.pl\/index.php?rest_route=%2Fwp%2Fv2%2Fcomments&post=4642"}],"version-history":[{"count":1,"href":"https:\/\/www.sylwesterszmyd.pl\/index.php?rest_route=\/wp\/v2\/posts\/4642\/revisions"}],"predecessor-version":[{"id":4644,"href":"https:\/\/www.sylwesterszmyd.pl\/index.php?rest_route=\/wp\/v2\/posts\/4642\/revisions\/4644"}],"wp:featuredmedia":[{"embeddable":true,"href":"https:\/\/www.sylwesterszmyd.pl\/index.php?rest_route=\/wp\/v2\/media\/4643"}],"wp:attachment":[{"href":"https:\/\/www.sylwesterszmyd.pl\/index.php?rest_route=%2Fwp%2Fv2%2Fmedia&parent=4642"}],"wp:term":[{"taxonomy":"category","embeddable":true,"href":"https:\/\/www.sylwesterszmyd.pl\/index.php?rest_route=%2Fwp%2Fv2%2Fcategories&post=4642"},{"taxonomy":"post_tag","embeddable":true,"href":"https:\/\/www.sylwesterszmyd.pl\/index.php?rest_route=%2Fwp%2Fv2%2Ftags&post=4642"}],"curies":[{"name":"wp","href":"https:\/\/api.w.org\/{rel}","templated":true}]}}