{"id":4438,"date":"2020-08-27T08:58:00","date_gmt":"2020-08-27T08:58:00","guid":{"rendered":"http:\/\/www.sylwesterszmyd.pl\/?p=4438"},"modified":"2020-08-28T09:09:31","modified_gmt":"2020-08-28T09:09:31","slug":"tak-wiec-jestesmy-na-tdf","status":"publish","type":"post","link":"https:\/\/www.sylwesterszmyd.pl\/?p=4438","title":{"rendered":"Tak wiec, jeste\u015bmy na TdF&#8230;"},"content":{"rendered":"\n<p>Po tak d\u0142ugim czasie bez pisania \u201cod \u015brodka\u201d ci\u0119\u017cko nawet w skr\u00f3cie opisa\u0107 jak si\u0119 rozwija\u0142a sytuacja w ekipie.<\/p>\n\n\n\n<p>Tak wiec, jeste\u015bmy na TdF i wszystko wygl\u0105da na to, \u017ce wystartujemy. Dzi\u015b na treningu rozmawiali\u015bmy z Peterem, \u017ce w\u0142a\u015bnie by\u0142 by &nbsp;ju\u017c na wakacjach po intensywnym sezonie je\u015bli koronawirus by nie przewr\u00f3ci\u0142 wszystkiego do g\u00f3ry nogami. Ja zapewne jeszcze nie, bo mia\u0142em w planach ca\u0142\u0105 Vuetl\u0119 ( i ca\u0142y czas mam). Jad\u0119 z dru\u017cyn\u0105 pierwsze dziesi\u0119\u0107 dni TdF i mam nadziej\u0119, \u017ce b\u0119dzie to dla nas dobry wy\u015bcig.<\/p>\n\n\n\n<p>Dauphine pokaza\u0142 bardzo dobr\u0105 form\u0119 naszego lidera Buchmanna na generalk\u0119, a ja po trzech miesi\u0105cach przygotowa\u0144 mog\u0119 powiedzie\u0107, \u017ce i Peter jest przygotowany optymalnie. Pierwsze wy\u015bcigi pokaza\u0142y r\u00f3\u017cnice miedzy kolarzami kt\u00f3rzy byli zmuszeni do treningu na trena\u017cerze a tymi kt\u00f3rzy mogli swobodnie trenowa\u0107 na szosie. My\u015bl\u0119 jednak, \u017ce na TdF ta r\u00f3\u017cnica ju\u017c si\u0119 zatrze.<\/p>\n\n\n\n<p><br>Patrz\u0105c na pozosta\u0142em moje aktywno\u015bci trenerskie, musz\u0119 podzi\u0119kowa\u0107 za wspania\u0142e wyniki siostrom Pikulik, tak Darii br\u0105zowej medalistce Mistrzostw \u015awiata w omnium jak i Witkce Mistrzyni Polski w m\u0142odzie\u017cowych MP. Du\u017cy progres i wci\u0105\u017c nie odkryte limity dziewczyn.<\/p>\n\n\n\n<p>Niemniej satysfakcji w tym roku sprawia mi r\u00f3wnie\u017c Marta Jaskulska kt\u00f3ra pomimo m\u0142odego wieku \u015bciga si\u0119 i wygrywa jak do\u015bwiadczona zawodniczka. Br\u0105zowy medal na ME na czas, tytu\u0142 Mistrzyni Polski na czas czy wygrane ostatnie dwie etap\u00f3wki w Polsce \u015bwiadcz\u0105 o ogromnym potencjale Marty i du\u017cym wyzwaniu dla mnie.<\/p>\n\n\n\n<p><br>Tak czy inaczej najwa\u017cniejsze jest teraz by kontynuowa\u0107 sezon w takim programie jaki zosta\u0142 og\u0142oszony. Jednak co b\u0119dzie dalej nikt nie wie.<\/p>\n\n\n\n<p>Na temat faworyt\u00f3w si\u0119 nie wypowiadam. Wydaje si\u0119, \u017ce Jumbo Visma jest o krok do przodu przed innymi a Ineos zadziwiaj\u0105co s\u0142abszy ni\u017c nas do tego przyzwyczai\u0142. No i raczej torowiec nie wygra ju\u017c TdF w tym roku\u2026<\/p>\n\n\n\n<p>Postaram si\u0119 by\u0107 bardziej systematyczny w pisaniu. Przerw\u0119 w wy\u015bcigach wykorzysta\u0142em na uko\u0144czenie studi\u00f3w i zdobyciu tytu\u0142u magistra, tak wiec czas nie zosta\u0142 zmarnowany.<\/p>\n","protected":false},"excerpt":{"rendered":"<p>Po tak d\u0142ugim czasie bez pisania \u201cod \u015brodka\u201d ci\u0119\u017cko nawet w skr\u00f3cie opisa\u0107 jak si\u0119 rozwija\u0142a sytuacja w ekipie. Tak wiec, jeste\u015bmy na TdF i wszystko wygl\u0105da na to, \u017ce wystartujemy. Dzi\u015b na treningu rozmawiali\u015bmy z Peterem, \u017ce w\u0142a\u015bnie by\u0142 by &nbsp;ju\u017c na wakacjach po intensywnym sezonie je\u015bli koronawirus by&#8230;<\/p>\n","protected":false},"author":1,"featured_media":4439,"comment_status":"closed","ping_status":"closed","sticky":false,"template":"","format":"standard","meta":{"ngg_post_thumbnail":0,"_jetpack_memberships_contains_paid_content":false,"footnotes":""},"categories":[140,3,10],"tags":[],"class_list":["post-4438","post","type-post","status-publish","format-standard","has-post-thumbnail","hentry","category-szmydcoaching","category-trening","category-wyscigi"],"jetpack_featured_media_url":"https:\/\/i0.wp.com\/www.sylwesterszmyd.pl\/wp-content\/uploads\/2020\/08\/118423800_10159187004674467_5898128417224372591_o.jpg?fit=2000%2C887&ssl=1","jetpack_sharing_enabled":true,"_links":{"self":[{"href":"https:\/\/www.sylwesterszmyd.pl\/index.php?rest_route=\/wp\/v2\/posts\/4438","targetHints":{"allow":["GET"]}}],"collection":[{"href":"https:\/\/www.sylwesterszmyd.pl\/index.php?rest_route=\/wp\/v2\/posts"}],"about":[{"href":"https:\/\/www.sylwesterszmyd.pl\/index.php?rest_route=\/wp\/v2\/types\/post"}],"author":[{"embeddable":true,"href":"https:\/\/www.sylwesterszmyd.pl\/index.php?rest_route=\/wp\/v2\/users\/1"}],"replies":[{"embeddable":true,"href":"https:\/\/www.sylwesterszmyd.pl\/index.php?rest_route=%2Fwp%2Fv2%2Fcomments&post=4438"}],"version-history":[{"count":1,"href":"https:\/\/www.sylwesterszmyd.pl\/index.php?rest_route=\/wp\/v2\/posts\/4438\/revisions"}],"predecessor-version":[{"id":4440,"href":"https:\/\/www.sylwesterszmyd.pl\/index.php?rest_route=\/wp\/v2\/posts\/4438\/revisions\/4440"}],"wp:featuredmedia":[{"embeddable":true,"href":"https:\/\/www.sylwesterszmyd.pl\/index.php?rest_route=\/wp\/v2\/media\/4439"}],"wp:attachment":[{"href":"https:\/\/www.sylwesterszmyd.pl\/index.php?rest_route=%2Fwp%2Fv2%2Fmedia&parent=4438"}],"wp:term":[{"taxonomy":"category","embeddable":true,"href":"https:\/\/www.sylwesterszmyd.pl\/index.php?rest_route=%2Fwp%2Fv2%2Fcategories&post=4438"},{"taxonomy":"post_tag","embeddable":true,"href":"https:\/\/www.sylwesterszmyd.pl\/index.php?rest_route=%2Fwp%2Fv2%2Ftags&post=4438"}],"curies":[{"name":"wp","href":"https:\/\/api.w.org\/{rel}","templated":true}]}}