{"id":4403,"date":"2019-02-09T20:01:47","date_gmt":"2019-02-09T20:01:47","guid":{"rendered":"http:\/\/www.sylwesterszmyd.pl\/?p=4403"},"modified":"2019-05-29T20:03:30","modified_gmt":"2019-05-29T20:03:30","slug":"sezon-startowy-zaczal-sie-i-dla-mnie-na-challenge-mallorca","status":"publish","type":"post","link":"https:\/\/www.sylwesterszmyd.pl\/?p=4403","title":{"rendered":"Sezon startowy zacz\u0105\u0142 si\u0119 i dla mnie na Challenge Mallorca"},"content":{"rendered":"\n<p>Przed wy\u015bcigiem byli\u015bmy cztery dni na kr\u00f3tkim zgrupowaniu z \nzawodnikami startuj\u0105cymi tam i p\u00f3\u017aniej cztery dni wy\u015bcigowe. W Hiszpanii\n by\u0142em w roli coacha, tak wi\u0119c na wy\u015bcigu mia\u0142em w\u0142a\u015bciwie luz. Jako DS \npowinienem wed\u0142ug planu zadebiutowa\u0107 na Tour of Alps.  <\/p>\n\n\n\n<p>Bardzo dobry wy\u015bcig dla nas. Zwyci\u0119stwo i drugie miejsce Emu, do  tego miejsca w top10 na kolejnych dw\u00f3ch wy\u015bcigach trzech innych  zawodnik\u00f3w. Na pro\u015bb\u0119 kolegi coacha zrobi\u0142em test z mleczanem wed\u0142ug  naszego wewn\u0119trznego protoko\u0142u Buchmanowi na dwa dni przed wy\u015bcigiem.  Patrz\u0105c na wyniki a\u017c si\u0119 zdziwi\u0142em, \u017ce nie jedzie w pierwszym wy\u015bcigu z  met\u0105 pod g\u00f3r\u0119 bo uwa\u017ca\u0142em, \u017ce spokojnie by m\u00f3g\u0142 sko\u0144czy\u0107 w top5.  <\/p>\n\n\n\n<p>Dzie\u0144 p\u00f3\u017aniej\npokaza\u0142, \u017ce sta\u0107 go i na du\u017co wi\u0119cej. Odwa\u017cne akcje, bardzo\ndobra forma. Wierz\u0119, \u017ce w jego przypadku b\u0119dzie to pocz\u0105tek\nzwyci\u0119stw. Mo\u017ce w\u0142a\u015bnie potrzebowa\u0142 takiego prze\u0142amania\npsychicznego, by wej\u015b\u0107 na wy\u017cszy poziom. Co z pewno\u015bci\u0105\ninteresuje Polak\u00f3w, Rafa jest na dobrym poziomie i bez stresu\nrealizuje program wy\u015bcigowo \u2013 treningowy do Giro. \n<\/p>\n\n\n\n<p>Z czterech kolarzy\nkt\u00f3rzy s\u0105 pod moj\u0105 opiek\u0105 w tym roku na Majorce by\u0142o dw\u00f3ch,\npozostali dwaj \u015bcigali si\u0119 w Argentynie. No i tam \u0142adna jazda\nErika, kt\u00f3ry my\u015bl\u0119, \u017ce ma du\u017cy potencja\u0142 jako sprinter. W tym\nsezonie jego g\u0142\u00f3wna rola b\u0119dzie polega\u0142a na rozprowadzaniu Sam\nBennett\u2019a.<\/p>\n\n\n\n<p>Za tydzie\u0144 wyje\u017cd\u017cam na zgrupowanie na wysoko\u015b\u0107 na Sierra Nevada  gdzie zostan\u0119 z Peterem i innym kolarzami szykuj\u0105cymi si\u0119 do klasyk\u00f3w a\u017c  do Tirreno Adriatico. Trzy tygodnie ci\u0119\u017ckiej pracy. W\u0142a\u015bciwie ostatni  okres trening\u00f3w dla tych kolarzy. Po MSR rozpoczynamy belgijskie  klasyki.  <\/p>\n\n\n\n<p>Z racji mojej nowej roli i bliskiej pracy z kolarzami, powstrzymam  si\u0119 od cyferek i podawania watt-\u00f3w uzyskiwanych przez kolarzy co by  mog\u0142o interesowa\u0107 najbardziej zaanga\u017cowanych kolarsko kibic\u00f3w a co  zwyk\u0142em dawniej robi\u0107. Niech wyniki kolarzy m\u00f3wi\u0105 zamiast tego, \u017ce s\u0105  oni super przygotowani i kr\u0119c\u0105 \u201cwszystkie\u201d watty.  <\/p>\n","protected":false},"excerpt":{"rendered":"<p>Przed wy\u015bcigiem byli\u015bmy cztery dni na kr\u00f3tkim zgrupowaniu z zawodnikami startuj\u0105cymi tam i p\u00f3\u017aniej cztery dni wy\u015bcigowe. W Hiszpanii by\u0142em w roli coacha, tak wi\u0119c na wy\u015bcigu mia\u0142em w\u0142a\u015bciwie luz. Jako DS powinienem wed\u0142ug planu zadebiutowa\u0107 na Tour of Alps. Bardzo dobry wy\u015bcig dla nas. Zwyci\u0119stwo i drugie miejsce Emu,&#8230;<\/p>\n","protected":false},"author":1,"featured_media":4404,"comment_status":"closed","ping_status":"closed","sticky":false,"template":"","format":"standard","meta":{"ngg_post_thumbnail":0,"_jetpack_memberships_contains_paid_content":false,"footnotes":""},"categories":[140,3,10],"tags":[],"class_list":["post-4403","post","type-post","status-publish","format-standard","has-post-thumbnail","hentry","category-szmydcoaching","category-trening","category-wyscigi"],"jetpack_featured_media_url":"https:\/\/i0.wp.com\/www.sylwesterszmyd.pl\/wp-content\/uploads\/2019\/05\/preview_image.jpg?fit=640%2C426&ssl=1","jetpack_sharing_enabled":true,"_links":{"self":[{"href":"https:\/\/www.sylwesterszmyd.pl\/index.php?rest_route=\/wp\/v2\/posts\/4403","targetHints":{"allow":["GET"]}}],"collection":[{"href":"https:\/\/www.sylwesterszmyd.pl\/index.php?rest_route=\/wp\/v2\/posts"}],"about":[{"href":"https:\/\/www.sylwesterszmyd.pl\/index.php?rest_route=\/wp\/v2\/types\/post"}],"author":[{"embeddable":true,"href":"https:\/\/www.sylwesterszmyd.pl\/index.php?rest_route=\/wp\/v2\/users\/1"}],"replies":[{"embeddable":true,"href":"https:\/\/www.sylwesterszmyd.pl\/index.php?rest_route=%2Fwp%2Fv2%2Fcomments&post=4403"}],"version-history":[{"count":1,"href":"https:\/\/www.sylwesterszmyd.pl\/index.php?rest_route=\/wp\/v2\/posts\/4403\/revisions"}],"predecessor-version":[{"id":4405,"href":"https:\/\/www.sylwesterszmyd.pl\/index.php?rest_route=\/wp\/v2\/posts\/4403\/revisions\/4405"}],"wp:featuredmedia":[{"embeddable":true,"href":"https:\/\/www.sylwesterszmyd.pl\/index.php?rest_route=\/wp\/v2\/media\/4404"}],"wp:attachment":[{"href":"https:\/\/www.sylwesterszmyd.pl\/index.php?rest_route=%2Fwp%2Fv2%2Fmedia&parent=4403"}],"wp:term":[{"taxonomy":"category","embeddable":true,"href":"https:\/\/www.sylwesterszmyd.pl\/index.php?rest_route=%2Fwp%2Fv2%2Fcategories&post=4403"},{"taxonomy":"post_tag","embeddable":true,"href":"https:\/\/www.sylwesterszmyd.pl\/index.php?rest_route=%2Fwp%2Fv2%2Ftags&post=4403"}],"curies":[{"name":"wp","href":"https:\/\/api.w.org\/{rel}","templated":true}]}}