{"id":4351,"date":"2018-06-18T17:04:26","date_gmt":"2018-06-18T17:04:26","guid":{"rendered":"http:\/\/www.sylwesterszmyd.pl\/?p=4351"},"modified":"2018-06-18T17:04:26","modified_gmt":"2018-06-18T17:04:26","slug":"przed-tour-de-france","status":"publish","type":"post","link":"https:\/\/www.sylwesterszmyd.pl\/?p=4351","title":{"rendered":"&#8230; przed Tour de France."},"content":{"rendered":"<p>W\u0142a\u015bciwie g\u0142\u00f3wn\u0105 cz\u0119\u015b\u0107 przygotowa\u0144 do TdF zako\u0144czyli\u015bmy wy\u015bcigiem w Szwajcarii i w S\u0142owenii. Pi\u0119\u0107 tygodni pobytu w USA by\u0142y dla mnie dosy\u0107 d\u0142ugie ale widz\u0119, \u017ce Peter kr\u0119ci ca\u0142kiem przyzwoicie. Na trzyna\u015bcie dni treningowych sp\u0119dzonych w Park City po Tour of California trenowali\u015bmy dziewi\u0119\u0107 razy z czego ponad po\u0142ow\u0119 na MTB wykorzystuj\u0105c tamtejsze znakomicie przygotowane trasy.<\/p>\n<p>Dla mnie plus, \u017ce Peter nie chce by je\u017adzi\u0107 za nim samochodem. Tak wi\u0119c mog\u0119 kr\u0119ci\u0107 razem z kolarzami. To ogromne u\u0142atwienie w pracy trenera jak mo\u017cna kr\u0119ci\u0107 z zawodnikiem ka\u017cdego dnia, nie potrzeba potem siedzie\u0107 za du\u017co przed kompem i &#8222;wr\u00f3\u017cy\u0107&#8221; z liczb.<\/p>\n<p>Po mistrzostwach krajowych jedziemy z Peterem jeszcze na osiem dni na wysoko\u015b\u0107, w pobliskie Alpy i p\u00f3\u017aniej prosto na TdF. <\/p>\n<p>Widz\u0105c tak po Californii jak i Swiss, i\u017c trudno Peterowi wygra\u0107 &#8222;czysty&#8221; finisz ze sprinterami ale tak by\u0142o zawsze. Wiadomo, \u017ce nie na takich etapach b\u0119dzie szuka\u0142 szansy na zwyci\u0119stwo i kolejny zielony koszul. Sam zreszt\u0105 nie okre\u015bla\u0142 si\u0119 nigdy sprinterem.<\/p>\n<p>S\u0105dz\u0119, \u017ce Rafa\u0142 jest na w\u0142a\u015bciwej drodze do sukces\u00f3w na TdF i ufam temu co m\u00f3wi Patxi kt\u00f3ry jest z nim na zgrupowaniu na wysoko\u015bci,\u00a0 \u017ce jest znakomicie przygotowany i na starcie TdF stanie w \u017cyciowej formie. <\/p>\n<p>Poniewa\u017c tak bardzo kibicowa\u0142em Froomowi na Giro to niestety musz\u0119 przyzna\u0107, \u017ce mnie bardzo zawi\u00f3d\u0142 tym, i\u017c uda\u0142o mu si\u0119 sko\u0144czy\u0107 wy\u015bcig. Tak na powa\u017cnie to mo\u017ce i nie planowa\u0142 wygra\u0107 Giro ale \u201emega\u201d kryzys Yates&#8217;a i brak przeciwnik\u00f3w na r\u00f3wnym sobie poziomie a do tego rosn\u0105ca kondycja w drugiej po\u0142owie wy\u015bcigu spowodowa\u0142y, \u017ce nie mia\u0142 innego wyj\u015bcia jak wygra\u0107 Giro.<br \/>\nNa TdF mam jednak nadzieje, \u017ce pojedzie jak ka\u017cdy kto w ostatnich 20 latach pr\u00f3bowa\u0142 jecha\u0107 generalk\u0119 na Giro i Tour i we Francji b\u0119dzie cieniem samego siebie a my kibice tym samym b\u0119dziemy mieli ciekawy wy\u015bcig a nie kolejn\u0105 brazylijsk\u0105 (brytyjska) oper\u0119 mydlan\u0105.<\/p>\n<p>fot. www.corvospro.com<\/p>\n","protected":false},"excerpt":{"rendered":"<p>W\u0142a\u015bciwie g\u0142\u00f3wn\u0105 cz\u0119\u015b\u0107 przygotowa\u0144 do TdF zako\u0144czyli\u015bmy wy\u015bcigiem w Szwajcarii i w S\u0142owenii. Pi\u0119\u0107 tygodni pobytu w USA by\u0142y dla mnie dosy\u0107 d\u0142ugie ale widz\u0119, \u017ce Peter kr\u0119ci ca\u0142kiem przyzwoicie. Na trzyna\u015bcie dni treningowych sp\u0119dzonych w Park City po Tour of California trenowali\u015bmy dziewi\u0119\u0107 razy z czego ponad po\u0142ow\u0119 na&#8230;<\/p>\n","protected":false},"author":1,"featured_media":4352,"comment_status":"closed","ping_status":"closed","sticky":false,"template":"","format":"standard","meta":{"ngg_post_thumbnail":0,"_jetpack_memberships_contains_paid_content":false,"footnotes":""},"categories":[15,141,140,3,10],"tags":[],"class_list":["post-4351","post","type-post","status-publish","format-standard","has-post-thumbnail","hentry","category-komantarze","category-okiem-emeryta","category-szmydcoaching","category-trening","category-wyscigi"],"jetpack_featured_media_url":"https:\/\/i0.wp.com\/www.sylwesterszmyd.pl\/wp-content\/uploads\/2018\/06\/preview_image.jpg?fit=640%2C426&ssl=1","jetpack_sharing_enabled":true,"_links":{"self":[{"href":"https:\/\/www.sylwesterszmyd.pl\/index.php?rest_route=\/wp\/v2\/posts\/4351","targetHints":{"allow":["GET"]}}],"collection":[{"href":"https:\/\/www.sylwesterszmyd.pl\/index.php?rest_route=\/wp\/v2\/posts"}],"about":[{"href":"https:\/\/www.sylwesterszmyd.pl\/index.php?rest_route=\/wp\/v2\/types\/post"}],"author":[{"embeddable":true,"href":"https:\/\/www.sylwesterszmyd.pl\/index.php?rest_route=\/wp\/v2\/users\/1"}],"replies":[{"embeddable":true,"href":"https:\/\/www.sylwesterszmyd.pl\/index.php?rest_route=%2Fwp%2Fv2%2Fcomments&post=4351"}],"version-history":[{"count":1,"href":"https:\/\/www.sylwesterszmyd.pl\/index.php?rest_route=\/wp\/v2\/posts\/4351\/revisions"}],"predecessor-version":[{"id":4353,"href":"https:\/\/www.sylwesterszmyd.pl\/index.php?rest_route=\/wp\/v2\/posts\/4351\/revisions\/4353"}],"wp:featuredmedia":[{"embeddable":true,"href":"https:\/\/www.sylwesterszmyd.pl\/index.php?rest_route=\/wp\/v2\/media\/4352"}],"wp:attachment":[{"href":"https:\/\/www.sylwesterszmyd.pl\/index.php?rest_route=%2Fwp%2Fv2%2Fmedia&parent=4351"}],"wp:term":[{"taxonomy":"category","embeddable":true,"href":"https:\/\/www.sylwesterszmyd.pl\/index.php?rest_route=%2Fwp%2Fv2%2Fcategories&post=4351"},{"taxonomy":"post_tag","embeddable":true,"href":"https:\/\/www.sylwesterszmyd.pl\/index.php?rest_route=%2Fwp%2Fv2%2Ftags&post=4351"}],"curies":[{"name":"wp","href":"https:\/\/api.w.org\/{rel}","templated":true}]}}