{"id":3865,"date":"2016-01-23T20:05:40","date_gmt":"2016-01-23T20:05:40","guid":{"rendered":"http:\/\/www.sylwesterszmyd.pl\/?p=3865"},"modified":"2016-01-26T14:51:56","modified_gmt":"2016-01-26T14:51:56","slug":"po-dluzszej-przerwie","status":"publish","type":"post","link":"https:\/\/www.sylwesterszmyd.pl\/?p=3865","title":{"rendered":"Po d\u0142u\u017cszej przerwie&#8230;"},"content":{"rendered":"<p>Sezon 2016 rozpocz\u0119ty. Dla statystyki, 16 sezon w kolarskim profesjonalnym peletonie. W\u0142a\u015bciwie przygotowania, integracja grupy. W\u0142a\u015bnie wczorajsz\u0105 prezentacj\u0105 dru\u017cyny sko\u0144czyli\u015bmy pierwsze zgrupowanie w Calpe, blisko trzy tygodniowe.<\/p>\n<p>Pogoda by\u0142a ok, mo\u017cna by\u0142o zrobi\u0107 wszystko co sobie za\u0142o\u017cyli\u015bmy. Testy wykonane przez naszego nowego lekarza pokaza\u0142y mi, \u017ce jad\u0119 &#8222;zgodnie z rozk\u0142adem&#8221;. Za par\u0119 dni ju\u017c pierwsze starty i pierwsze mety pod g\u00f3r\u0119. <\/p>\n<p>Nie b\u0119dzie w tym roku spokojnego kr\u0119cenia w ko\u0142ach w ciepe\u0142ku w stylu zesz\u0142orocznego Dubaju na pocz\u0105tek. Od razu do walki. Valencian\u0105 zaczn\u0119 swoje starty od 3go lutego. M\u00f3j cel na sezon to ka\u017cdy wy\u015bcig, ka\u017cda meta pod g\u00f3r\u0119. Bez celowania w cokolwiek. <\/p>\n<p>\u017bycz\u0105c pomy\u015blno\u015bci i wytrwa\u0142o\u015bci w d\u0105\u017ceniu do wyznaczonych cel\u00f3w w Nowym Roku, zapraszam do kibicowania r\u00f3wnie\u017c i w tym sezonie.<br \/>\nfoto: Tomek Piechal<\/p>\n","protected":false},"excerpt":{"rendered":"<p>Sezon 2016 rozpocz\u0119ty. Dla statystyki, 16 sezon w kolarskim profesjonalnym peletonie. W\u0142a\u015bciwie przygotowania, integracja grupy. W\u0142a\u015bnie wczorajsz\u0105 prezentacj\u0105 dru\u017cyny sko\u0144czyli\u015bmy pierwsze zgrupowanie w Calpe, blisko trzy tygodniowe. Pogoda by\u0142a ok, mo\u017cna by\u0142o zrobi\u0107 wszystko co sobie za\u0142o\u017cyli\u015bmy. Testy wykonane przez naszego nowego lekarza pokaza\u0142y mi, \u017ce jad\u0119 &#8222;zgodnie z rozk\u0142adem&#8221;&#8230;.<\/p>\n","protected":false},"author":1,"featured_media":3866,"comment_status":"open","ping_status":"closed","sticky":false,"template":"","format":"standard","meta":{"ngg_post_thumbnail":0,"_jetpack_memberships_contains_paid_content":false,"footnotes":""},"categories":[77,3,10],"tags":[],"class_list":["post-3865","post","type-post","status-publish","format-standard","has-post-thumbnail","hentry","category-ccc-polsat-polkowice","category-trening","category-wyscigi"],"jetpack_featured_media_url":"https:\/\/i0.wp.com\/www.sylwesterszmyd.pl\/wp-content\/uploads\/2016\/01\/DSC_5057.jpg?fit=1500%2C1001&ssl=1","jetpack_sharing_enabled":true,"_links":{"self":[{"href":"https:\/\/www.sylwesterszmyd.pl\/index.php?rest_route=\/wp\/v2\/posts\/3865","targetHints":{"allow":["GET"]}}],"collection":[{"href":"https:\/\/www.sylwesterszmyd.pl\/index.php?rest_route=\/wp\/v2\/posts"}],"about":[{"href":"https:\/\/www.sylwesterszmyd.pl\/index.php?rest_route=\/wp\/v2\/types\/post"}],"author":[{"embeddable":true,"href":"https:\/\/www.sylwesterszmyd.pl\/index.php?rest_route=\/wp\/v2\/users\/1"}],"replies":[{"embeddable":true,"href":"https:\/\/www.sylwesterszmyd.pl\/index.php?rest_route=%2Fwp%2Fv2%2Fcomments&post=3865"}],"version-history":[{"count":3,"href":"https:\/\/www.sylwesterszmyd.pl\/index.php?rest_route=\/wp\/v2\/posts\/3865\/revisions"}],"predecessor-version":[{"id":3891,"href":"https:\/\/www.sylwesterszmyd.pl\/index.php?rest_route=\/wp\/v2\/posts\/3865\/revisions\/3891"}],"wp:featuredmedia":[{"embeddable":true,"href":"https:\/\/www.sylwesterszmyd.pl\/index.php?rest_route=\/wp\/v2\/media\/3866"}],"wp:attachment":[{"href":"https:\/\/www.sylwesterszmyd.pl\/index.php?rest_route=%2Fwp%2Fv2%2Fmedia&parent=3865"}],"wp:term":[{"taxonomy":"category","embeddable":true,"href":"https:\/\/www.sylwesterszmyd.pl\/index.php?rest_route=%2Fwp%2Fv2%2Fcategories&post=3865"},{"taxonomy":"post_tag","embeddable":true,"href":"https:\/\/www.sylwesterszmyd.pl\/index.php?rest_route=%2Fwp%2Fv2%2Ftags&post=3865"}],"curies":[{"name":"wp","href":"https:\/\/api.w.org\/{rel}","templated":true}]}}