{"id":2820,"date":"2015-03-31T20:47:59","date_gmt":"2015-03-31T20:47:59","guid":{"rendered":"http:\/\/www.sylwesterszmyd.pl\/?p=2820"},"modified":"2015-03-31T20:47:59","modified_gmt":"2015-03-31T20:47:59","slug":"noga-nie-byla-najgorsza","status":"publish","type":"post","link":"https:\/\/www.sylwesterszmyd.pl\/?p=2820","title":{"rendered":"Noga nie by\u0142a najgorsza&#8230;"},"content":{"rendered":"<p>Dla dru\u017cyny tegoroczna edycja Vuelty Catalunya pozostanie na zawsze w historii jako pierwsze zwyci\u0119stwo w wy\u015bcigi zaliczaj\u0105cym si\u0119 do cyklu World Tour.<\/p>\n<p>Dla mnie, w stricte indywidualnej ocenie, kolejny wy\u015bcig w ramach przygotowa\u0144 do Giro. Noga nie by\u0142a my\u015bl\u0119 najgorsza, z regu\u0142y przez wiele lat na tym wy\u015bcigu m\u0119czy\u0142em si\u0119 du\u017co bardziej. <\/p>\n<p>W moim przypadku kondycja to jednak nie wszystko. To si\u0119 zgubi\u0142em w deszczu, a to na wietrze, a to guma w decyduj\u0105cym momencie etapu. Na najci\u0119\u017cszym czwartym etapie r\u00f3wnie\u017c s\u0142uszn\u0105 rzecz\u0105 by\u0142o aby ca\u0142a dru\u017cyna da\u0142a z siebie wszystko by pom\u00f3c Ma\u0107kowi dowie\u017a\u0107 jak najlepsz\u0105 pozycj\u0119 w generalce. Ja wierzy\u0142em, \u017ce sta\u0107 go na \u201etop10\u201d przy jego przewadze i odrobinie szcz\u0119\u015bcia.<\/p>\n<p>Przede mn\u0105 ostatnie trzy tygodnie trening\u00f3w, troch\u0119 wysoko\u015bci i wy\u015bcig w Chorwacji pod koniec kwietnia. W mi\u0119dzy czasie pojad\u0119 zobaczy\u0107 niekt\u00f3re etapy Giro d\u2019Italia. Zaczynam ju\u017c jutro&#8230;<\/p>\n","protected":false},"excerpt":{"rendered":"<p>Dla dru\u017cyny tegoroczna edycja Vuelty Catalunya pozostanie na zawsze w historii jako pierwsze zwyci\u0119stwo w wy\u015bcigi zaliczaj\u0105cym si\u0119 do cyklu World Tour. Dla mnie, w stricte indywidualnej ocenie, kolejny wy\u015bcig w ramach przygotowa\u0144 do Giro. Noga nie by\u0142a my\u015bl\u0119 najgorsza, z regu\u0142y przez wiele lat na tym wy\u015bcigu m\u0119czy\u0142em si\u0119&#8230;<\/p>\n","protected":false},"author":1,"featured_media":2821,"comment_status":"open","ping_status":"closed","sticky":false,"template":"","format":"standard","meta":{"ngg_post_thumbnail":0,"_jetpack_memberships_contains_paid_content":false,"footnotes":""},"categories":[3,85,10],"tags":[],"class_list":["post-2820","post","type-post","status-publish","format-standard","has-post-thumbnail","hentry","category-trening","category-volta-ciclista-a-catalunya-2015","category-wyscigi"],"jetpack_featured_media_url":"https:\/\/i0.wp.com\/www.sylwesterszmyd.pl\/wp-content\/uploads\/2015\/03\/11083935_849533975119663_7989956757163937856_n.jpg?fit=960%2C640&ssl=1","jetpack_sharing_enabled":true,"_links":{"self":[{"href":"https:\/\/www.sylwesterszmyd.pl\/index.php?rest_route=\/wp\/v2\/posts\/2820","targetHints":{"allow":["GET"]}}],"collection":[{"href":"https:\/\/www.sylwesterszmyd.pl\/index.php?rest_route=\/wp\/v2\/posts"}],"about":[{"href":"https:\/\/www.sylwesterszmyd.pl\/index.php?rest_route=\/wp\/v2\/types\/post"}],"author":[{"embeddable":true,"href":"https:\/\/www.sylwesterszmyd.pl\/index.php?rest_route=\/wp\/v2\/users\/1"}],"replies":[{"embeddable":true,"href":"https:\/\/www.sylwesterszmyd.pl\/index.php?rest_route=%2Fwp%2Fv2%2Fcomments&post=2820"}],"version-history":[{"count":1,"href":"https:\/\/www.sylwesterszmyd.pl\/index.php?rest_route=\/wp\/v2\/posts\/2820\/revisions"}],"predecessor-version":[{"id":2822,"href":"https:\/\/www.sylwesterszmyd.pl\/index.php?rest_route=\/wp\/v2\/posts\/2820\/revisions\/2822"}],"wp:featuredmedia":[{"embeddable":true,"href":"https:\/\/www.sylwesterszmyd.pl\/index.php?rest_route=\/wp\/v2\/media\/2821"}],"wp:attachment":[{"href":"https:\/\/www.sylwesterszmyd.pl\/index.php?rest_route=%2Fwp%2Fv2%2Fmedia&parent=2820"}],"wp:term":[{"taxonomy":"category","embeddable":true,"href":"https:\/\/www.sylwesterszmyd.pl\/index.php?rest_route=%2Fwp%2Fv2%2Fcategories&post=2820"},{"taxonomy":"post_tag","embeddable":true,"href":"https:\/\/www.sylwesterszmyd.pl\/index.php?rest_route=%2Fwp%2Fv2%2Ftags&post=2820"}],"curies":[{"name":"wp","href":"https:\/\/api.w.org\/{rel}","templated":true}]}}