{"id":2816,"date":"2015-03-27T22:50:17","date_gmt":"2015-03-27T22:50:17","guid":{"rendered":"http:\/\/www.sylwesterszmyd.pl\/?p=2816"},"modified":"2015-03-27T22:50:17","modified_gmt":"2015-03-27T22:50:17","slug":"maciej-dostal-wczoraj-rachunek","status":"publish","type":"post","link":"https:\/\/www.sylwesterszmyd.pl\/?p=2816","title":{"rendered":"Maciej dosta\u0142 wczoraj &#8222;rachunek&#8221;"},"content":{"rendered":"<p>Wczorajszy najci\u0119\u017cszy etap nie okaza\u0142 si\u0119 zbyt \u0142askawy dla wicelidera wy\u015bcigu. P\u00f3ki jeszcze to mia\u0142o sens ci\u0105gn\u0119li\u015bmy i starali\u015bmy si\u0119 ca\u0142\u0105 dru\u017cyn\u0105 pom\u00f3c Paterze doj\u015b\u0107 do czo\u0142\u00f3wki ale tempo z przodu pod Fore by\u0142o jednak zbyt wysokie. Maciej dosta\u0142 wczoraj &#8222;rachunek&#8221; za pi\u0119kne Sanremo i zwyci\u0119stwo po d\u0142ugim odje\u017adzie dzie\u0144 p\u00f3\u017aniej.<\/p>\n<p>Dzi\u015b wiatr \u201epozamiata\u0142\u201d i ze spokojnego teoretycznie etapu dla sprinter\u00f3w mieli\u015bmy grupki i grupeczki.<\/p>\n","protected":false},"excerpt":{"rendered":"<p>Wczorajszy najci\u0119\u017cszy etap nie okaza\u0142 si\u0119 zbyt \u0142askawy dla wicelidera wy\u015bcigu. P\u00f3ki jeszcze to mia\u0142o sens ci\u0105gn\u0119li\u015bmy i starali\u015bmy si\u0119 ca\u0142\u0105 dru\u017cyn\u0105 pom\u00f3c Paterze doj\u015b\u0107 do czo\u0142\u00f3wki ale tempo z przodu pod Fore by\u0142o jednak zbyt wysokie. Maciej dosta\u0142 wczoraj &#8222;rachunek&#8221; za pi\u0119kne Sanremo i zwyci\u0119stwo po d\u0142ugim odje\u017adzie dzie\u0144&#8230;<\/p>\n","protected":false},"author":1,"featured_media":2817,"comment_status":"open","ping_status":"closed","sticky":false,"template":"","format":"standard","meta":{"ngg_post_thumbnail":0,"_jetpack_memberships_contains_paid_content":false,"footnotes":""},"categories":[85],"tags":[],"class_list":["post-2816","post","type-post","status-publish","format-standard","has-post-thumbnail","hentry","category-volta-ciclista-a-catalunya-2015"],"jetpack_featured_media_url":"https:\/\/i0.wp.com\/www.sylwesterszmyd.pl\/wp-content\/uploads\/2015\/03\/2_0203158_1_thumb2.jpg?fit=540%2C360&ssl=1","jetpack_sharing_enabled":true,"_links":{"self":[{"href":"https:\/\/www.sylwesterszmyd.pl\/index.php?rest_route=\/wp\/v2\/posts\/2816","targetHints":{"allow":["GET"]}}],"collection":[{"href":"https:\/\/www.sylwesterszmyd.pl\/index.php?rest_route=\/wp\/v2\/posts"}],"about":[{"href":"https:\/\/www.sylwesterszmyd.pl\/index.php?rest_route=\/wp\/v2\/types\/post"}],"author":[{"embeddable":true,"href":"https:\/\/www.sylwesterszmyd.pl\/index.php?rest_route=\/wp\/v2\/users\/1"}],"replies":[{"embeddable":true,"href":"https:\/\/www.sylwesterszmyd.pl\/index.php?rest_route=%2Fwp%2Fv2%2Fcomments&post=2816"}],"version-history":[{"count":1,"href":"https:\/\/www.sylwesterszmyd.pl\/index.php?rest_route=\/wp\/v2\/posts\/2816\/revisions"}],"predecessor-version":[{"id":2818,"href":"https:\/\/www.sylwesterszmyd.pl\/index.php?rest_route=\/wp\/v2\/posts\/2816\/revisions\/2818"}],"wp:featuredmedia":[{"embeddable":true,"href":"https:\/\/www.sylwesterszmyd.pl\/index.php?rest_route=\/wp\/v2\/media\/2817"}],"wp:attachment":[{"href":"https:\/\/www.sylwesterszmyd.pl\/index.php?rest_route=%2Fwp%2Fv2%2Fmedia&parent=2816"}],"wp:term":[{"taxonomy":"category","embeddable":true,"href":"https:\/\/www.sylwesterszmyd.pl\/index.php?rest_route=%2Fwp%2Fv2%2Fcategories&post=2816"},{"taxonomy":"post_tag","embeddable":true,"href":"https:\/\/www.sylwesterszmyd.pl\/index.php?rest_route=%2Fwp%2Fv2%2Ftags&post=2816"}],"curies":[{"name":"wp","href":"https:\/\/api.w.org\/{rel}","templated":true}]}}