{"id":2680,"date":"2015-03-02T10:26:12","date_gmt":"2015-03-02T10:26:12","guid":{"rendered":"http:\/\/www.sylwesterszmyd.pl\/?p=2680"},"modified":"2015-03-02T10:26:12","modified_gmt":"2015-03-02T10:26:12","slug":"w-lozku","status":"publish","type":"post","link":"https:\/\/www.sylwesterszmyd.pl\/?p=2680","title":{"rendered":"&#8230; w \u0142\u00f3\u017cku"},"content":{"rendered":"<p>Wi\u0119kszo\u015b\u0107 tygodnia po Ruta del Sol min\u0119\u0142a mi na przymusowym odpoczynku w \u0142\u00f3\u017cku w skutek przezi\u0119bienia. Od wczoraj zacz\u0105\u0142em co\u015b tam kr\u0119ci\u0107 i my\u015bl\u0119, \u017ce jest ju\u017c wszystko ok. <\/p>\n<p>Du\u017co nie straci\u0142em, tym bardziej, \u017ce nigdy nie by\u0142em na tak wysokim poziomie w tak wczesnej porze sezonu. W po\u0142owie marca b\u0119d\u0119 na chwil\u0119 w Polsce a p\u00f3\u017aniej kolejne starty 19.03 Nobili i 22.03 Sanremo zaraz przed Cataunya, kt\u00f3ra si\u0119 zacznie 23go.<\/p>\n","protected":false},"excerpt":{"rendered":"<p>Wi\u0119kszo\u015b\u0107 tygodnia po Ruta del Sol min\u0119\u0142a mi na przymusowym odpoczynku w \u0142\u00f3\u017cku w skutek przezi\u0119bienia. Od wczoraj zacz\u0105\u0142em co\u015b tam kr\u0119ci\u0107 i my\u015bl\u0119, \u017ce jest ju\u017c wszystko ok. Du\u017co nie straci\u0142em, tym bardziej, \u017ce nigdy nie by\u0142em na tak wysokim poziomie w tak wczesnej porze sezonu. W po\u0142owie marca&#8230;<\/p>\n","protected":false},"author":1,"featured_media":2681,"comment_status":"open","ping_status":"closed","sticky":false,"template":"","format":"standard","meta":{"ngg_post_thumbnail":0,"_jetpack_memberships_contains_paid_content":false,"footnotes":""},"categories":[3,10],"tags":[],"class_list":["post-2680","post","type-post","status-publish","format-standard","has-post-thumbnail","hentry","category-trening","category-wyscigi"],"jetpack_featured_media_url":"https:\/\/i0.wp.com\/www.sylwesterszmyd.pl\/wp-content\/uploads\/2015\/03\/ro.jpg?fit=1000%2C560&ssl=1","jetpack_sharing_enabled":true,"_links":{"self":[{"href":"https:\/\/www.sylwesterszmyd.pl\/index.php?rest_route=\/wp\/v2\/posts\/2680","targetHints":{"allow":["GET"]}}],"collection":[{"href":"https:\/\/www.sylwesterszmyd.pl\/index.php?rest_route=\/wp\/v2\/posts"}],"about":[{"href":"https:\/\/www.sylwesterszmyd.pl\/index.php?rest_route=\/wp\/v2\/types\/post"}],"author":[{"embeddable":true,"href":"https:\/\/www.sylwesterszmyd.pl\/index.php?rest_route=\/wp\/v2\/users\/1"}],"replies":[{"embeddable":true,"href":"https:\/\/www.sylwesterszmyd.pl\/index.php?rest_route=%2Fwp%2Fv2%2Fcomments&post=2680"}],"version-history":[{"count":1,"href":"https:\/\/www.sylwesterszmyd.pl\/index.php?rest_route=\/wp\/v2\/posts\/2680\/revisions"}],"predecessor-version":[{"id":2682,"href":"https:\/\/www.sylwesterszmyd.pl\/index.php?rest_route=\/wp\/v2\/posts\/2680\/revisions\/2682"}],"wp:featuredmedia":[{"embeddable":true,"href":"https:\/\/www.sylwesterszmyd.pl\/index.php?rest_route=\/wp\/v2\/media\/2681"}],"wp:attachment":[{"href":"https:\/\/www.sylwesterszmyd.pl\/index.php?rest_route=%2Fwp%2Fv2%2Fmedia&parent=2680"}],"wp:term":[{"taxonomy":"category","embeddable":true,"href":"https:\/\/www.sylwesterszmyd.pl\/index.php?rest_route=%2Fwp%2Fv2%2Fcategories&post=2680"},{"taxonomy":"post_tag","embeddable":true,"href":"https:\/\/www.sylwesterszmyd.pl\/index.php?rest_route=%2Fwp%2Fv2%2Ftags&post=2680"}],"curies":[{"name":"wp","href":"https:\/\/api.w.org\/{rel}","templated":true}]}}