{"id":639,"date":"2011-09-14T16:47:31","date_gmt":"2011-09-14T16:47:31","guid":{"rendered":"http:\/\/www.sylwesterszmyd.pl\/?p=639"},"modified":"2011-09-14T16:48:17","modified_gmt":"2011-09-14T16:48:17","slug":"quebec-i-montreal","status":"publish","type":"post","link":"http:\/\/www.sylwesterszmyd.pl\/?p=639","title":{"rendered":"Quebec i Montreal"},"content":{"rendered":"<p><a href=\"https:\/\/i0.wp.com\/szmyd.nazwa.pl\/wp-content\/uploads\/2011\/09\/12.jpg\"><img data-recalc-dims=\"1\" loading=\"lazy\" decoding=\"async\" data-attachment-id=\"640\" data-permalink=\"http:\/\/www.sylwesterszmyd.pl\/?attachment_id=640\" data-orig-file=\"https:\/\/i0.wp.com\/www.sylwesterszmyd.pl\/wp-content\/uploads\/2011\/09\/12.jpg?fit=1500%2C996\" data-orig-size=\"1500,996\" data-comments-opened=\"0\" data-image-meta=\"{&quot;aperture&quot;:&quot;0&quot;,&quot;credit&quot;:&quot;&quot;,&quot;camera&quot;:&quot;&quot;,&quot;caption&quot;:&quot;&quot;,&quot;created_timestamp&quot;:&quot;0&quot;,&quot;copyright&quot;:&quot;&quot;,&quot;focal_length&quot;:&quot;0&quot;,&quot;iso&quot;:&quot;0&quot;,&quot;shutter_speed&quot;:&quot;0&quot;,&quot;title&quot;:&quot;&quot;}\" data-image-title=\"12\" data-image-description=\"\" data-image-caption=\"\" data-medium-file=\"https:\/\/i0.wp.com\/www.sylwesterszmyd.pl\/wp-content\/uploads\/2011\/09\/12.jpg?fit=300%2C199\" data-large-file=\"https:\/\/i0.wp.com\/www.sylwesterszmyd.pl\/wp-content\/uploads\/2011\/09\/12.jpg?fit=790%2C524\" src=\"https:\/\/i0.wp.com\/szmyd.nazwa.pl\/wp-content\/uploads\/2011\/09\/12.jpg?resize=790%2C525\" alt=\"\" title=\"12\" width=\"790\" height=\"525\" class=\"alignleft size-full wp-image-640\" srcset=\"https:\/\/i0.wp.com\/www.sylwesterszmyd.pl\/wp-content\/uploads\/2011\/09\/12.jpg?w=1500 1500w, https:\/\/i0.wp.com\/www.sylwesterszmyd.pl\/wp-content\/uploads\/2011\/09\/12.jpg?resize=300%2C199 300w, https:\/\/i0.wp.com\/www.sylwesterszmyd.pl\/wp-content\/uploads\/2011\/09\/12.jpg?resize=1024%2C679 1024w\" sizes=\"auto, (max-width: 790px) 100vw, 790px\" \/><\/a><br \/>\nPierwszy z wy\u015bcig\u00f3w by\u0142 dla mnie bardzo ci\u0119\u017cki, kr\u00f3tka i kr\u0119ta runda, g\u00f3ra-d\u00f3\u0142 i sztywne \u201ehopki\u201d. Natomiast drugi by\u0142 ca\u0142kiem inny, \u0142adna i ci\u0119\u017cka runda, prawie 3500m przewy\u017cszenia. Na pocz\u0105tku wy\u015bcigu stara\u0142em si\u0119 odjecha\u0107 pod g\u00f3r\u0119 i tak atakowa\u0142em na ka\u017cdym podje\u017adzie przez cztery rundy&#8230; ale na tyle si\u0119 to zda\u0142o, \u017ce miedzy podjazdami odjecha\u0142o czterech kolarzy a ja si\u0119 nie zabra\u0142em.<\/p>\n<p>Organizacja wy\u015bcig\u00f3w by\u0142a super, kto ogl\u0105da\u0142 relacj\u0119 w telewizji widzia\u0142 t\u0142umy ludzi w Montrealu, osobi\u015bcie na trasie s\u0142ysza\u0142em wielu Polak\u00f3w. Przy okazji dzi\u0119kuj\u0119 polskiej rodzinie Petrus z Kanady za kibicowanie tak w Colorado jak i na obu wy\u015bcigach kanadyjskich&#8230; jak r\u00f3wnie\u017c za go\u015bcin\u0119 u siebie w domu. Poza tym wiedzia\u0142em, \u017ce Polonia kanadyjska jest bardzo \u017cyczliwa i otwarta dla rodak\u00f3w.<\/p>\n<p>Noga ju\u017c nie ta, odczuwam og\u00f3lne zm\u0119czenie. Wy\u015bcigi te by\u0142y dla mnie ostatnimi w tym sezonie. By\u0142 to najkr\u00f3tszy sezon odk\u0105d si\u0119 \u015bcigam, nawet w m\u0142odzikach czy juniorach m\u0142odszych \u015bciga\u0142em si\u0119 do ostatniego wy\u015bcigu w pa\u017adzierniku. Ale skoro takie s\u0105 decyzje i plany startowe ekipy, to ja zaczn\u0119 ju\u017c powoli prac\u0119 nad przysz\u0142ym sezonem. Mo\u017ce przez to oka\u017ce si\u0119 najlepszym ze wszystkich \ud83d\ude42<\/p>\n<p>Wiele os\u00f3b pyta jakie plany na przysz\u0142y sezon, dla przypomnienia podpisa\u0142em dwuletni kontrakt z Liquigasem wi\u0119c nadal kontynuuje \u015bciganie w tej grupie.<\/p>\n<p>foto: Adam Petrus<\/p>\n","protected":false},"excerpt":{"rendered":"<p>Pierwszy z wy\u015bcig\u00f3w by\u0142 dla mnie bardzo ci\u0119\u017cki, kr\u00f3tka i kr\u0119ta runda, g\u00f3ra-d\u00f3\u0142 i sztywne \u201ehopki\u201d. Natomiast drugi by\u0142 ca\u0142kiem inny, \u0142adna i ci\u0119\u017cka runda, prawie 3500m przewy\u017cszenia. Na pocz\u0105tku wy\u015bcigu stara\u0142em si\u0119 odjecha\u0107 pod g\u00f3r\u0119 i tak atakowa\u0142em na ka\u017cdym podje\u017adzie przez cztery rundy&#8230; ale na tyle si\u0119 to&#8230;<\/p>\n","protected":false},"author":1,"featured_media":0,"comment_status":"open","ping_status":"closed","sticky":false,"template":"","format":"standard","meta":{"ngg_post_thumbnail":0,"_jetpack_memberships_contains_paid_content":false,"footnotes":""},"categories":[35,10],"tags":[],"class_list":["post-639","post","type-post","status-publish","format-standard","hentry","category-the-quiznos-challange-colorado-2011","category-wyscigi"],"jetpack_featured_media_url":"","jetpack_sharing_enabled":true,"_links":{"self":[{"href":"http:\/\/www.sylwesterszmyd.pl\/index.php?rest_route=\/wp\/v2\/posts\/639","targetHints":{"allow":["GET"]}}],"collection":[{"href":"http:\/\/www.sylwesterszmyd.pl\/index.php?rest_route=\/wp\/v2\/posts"}],"about":[{"href":"http:\/\/www.sylwesterszmyd.pl\/index.php?rest_route=\/wp\/v2\/types\/post"}],"author":[{"embeddable":true,"href":"http:\/\/www.sylwesterszmyd.pl\/index.php?rest_route=\/wp\/v2\/users\/1"}],"replies":[{"embeddable":true,"href":"http:\/\/www.sylwesterszmyd.pl\/index.php?rest_route=%2Fwp%2Fv2%2Fcomments&post=639"}],"version-history":[{"count":2,"href":"http:\/\/www.sylwesterszmyd.pl\/index.php?rest_route=\/wp\/v2\/posts\/639\/revisions"}],"predecessor-version":[{"id":642,"href":"http:\/\/www.sylwesterszmyd.pl\/index.php?rest_route=\/wp\/v2\/posts\/639\/revisions\/642"}],"wp:attachment":[{"href":"http:\/\/www.sylwesterszmyd.pl\/index.php?rest_route=%2Fwp%2Fv2%2Fmedia&parent=639"}],"wp:term":[{"taxonomy":"category","embeddable":true,"href":"http:\/\/www.sylwesterszmyd.pl\/index.php?rest_route=%2Fwp%2Fv2%2Fcategories&post=639"},{"taxonomy":"post_tag","embeddable":true,"href":"http:\/\/www.sylwesterszmyd.pl\/index.php?rest_route=%2Fwp%2Fv2%2Ftags&post=639"}],"curies":[{"name":"wp","href":"https:\/\/api.w.org\/{rel}","templated":true}]}}