{"id":619,"date":"2011-08-25T23:55:18","date_gmt":"2011-08-25T23:55:18","guid":{"rendered":"http:\/\/www.sylwesterszmyd.pl\/?p=619"},"modified":"2011-08-26T10:16:17","modified_gmt":"2011-08-26T10:16:17","slug":"non-tienes-fisico","status":"publish","type":"post","link":"http:\/\/www.sylwesterszmyd.pl\/?p=619","title":{"rendered":"Non tienes fisico"},"content":{"rendered":"<p><a href=\"https:\/\/i0.wp.com\/szmyd.nazwa.pl\/wp-content\/uploads\/2011\/08\/CORVOS_00017789-021.jpg\"><img data-recalc-dims=\"1\" loading=\"lazy\" decoding=\"async\" data-attachment-id=\"622\" data-permalink=\"http:\/\/www.sylwesterszmyd.pl\/?attachment_id=622\" data-orig-file=\"https:\/\/i0.wp.com\/www.sylwesterszmyd.pl\/wp-content\/uploads\/2011\/08\/CORVOS_00017789-021.jpg?fit=512%2C341\" data-orig-size=\"512,341\" data-comments-opened=\"0\" data-image-meta=\"{&quot;aperture&quot;:&quot;0&quot;,&quot;credit&quot;:&quot;&quot;,&quot;camera&quot;:&quot;&quot;,&quot;caption&quot;:&quot;&quot;,&quot;created_timestamp&quot;:&quot;0&quot;,&quot;copyright&quot;:&quot;&quot;,&quot;focal_length&quot;:&quot;0&quot;,&quot;iso&quot;:&quot;0&quot;,&quot;shutter_speed&quot;:&quot;0&quot;,&quot;title&quot;:&quot;&quot;}\" data-image-title=\"CORVOS_00017789-021\" data-image-description=\"\" data-image-caption=\"\" data-medium-file=\"https:\/\/i0.wp.com\/www.sylwesterszmyd.pl\/wp-content\/uploads\/2011\/08\/CORVOS_00017789-021.jpg?fit=300%2C199\" data-large-file=\"https:\/\/i0.wp.com\/www.sylwesterszmyd.pl\/wp-content\/uploads\/2011\/08\/CORVOS_00017789-021.jpg?fit=512%2C341\" class=\"alignleft size-full wp-image-622\" title=\"CORVOS_00017789-021\" src=\"https:\/\/i0.wp.com\/szmyd.nazwa.pl\/wp-content\/uploads\/2011\/08\/CORVOS_00017789-021.jpg?resize=512%2C341\" alt=\"\" width=\"512\" height=\"341\" srcset=\"https:\/\/i0.wp.com\/www.sylwesterszmyd.pl\/wp-content\/uploads\/2011\/08\/CORVOS_00017789-021.jpg?w=512 512w, https:\/\/i0.wp.com\/www.sylwesterszmyd.pl\/wp-content\/uploads\/2011\/08\/CORVOS_00017789-021.jpg?resize=300%2C199 300w\" sizes=\"auto, (max-width: 512px) 100vw, 512px\" \/><\/a><\/p>\n<p>&#8230; jak by mi powiedzia\u0142 i zwyk\u0142 m\u00f3wi\u0107 Purito. Nie spodziewa\u0142em si\u0119, \u017ce b\u0119dzie mi tak ci\u0119\u017cko zaaklimatyzowa\u0107 si\u0119, my\u015bla\u0142em, \u017ce wysoko\u015b\u0107 b\u0119dzie po mojej stronie. Wczoraj jeszcze przed ostatnim podjazdem mia\u0142em oznaki niedotlenienia, dos\u0142ownie, kr\u0119ci\u0142o mi si\u0119 w g\u0142owie, szybki kr\u00f3tki oddech, problemy z koncentracj\u0105 a po etapie mia\u0142em tak przekrwione oczy, \u017ce m\u00f3g\u0142bym wyst\u0119powa\u0107 w jakim\u015b horrorze. Dzi\u015b du\u017co lepiej, szkoda, \u017ce prawie po wy\u015bcigu, ale nie o tym.<\/p>\n<p>Purito jak zawsze si\u0119 potwierdzi\u0142 na sztywnych ko\u0144c\u00f3wkach. Liquigas dzi\u015b by\u0142 fenomenalny, a najbardziej Peter, imponuje mi, powtarzam si\u0119, ale i dzi\u015b zrobi\u0142 wszystko by wygra\u0142 Nibali. Zachowuj\u0105c jednak do ko\u0144ca zimn\u0105 krew i bystro\u015b\u0107 umys\u0142u by m\u00f3c w ostatecznym momencie uratowa\u0107 twarz ekipy, o co chodzi\u0142o Agnolemu to i my nie wiemy&#8230;<\/p>\n<p>Nie ukrywam, \u017ce patrz\u0105c na Vuelte \u0142ezka w oku si\u0119 kr\u0119ci&#8230; kiedy\u015b sko\u0144czy\u0142em j\u0105 czternasty i mam nadziej\u0119, \u017ce b\u0119d\u0119 m\u00f3g\u0142 jeszcze tam wr\u00f3ci\u0107 by spr\u00f3bowa\u0107 walczy\u0107 o generalk\u0119. Chcia\u0142oby si\u0119&#8230; zn\u00f3w zagina\u0107, koncentrowa\u0107 przez 21 dni walcz\u0105c z samym sob\u0105&#8230;<\/p>\n<p>foto: corvospro<\/p>\n","protected":false},"excerpt":{"rendered":"<p>&#8230; jak by mi powiedzia\u0142 i zwyk\u0142 m\u00f3wi\u0107 Purito. Nie spodziewa\u0142em si\u0119, \u017ce b\u0119dzie mi tak ci\u0119\u017cko zaaklimatyzowa\u0107 si\u0119, my\u015bla\u0142em, \u017ce wysoko\u015b\u0107 b\u0119dzie po mojej stronie. Wczoraj jeszcze przed ostatnim podjazdem mia\u0142em oznaki niedotlenienia, dos\u0142ownie, kr\u0119ci\u0142o mi si\u0119 w g\u0142owie, szybki kr\u00f3tki oddech, problemy z koncentracj\u0105 a po etapie mia\u0142em&#8230;<\/p>\n","protected":false},"author":1,"featured_media":0,"comment_status":"open","ping_status":"closed","sticky":false,"template":"","format":"standard","meta":{"ngg_post_thumbnail":0,"_jetpack_memberships_contains_paid_content":false,"footnotes":""},"categories":[15,35],"tags":[],"class_list":["post-619","post","type-post","status-publish","format-standard","hentry","category-komantarze","category-the-quiznos-challange-colorado-2011"],"jetpack_featured_media_url":"","jetpack_sharing_enabled":true,"_links":{"self":[{"href":"http:\/\/www.sylwesterszmyd.pl\/index.php?rest_route=\/wp\/v2\/posts\/619","targetHints":{"allow":["GET"]}}],"collection":[{"href":"http:\/\/www.sylwesterszmyd.pl\/index.php?rest_route=\/wp\/v2\/posts"}],"about":[{"href":"http:\/\/www.sylwesterszmyd.pl\/index.php?rest_route=\/wp\/v2\/types\/post"}],"author":[{"embeddable":true,"href":"http:\/\/www.sylwesterszmyd.pl\/index.php?rest_route=\/wp\/v2\/users\/1"}],"replies":[{"embeddable":true,"href":"http:\/\/www.sylwesterszmyd.pl\/index.php?rest_route=%2Fwp%2Fv2%2Fcomments&post=619"}],"version-history":[{"count":3,"href":"http:\/\/www.sylwesterszmyd.pl\/index.php?rest_route=\/wp\/v2\/posts\/619\/revisions"}],"predecessor-version":[{"id":621,"href":"http:\/\/www.sylwesterszmyd.pl\/index.php?rest_route=\/wp\/v2\/posts\/619\/revisions\/621"}],"wp:attachment":[{"href":"http:\/\/www.sylwesterszmyd.pl\/index.php?rest_route=%2Fwp%2Fv2%2Fmedia&parent=619"}],"wp:term":[{"taxonomy":"category","embeddable":true,"href":"http:\/\/www.sylwesterszmyd.pl\/index.php?rest_route=%2Fwp%2Fv2%2Fcategories&post=619"},{"taxonomy":"post_tag","embeddable":true,"href":"http:\/\/www.sylwesterszmyd.pl\/index.php?rest_route=%2Fwp%2Fv2%2Ftags&post=619"}],"curies":[{"name":"wp","href":"https:\/\/api.w.org\/{rel}","templated":true}]}}