{"id":607,"date":"2011-08-19T18:09:45","date_gmt":"2011-08-19T18:09:45","guid":{"rendered":"http:\/\/www.sylwesterszmyd.pl\/?p=607"},"modified":"2011-08-23T16:26:46","modified_gmt":"2011-08-23T16:26:46","slug":"od-wczoraj-jestem-juz-w-colorado","status":"publish","type":"post","link":"http:\/\/www.sylwesterszmyd.pl\/?p=607","title":{"rendered":"Od wczoraj jestem ju\u017c w Colorado"},"content":{"rendered":"<p>Minione trzy tygodnie sp\u0119dzi\u0142em spokojnie w domu. Dobrze sp\u0119dzony czas na odpoczynku i treningu w \u0142adnej s\u0142onecznej pogodzie. Po Camaiore odczuwa\u0142em ju\u017c du\u017co mniejsze zm\u0119czenie po TdF i wr\u00f3ci\u0142em do jazdy po du\u017cych g\u00f3rach, trenuj\u0105c czasem jak przed Giro z Rebellinem.<\/p>\n<p>Apropo ciesz\u0119 si\u0119, \u017ce zn\u00f3w wygra\u0142 bo ci\u0119\u017cko chyba w naszym towarzystwie znale\u017a\u0107 tak niesamowitego profesjonalist\u0119 jak on a i kogo\u015b kto trenuje z takim zagi\u0119ciem jak Davide. Tylko si\u0119 uczy\u0107 i ju\u017c mu nadmieni\u0142em by\u015bmy jesieni\u0105 zrobili sobie ma\u0142e pogadanki na temat trening\u00f3w.<\/p>\n<p>Po Colorado zostan\u0119 tutaj a\u017c do klasyk\u00f3w w Kanadzie tak wi\u0119c do Europy wr\u00f3c\u0119 w po\u0142owie wrze\u015bnia&#8230; a p\u00f3\u017aniej jeszcze nie wiem. MS raczej nie, bo&#8230; bo na pewno co\u015b. Mo\u017ce ostatnie klasyki, zobaczymy. Na koniec sezonu do Japoni czy Chin nie chcia\u0142 bym ju\u017c raczej lecie\u0107.<\/p>\nngg_shortcode_0_placeholder\n","protected":false},"excerpt":{"rendered":"<p>Minione trzy tygodnie sp\u0119dzi\u0142em spokojnie w domu. Dobrze sp\u0119dzony czas na odpoczynku i treningu w \u0142adnej s\u0142onecznej pogodzie. Po Camaiore odczuwa\u0142em ju\u017c du\u017co mniejsze zm\u0119czenie po TdF i wr\u00f3ci\u0142em do jazdy po du\u017cych g\u00f3rach, trenuj\u0105c czasem jak przed Giro z Rebellinem. Apropo ciesz\u0119 si\u0119, \u017ce zn\u00f3w wygra\u0142 bo ci\u0119\u017cko chyba&#8230;<\/p>\n","protected":false},"author":1,"featured_media":0,"comment_status":"open","ping_status":"closed","sticky":false,"template":"","format":"standard","meta":{"ngg_post_thumbnail":0,"_jetpack_memberships_contains_paid_content":false,"footnotes":""},"categories":[35,3,10],"tags":[],"class_list":["post-607","post","type-post","status-publish","format-standard","hentry","category-the-quiznos-challange-colorado-2011","category-trening","category-wyscigi"],"jetpack_featured_media_url":"","jetpack_sharing_enabled":true,"_links":{"self":[{"href":"http:\/\/www.sylwesterszmyd.pl\/index.php?rest_route=\/wp\/v2\/posts\/607","targetHints":{"allow":["GET"]}}],"collection":[{"href":"http:\/\/www.sylwesterszmyd.pl\/index.php?rest_route=\/wp\/v2\/posts"}],"about":[{"href":"http:\/\/www.sylwesterszmyd.pl\/index.php?rest_route=\/wp\/v2\/types\/post"}],"author":[{"embeddable":true,"href":"http:\/\/www.sylwesterszmyd.pl\/index.php?rest_route=\/wp\/v2\/users\/1"}],"replies":[{"embeddable":true,"href":"http:\/\/www.sylwesterszmyd.pl\/index.php?rest_route=%2Fwp%2Fv2%2Fcomments&post=607"}],"version-history":[{"count":4,"href":"http:\/\/www.sylwesterszmyd.pl\/index.php?rest_route=\/wp\/v2\/posts\/607\/revisions"}],"predecessor-version":[{"id":609,"href":"http:\/\/www.sylwesterszmyd.pl\/index.php?rest_route=\/wp\/v2\/posts\/607\/revisions\/609"}],"wp:attachment":[{"href":"http:\/\/www.sylwesterszmyd.pl\/index.php?rest_route=%2Fwp%2Fv2%2Fmedia&parent=607"}],"wp:term":[{"taxonomy":"category","embeddable":true,"href":"http:\/\/www.sylwesterszmyd.pl\/index.php?rest_route=%2Fwp%2Fv2%2Fcategories&post=607"},{"taxonomy":"post_tag","embeddable":true,"href":"http:\/\/www.sylwesterszmyd.pl\/index.php?rest_route=%2Fwp%2Fv2%2Ftags&post=607"}],"curies":[{"name":"wp","href":"https:\/\/api.w.org\/{rel}","templated":true}]}}