{"id":601,"date":"2011-08-07T17:11:14","date_gmt":"2011-08-07T17:11:14","guid":{"rendered":"http:\/\/www.sylwesterszmyd.pl\/?p=601"},"modified":"2011-08-07T17:11:14","modified_gmt":"2011-08-07T17:11:14","slug":"emocji-bylo-duzo","status":"publish","type":"post","link":"http:\/\/www.sylwesterszmyd.pl\/?p=601","title":{"rendered":"Emocji by\u0142o du\u017co"},"content":{"rendered":"<p><a href=\"https:\/\/i0.wp.com\/szmyd.nazwa.pl\/wp-content\/uploads\/2011\/08\/Pitoro.jpg\"><img data-recalc-dims=\"1\" loading=\"lazy\" decoding=\"async\" data-attachment-id=\"602\" data-permalink=\"http:\/\/www.sylwesterszmyd.pl\/?attachment_id=602\" data-orig-file=\"https:\/\/i0.wp.com\/www.sylwesterszmyd.pl\/wp-content\/uploads\/2011\/08\/Pitoro.jpg?fit=768%2C576\" data-orig-size=\"768,576\" data-comments-opened=\"0\" data-image-meta=\"{&quot;aperture&quot;:&quot;4.2&quot;,&quot;credit&quot;:&quot;&quot;,&quot;camera&quot;:&quot;u7010,S7010&quot;,&quot;caption&quot;:&quot;&quot;,&quot;created_timestamp&quot;:&quot;1312631411&quot;,&quot;copyright&quot;:&quot;&quot;,&quot;focal_length&quot;:&quot;16.3&quot;,&quot;iso&quot;:&quot;64&quot;,&quot;shutter_speed&quot;:&quot;0.0015625&quot;,&quot;title&quot;:&quot;OLYMPUS DIGITAL CAMERA&quot;}\" data-image-title=\"OLYMPUS DIGITAL CAMERA\" data-image-description=\"\" data-image-caption=\"\" data-medium-file=\"https:\/\/i0.wp.com\/www.sylwesterszmyd.pl\/wp-content\/uploads\/2011\/08\/Pitoro.jpg?fit=300%2C225\" data-large-file=\"https:\/\/i0.wp.com\/www.sylwesterszmyd.pl\/wp-content\/uploads\/2011\/08\/Pitoro.jpg?fit=768%2C576\" class=\"alignleft size-full wp-image-602\" title=\"OLYMPUS DIGITAL CAMERA\" src=\"https:\/\/i0.wp.com\/szmyd.nazwa.pl\/wp-content\/uploads\/2011\/08\/Pitoro.jpg?resize=768%2C576\" alt=\"\" width=\"768\" height=\"576\" srcset=\"https:\/\/i0.wp.com\/www.sylwesterszmyd.pl\/wp-content\/uploads\/2011\/08\/Pitoro.jpg?w=768 768w, https:\/\/i0.wp.com\/www.sylwesterszmyd.pl\/wp-content\/uploads\/2011\/08\/Pitoro.jpg?resize=300%2C225 300w\" sizes=\"auto, (max-width: 768px) 100vw, 768px\" \/><\/a><\/p>\n<p>Na pewno si\u0119 powt\u00f3rz\u0119 jak napisz\u0119, \u017ce Sagan naprawd\u0119 mi imponuje. Talent talentem, ale sam spos\u00f3b jazdy, rozgrywanie ko\u0144c\u00f3wek, umiej\u0119tno\u015b\u0107 \u015bcigania si\u0119 i charakter te\u017c ma nieprzeci\u0119tny. Zreszt\u0105 po zwyci\u0119stwie w Cieszynie nie mia\u0142em w\u0105tpliwo\u015bci, \u017ce to on wygra tegoroczny TdP.<\/p>\n<p>Poza tym taki jest nasz narodowy Tour, wy\u015bcig idealny dla ludzi silnych, szybkich i nawet je\u015bli mamy na etapie 10 kilkusetmetrowych \u201ehopk\u00f3w\u201d to \u017caden to problem dla kogo\u015b dobrze przygotowanego. Wiem, co innego m\u00f3wili znawcy kolarstwa w mediach (baaaaardzo du\u017ce g\u00f3ry, baaaaardzo ci\u0119\u017cki etap), ale trzeba si\u0119 przyzwyczai\u0107, \u017ce przy okazji TdP tych znawc\u00f3w wyrasta  zawsze jak grzyb\u00f3w po deszczu w lesie&#8230;<\/p>\n<p>W pi\u0105tek by\u0142o wida\u0107, \u017ce na 25km do mety grupa wci\u0105\u017c liczy\u0142a 90 ludzi a Sagan wa\u017c\u0105cy blisko 75kg nie jecha\u0142 dalej ni\u017c na 5 pozycji. Martin cho\u0107 pokaza\u0142, \u017ce by\u0142 najlepszy w g\u00f3rach to nie wystarczy\u0142o by wygra\u0107 ponownie ca\u0142y wy\u015bcig.<\/p>\n<p>Huzar najlepszy z Polak\u00f3w, najr\u00f3wniejszy, przez co zas\u0142u\u017cenie w top10, Go\u0142y r\u00f3wnie\u017c zapracowa\u0142 na \u201ekoszul\u201d g\u00f3rala bo i przy okazji by\u0142 najbardziej w moim odczuciu widocznym polskim kolarzem.<\/p>\n<p>Musz\u0119 przyzna\u0107, \u017ce emocji by\u0142o du\u017co nawet dla mnie- kibica siedz\u0105cego w domu, szczeg\u00f3lnie na dw\u00f3ch ostatnich etapach.<\/p>\n<p>Sam odpoczywa\u0142em, troch\u0119 je\u017adzi\u0142em, \u015bciga\u0142em si\u0119 na Camaiore gdzie mieszka\u0142em przez ponad 10 lat a teraz zaczn\u0119 wraca\u0107 do regularnych trening\u00f3w przed wylotem do Colorado.<\/p>\n<p>foto: <a href=\"http:\/\/www.gpcamaiore.it\" target=\"_blank\">www.gpcamaiore.it<\/a><\/p>\n","protected":false},"excerpt":{"rendered":"<p>Na pewno si\u0119 powt\u00f3rz\u0119 jak napisz\u0119, \u017ce Sagan naprawd\u0119 mi imponuje. Talent talentem, ale sam spos\u00f3b jazdy, rozgrywanie ko\u0144c\u00f3wek, umiej\u0119tno\u015b\u0107 \u015bcigania si\u0119 i charakter te\u017c ma nieprzeci\u0119tny. Zreszt\u0105 po zwyci\u0119stwie w Cieszynie nie mia\u0142em w\u0105tpliwo\u015bci, \u017ce to on wygra tegoroczny TdP. Poza tym taki jest nasz narodowy Tour, wy\u015bcig idealny&#8230;<\/p>\n","protected":false},"author":1,"featured_media":0,"comment_status":"open","ping_status":"closed","sticky":false,"template":"","format":"standard","meta":{"ngg_post_thumbnail":0,"_jetpack_memberships_contains_paid_content":false,"footnotes":""},"categories":[15,10],"tags":[],"class_list":["post-601","post","type-post","status-publish","format-standard","hentry","category-komantarze","category-wyscigi"],"jetpack_featured_media_url":"","jetpack_sharing_enabled":true,"_links":{"self":[{"href":"http:\/\/www.sylwesterszmyd.pl\/index.php?rest_route=\/wp\/v2\/posts\/601","targetHints":{"allow":["GET"]}}],"collection":[{"href":"http:\/\/www.sylwesterszmyd.pl\/index.php?rest_route=\/wp\/v2\/posts"}],"about":[{"href":"http:\/\/www.sylwesterszmyd.pl\/index.php?rest_route=\/wp\/v2\/types\/post"}],"author":[{"embeddable":true,"href":"http:\/\/www.sylwesterszmyd.pl\/index.php?rest_route=\/wp\/v2\/users\/1"}],"replies":[{"embeddable":true,"href":"http:\/\/www.sylwesterszmyd.pl\/index.php?rest_route=%2Fwp%2Fv2%2Fcomments&post=601"}],"version-history":[{"count":1,"href":"http:\/\/www.sylwesterszmyd.pl\/index.php?rest_route=\/wp\/v2\/posts\/601\/revisions"}],"predecessor-version":[{"id":603,"href":"http:\/\/www.sylwesterszmyd.pl\/index.php?rest_route=\/wp\/v2\/posts\/601\/revisions\/603"}],"wp:attachment":[{"href":"http:\/\/www.sylwesterszmyd.pl\/index.php?rest_route=%2Fwp%2Fv2%2Fmedia&parent=601"}],"wp:term":[{"taxonomy":"category","embeddable":true,"href":"http:\/\/www.sylwesterszmyd.pl\/index.php?rest_route=%2Fwp%2Fv2%2Fcategories&post=601"},{"taxonomy":"post_tag","embeddable":true,"href":"http:\/\/www.sylwesterszmyd.pl\/index.php?rest_route=%2Fwp%2Fv2%2Ftags&post=601"}],"curies":[{"name":"wp","href":"https:\/\/api.w.org\/{rel}","templated":true}]}}