{"id":598,"date":"2011-07-28T19:14:44","date_gmt":"2011-07-28T19:14:44","guid":{"rendered":"http:\/\/www.sylwesterszmyd.pl\/?p=598"},"modified":"2011-07-28T19:14:44","modified_gmt":"2011-07-28T19:14:44","slug":"nigdy-nie-jest-za-pozno-na-nauke","status":"publish","type":"post","link":"http:\/\/www.sylwesterszmyd.pl\/?p=598","title":{"rendered":"Nigdy nie jest za p\u00f3\u017ano na nauk\u0119"},"content":{"rendered":"<p><a href=\"https:\/\/i0.wp.com\/szmyd.nazwa.pl\/wp-content\/uploads\/2011\/07\/6.jpg\"><img data-recalc-dims=\"1\" loading=\"lazy\" decoding=\"async\" data-attachment-id=\"599\" data-permalink=\"http:\/\/www.sylwesterszmyd.pl\/?attachment_id=599\" data-orig-file=\"https:\/\/i0.wp.com\/www.sylwesterszmyd.pl\/wp-content\/uploads\/2011\/07\/6.jpg?fit=1000%2C664\" data-orig-size=\"1000,664\" data-comments-opened=\"0\" data-image-meta=\"{&quot;aperture&quot;:&quot;0&quot;,&quot;credit&quot;:&quot;&quot;,&quot;camera&quot;:&quot;&quot;,&quot;caption&quot;:&quot;&quot;,&quot;created_timestamp&quot;:&quot;0&quot;,&quot;copyright&quot;:&quot;&quot;,&quot;focal_length&quot;:&quot;0&quot;,&quot;iso&quot;:&quot;0&quot;,&quot;shutter_speed&quot;:&quot;0&quot;,&quot;title&quot;:&quot;&quot;}\" data-image-title=\"6\" data-image-description=\"\" data-image-caption=\"\" data-medium-file=\"https:\/\/i0.wp.com\/www.sylwesterszmyd.pl\/wp-content\/uploads\/2011\/07\/6.jpg?fit=300%2C199\" data-large-file=\"https:\/\/i0.wp.com\/www.sylwesterszmyd.pl\/wp-content\/uploads\/2011\/07\/6.jpg?fit=790%2C525\" class=\"alignleft size-full wp-image-599\" title=\"6\" src=\"https:\/\/i0.wp.com\/szmyd.nazwa.pl\/wp-content\/uploads\/2011\/07\/6.jpg?resize=790%2C525\" alt=\"\" width=\"790\" height=\"525\" srcset=\"https:\/\/i0.wp.com\/www.sylwesterszmyd.pl\/wp-content\/uploads\/2011\/07\/6.jpg?w=1000 1000w, https:\/\/i0.wp.com\/www.sylwesterszmyd.pl\/wp-content\/uploads\/2011\/07\/6.jpg?resize=300%2C199 300w\" sizes=\"auto, (max-width: 790px) 100vw, 790px\" \/><\/a><\/p>\n<p>Kolejny TdF przyni\u00f3s\u0142 mi zn\u00f3w wiele do\u015bwiadcze\u0144 i ju\u017c mam w g\u0142owie kolejne drobiazgi nad kt\u00f3rymi b\u0119d\u0119 musia\u0142 popracowa\u0107 przed przysz\u0142ym sezonem. Nigdy nie jest za p\u00f3\u017ano na nauk\u0119.<\/p>\n<p>W tym momencie jestem w drodze do Mediolanu sk\u0105d jutro rano lecimy na Classica San Sebastian. P\u00f3\u017aniej prawdopodobnie Camaiore i pod koniec miesi\u0105ca Colorado po kt\u00f3rym zostan\u0119 w Ameryce na dwa protourowskie klasyki w Kanadzie. Niestety tym samym nie b\u0119d\u0119 w tym roku na triathlonie w Borownie.<\/p>\n<p>Wczoraj rozmawia\u0142em te\u017c z naszym dyrektorem zg\u0142aszaj\u0105c ch\u0119\u0107 startu we Vuelcie ale nie da rady. Tak samo przydam si\u0119 w g\u00f3rach Colorado jak mog\u0142bym si\u0119 przyda\u0107 w Hiszpani.<\/p>\n<p>Dzi\u0119kuj\u0119 wszystkim za kibicowanie mi w TdF, za pozytywne komentarze, za wsparcie.<\/p>\n<p>foto: \u00a0Maciej Wontorowski<\/p>\n","protected":false},"excerpt":{"rendered":"<p>Kolejny TdF przyni\u00f3s\u0142 mi zn\u00f3w wiele do\u015bwiadcze\u0144 i ju\u017c mam w g\u0142owie kolejne drobiazgi nad kt\u00f3rymi b\u0119d\u0119 musia\u0142 popracowa\u0107 przed przysz\u0142ym sezonem. Nigdy nie jest za p\u00f3\u017ano na nauk\u0119. W tym momencie jestem w drodze do Mediolanu sk\u0105d jutro rano lecimy na Classica San Sebastian. P\u00f3\u017aniej prawdopodobnie Camaiore i pod&#8230;<\/p>\n","protected":false},"author":1,"featured_media":0,"comment_status":"open","ping_status":"closed","sticky":false,"template":"","format":"standard","meta":{"ngg_post_thumbnail":0,"_jetpack_memberships_contains_paid_content":false,"footnotes":""},"categories":[32,10],"tags":[],"class_list":["post-598","post","type-post","status-publish","format-standard","hentry","category-tour-de-france-2011","category-wyscigi"],"jetpack_featured_media_url":"","jetpack_sharing_enabled":true,"_links":{"self":[{"href":"http:\/\/www.sylwesterszmyd.pl\/index.php?rest_route=\/wp\/v2\/posts\/598","targetHints":{"allow":["GET"]}}],"collection":[{"href":"http:\/\/www.sylwesterszmyd.pl\/index.php?rest_route=\/wp\/v2\/posts"}],"about":[{"href":"http:\/\/www.sylwesterszmyd.pl\/index.php?rest_route=\/wp\/v2\/types\/post"}],"author":[{"embeddable":true,"href":"http:\/\/www.sylwesterszmyd.pl\/index.php?rest_route=\/wp\/v2\/users\/1"}],"replies":[{"embeddable":true,"href":"http:\/\/www.sylwesterszmyd.pl\/index.php?rest_route=%2Fwp%2Fv2%2Fcomments&post=598"}],"version-history":[{"count":1,"href":"http:\/\/www.sylwesterszmyd.pl\/index.php?rest_route=\/wp\/v2\/posts\/598\/revisions"}],"predecessor-version":[{"id":600,"href":"http:\/\/www.sylwesterszmyd.pl\/index.php?rest_route=\/wp\/v2\/posts\/598\/revisions\/600"}],"wp:attachment":[{"href":"http:\/\/www.sylwesterszmyd.pl\/index.php?rest_route=%2Fwp%2Fv2%2Fmedia&parent=598"}],"wp:term":[{"taxonomy":"category","embeddable":true,"href":"http:\/\/www.sylwesterszmyd.pl\/index.php?rest_route=%2Fwp%2Fv2%2Fcategories&post=598"},{"taxonomy":"post_tag","embeddable":true,"href":"http:\/\/www.sylwesterszmyd.pl\/index.php?rest_route=%2Fwp%2Fv2%2Ftags&post=598"}],"curies":[{"name":"wp","href":"https:\/\/api.w.org\/{rel}","templated":true}]}}