{"id":592,"date":"2011-07-23T17:00:41","date_gmt":"2011-07-23T17:00:41","guid":{"rendered":"http:\/\/www.sylwesterszmyd.pl\/?p=592"},"modified":"2011-07-23T17:00:41","modified_gmt":"2011-07-23T17:00:41","slug":"bylem-naprawde-dumny","status":"publish","type":"post","link":"http:\/\/www.sylwesterszmyd.pl\/?p=592","title":{"rendered":"By\u0142em naprawd\u0119 dumny"},"content":{"rendered":"<p>Zapomnia\u0142em wczoraj napisa\u0107, \u017ce w\u0142a\u015bnie Cadelowi \u017cycz\u0119 zwyci\u0119stwa. M\u00f3j kolega z pokoju obstawia\u0142 na 100% Andyego ale Ivan zawsze by\u0142 po stronie braci a ja Evansa. Najr\u00f3wniejszy, mo\u017ce bez b\u0142ysku i numer\u00f3w w stylu Schlecka ale na pewno najbardziej zas\u0142u\u017cyl na to zwyciestwo.<\/p>\n<p>Ja ze swojego TdF jestem zadowolony, pod g\u00f3r\u0119 zawsze by\u0142em gdzie i kiedy by\u0107 powinienem mo\u017ce tylko poza etapem na Plateu de Beille. Zabrak\u0142o&#8230; szczescia? mo\u017ce nawet nie, wiem dlaczego i po co jestem w tej ekipie. Tak jak kibice i ja mam marzenia, mo\u017ce i nawet wi\u0119cej bo ja to widz\u0119 i czuj\u0119 od \u015brodka. Po wczorajszym etapie, widz\u0105c t\u0142uuuuuumy kibic\u00f3w wykrzykuj\u0105cych moje imi\u0119 by\u0142em naprawd\u0119 dumny, \u017ce wykonuj\u0119 w\u0142a\u015bnie ten zaw\u00f3d. Jak r\u00f3wnie\u017c b\u0119d\u0105c pod Galibier w\u015br\u00f3d dziesi\u0119ciu najlepszych g\u00f3rali, jad\u0105c bez wi\u0119kszego wysi\u0142ku a p\u00f3\u017aniej musz\u0105c pom\u00f3c liderowi broni\u0107 honoru w\u0142asnego i ekipy. Te\u017c mi lekko nie by\u0142o&#8230; aaaale, rozpaczy nie ma.<\/p>\n<p>Czasem kto\u015b pyta dlaczego nie zostaj\u0119 do ko\u0144ca pod g\u00f3r\u0119. M\u00f3g\u0142bym np. pod Galibier, ale widz\u0105c, \u017ce na nic si\u0119 nie przydam Ivanowi my\u015blami ucieka\u0142em do dnia p\u00f3\u017aniejszego. Zreszt\u0105 zawsze wiem, \u017ce musz\u0119 si\u0119 oszcz\u0119dzi\u0107 na kolejne etapy bo tego ode mnie wymagaj\u0105 i nie ma to wiele wsp\u00f3lnego z brakiem w\u0142asnych ambicji&#8230;<\/p>\n<p>&nbsp;<\/p>\n","protected":false},"excerpt":{"rendered":"<p>Zapomnia\u0142em wczoraj napisa\u0107, \u017ce w\u0142a\u015bnie Cadelowi \u017cycz\u0119 zwyci\u0119stwa. M\u00f3j kolega z pokoju obstawia\u0142 na 100% Andyego ale Ivan zawsze by\u0142 po stronie braci a ja Evansa. Najr\u00f3wniejszy, mo\u017ce bez b\u0142ysku i numer\u00f3w w stylu Schlecka ale na pewno najbardziej zas\u0142u\u017cyl na to zwyciestwo. Ja ze swojego TdF jestem zadowolony, pod&#8230;<\/p>\n","protected":false},"author":1,"featured_media":0,"comment_status":"open","ping_status":"closed","sticky":false,"template":"","format":"standard","meta":{"ngg_post_thumbnail":0,"_jetpack_memberships_contains_paid_content":false,"footnotes":""},"categories":[32],"tags":[],"class_list":["post-592","post","type-post","status-publish","format-standard","hentry","category-tour-de-france-2011"],"jetpack_featured_media_url":"","jetpack_sharing_enabled":true,"_links":{"self":[{"href":"http:\/\/www.sylwesterszmyd.pl\/index.php?rest_route=\/wp\/v2\/posts\/592","targetHints":{"allow":["GET"]}}],"collection":[{"href":"http:\/\/www.sylwesterszmyd.pl\/index.php?rest_route=\/wp\/v2\/posts"}],"about":[{"href":"http:\/\/www.sylwesterszmyd.pl\/index.php?rest_route=\/wp\/v2\/types\/post"}],"author":[{"embeddable":true,"href":"http:\/\/www.sylwesterszmyd.pl\/index.php?rest_route=\/wp\/v2\/users\/1"}],"replies":[{"embeddable":true,"href":"http:\/\/www.sylwesterszmyd.pl\/index.php?rest_route=%2Fwp%2Fv2%2Fcomments&post=592"}],"version-history":[{"count":2,"href":"http:\/\/www.sylwesterszmyd.pl\/index.php?rest_route=\/wp\/v2\/posts\/592\/revisions"}],"predecessor-version":[{"id":594,"href":"http:\/\/www.sylwesterszmyd.pl\/index.php?rest_route=\/wp\/v2\/posts\/592\/revisions\/594"}],"wp:attachment":[{"href":"http:\/\/www.sylwesterszmyd.pl\/index.php?rest_route=%2Fwp%2Fv2%2Fmedia&parent=592"}],"wp:term":[{"taxonomy":"category","embeddable":true,"href":"http:\/\/www.sylwesterszmyd.pl\/index.php?rest_route=%2Fwp%2Fv2%2Fcategories&post=592"},{"taxonomy":"post_tag","embeddable":true,"href":"http:\/\/www.sylwesterszmyd.pl\/index.php?rest_route=%2Fwp%2Fv2%2Ftags&post=592"}],"curies":[{"name":"wp","href":"https:\/\/api.w.org\/{rel}","templated":true}]}}