{"id":583,"date":"2011-07-22T22:01:31","date_gmt":"2011-07-22T22:01:31","guid":{"rendered":"http:\/\/www.sylwesterszmyd.pl\/?p=583"},"modified":"2011-07-22T22:05:19","modified_gmt":"2011-07-22T22:05:19","slug":"dzis-nie-wygralem-nawet-nie-nawiazalem-walki-bywa","status":"publish","type":"post","link":"http:\/\/www.sylwesterszmyd.pl\/?p=583","title":{"rendered":"Dzi\u015b nie wygralem&#8230; nawet nie nawi\u0105za\u0142em walki, bywa."},"content":{"rendered":"<p><a href=\"https:\/\/i0.wp.com\/szmyd.nazwa.pl\/wp-content\/uploads\/2011\/07\/2_0086635_1_thumb2.jpg\"><img data-recalc-dims=\"1\" loading=\"lazy\" decoding=\"async\" data-attachment-id=\"586\" data-permalink=\"http:\/\/www.sylwesterszmyd.pl\/?attachment_id=586\" data-orig-file=\"https:\/\/i0.wp.com\/www.sylwesterszmyd.pl\/wp-content\/uploads\/2011\/07\/2_0086635_1_thumb2.jpg?fit=540%2C372\" data-orig-size=\"540,372\" data-comments-opened=\"0\" data-image-meta=\"{&quot;aperture&quot;:&quot;0&quot;,&quot;credit&quot;:&quot;&quot;,&quot;camera&quot;:&quot;&quot;,&quot;caption&quot;:&quot;&quot;,&quot;created_timestamp&quot;:&quot;0&quot;,&quot;copyright&quot;:&quot;&quot;,&quot;focal_length&quot;:&quot;0&quot;,&quot;iso&quot;:&quot;0&quot;,&quot;shutter_speed&quot;:&quot;0&quot;,&quot;title&quot;:&quot;&quot;}\" data-image-title=\"2_0086635_1_thumb2\" data-image-description=\"\" data-image-caption=\"\" data-medium-file=\"https:\/\/i0.wp.com\/www.sylwesterszmyd.pl\/wp-content\/uploads\/2011\/07\/2_0086635_1_thumb2.jpg?fit=300%2C206\" data-large-file=\"https:\/\/i0.wp.com\/www.sylwesterszmyd.pl\/wp-content\/uploads\/2011\/07\/2_0086635_1_thumb2.jpg?fit=540%2C372\" class=\"alignleft size-full wp-image-586\" title=\"2_0086635_1_thumb2\" src=\"https:\/\/i0.wp.com\/szmyd.nazwa.pl\/wp-content\/uploads\/2011\/07\/2_0086635_1_thumb2.jpg?resize=540%2C372\" alt=\"\" width=\"540\" height=\"372\" srcset=\"https:\/\/i0.wp.com\/www.sylwesterszmyd.pl\/wp-content\/uploads\/2011\/07\/2_0086635_1_thumb2.jpg?w=540 540w, https:\/\/i0.wp.com\/www.sylwesterszmyd.pl\/wp-content\/uploads\/2011\/07\/2_0086635_1_thumb2.jpg?resize=300%2C206 300w\" sizes=\"auto, (max-width: 540px) 100vw, 540px\" \/><\/a><\/p>\n<p>Swoj\u0105 drog\u0105 ca\u0142y rok czeka\u0142em na 22 lipca&#8230; Tak u\u0142o\u017cy\u0142 si\u0119 etap, marzenia wk\u0142adam mi\u0119dzy bajki. Poza tym dla takich etap\u00f3w jak dwa ostatnie warto pracowa\u0107 ca\u0142e miesi\u0105ce.<\/p>\n<p>Przede wszystkim prawdziwa walka i wczoraj i dzi\u015b, prawie od poczcz\u0105tku, bez przeliczania. Wczoraj fenomenalny Andy i Cadel a dzi\u015b Contador pokaza\u0142, \u017ce jest kolarzem z krwi i ko\u015bci i jesli przegra to dumnie.<\/p>\n<p>Ivan zdecydowanie nie mia\u0142 dnia, a mnie to kosztowa\u0142o mn\u00f3stwo pracy, pod Telegraph i p\u00f3\u017aniej, najwi\u0119cej na trzydziestokilometrowym zje\u017adzie pod wiatr gdzie ca\u0142kowicie si\u0119 \u201ewyci\u0105\u0142em\u201d przed Alpe d&#8217;huez.  Zreszt\u0105 tak kiepsko jak by\u0142o pod Galibier z Ivanem to i tak musz\u0119 przyzna\u0107, \u017ce nie\u017ale na koniec si\u0119 wybroni\u0142.<\/p>\n<p>Czterna\u015bcie kilometr\u00f3w jak marzenie, w\u015br\u00f3d t\u0142umu ludzi po obu stronach drogi, dwadzie\u015bcia jeden serpentyn przys\u0142oni\u0119tych przez t\u0142um ludzi&#8230; no i du\u017co polskich flag. Szczeg\u00f3lne pozdrowienia dla cyklistek z Polski kt\u00f3re nam towarzyszy\u0142y przez ostatnie etapy.<\/p>\n<p>Dzi\u015b oficjalnie mog\u0119 te\u017c potwierdzi\u0107, \u017ce nie wystartuj\u0119 w TdP, nie ma mnie w sk\u0142adzie. Nie dosta\u0142em powo\u0142ania na nasz narodowy wy\u015bcig. Ca\u0142kowicie niezale\u017cnie ode mnie, dosta\u0142em plan start\u00f3w bez TdP i niewiele mam do powiedzenia w tej kwestii. Sk\u0142ad to zawodnicy na Vuelte plus dw\u00f3ch moich Polskich koleg\u00f3w z Liquigas.<\/p>\n<p>Przykro mi z powodu wszystkich kibic\u00f3w kt\u00f3rzy tylko na TdP mog\u0105 si\u0119 ze mn\u0105 spotka\u0107.<\/p>\n<p>foto: <a href=\"http:\/\/www.bettiniphoto.net\" target=\"_blank\">bettiniphoto<\/a><\/p>\n<p>&nbsp;<\/p>\n","protected":false},"excerpt":{"rendered":"<p>Swoj\u0105 drog\u0105 ca\u0142y rok czeka\u0142em na 22 lipca&#8230; Tak u\u0142o\u017cy\u0142 si\u0119 etap, marzenia wk\u0142adam mi\u0119dzy bajki. Poza tym dla takich etap\u00f3w jak dwa ostatnie warto pracowa\u0107 ca\u0142e miesi\u0105ce. Przede wszystkim prawdziwa walka i wczoraj i dzi\u015b, prawie od poczcz\u0105tku, bez przeliczania. Wczoraj fenomenalny Andy i Cadel a dzi\u015b Contador pokaza\u0142,&#8230;<\/p>\n","protected":false},"author":1,"featured_media":0,"comment_status":"open","ping_status":"closed","sticky":false,"template":"","format":"standard","meta":{"ngg_post_thumbnail":0,"_jetpack_memberships_contains_paid_content":false,"footnotes":""},"categories":[32],"tags":[],"class_list":["post-583","post","type-post","status-publish","format-standard","hentry","category-tour-de-france-2011"],"jetpack_featured_media_url":"","jetpack_sharing_enabled":true,"_links":{"self":[{"href":"http:\/\/www.sylwesterszmyd.pl\/index.php?rest_route=\/wp\/v2\/posts\/583","targetHints":{"allow":["GET"]}}],"collection":[{"href":"http:\/\/www.sylwesterszmyd.pl\/index.php?rest_route=\/wp\/v2\/posts"}],"about":[{"href":"http:\/\/www.sylwesterszmyd.pl\/index.php?rest_route=\/wp\/v2\/types\/post"}],"author":[{"embeddable":true,"href":"http:\/\/www.sylwesterszmyd.pl\/index.php?rest_route=\/wp\/v2\/users\/1"}],"replies":[{"embeddable":true,"href":"http:\/\/www.sylwesterszmyd.pl\/index.php?rest_route=%2Fwp%2Fv2%2Fcomments&post=583"}],"version-history":[{"count":3,"href":"http:\/\/www.sylwesterszmyd.pl\/index.php?rest_route=\/wp\/v2\/posts\/583\/revisions"}],"predecessor-version":[{"id":585,"href":"http:\/\/www.sylwesterszmyd.pl\/index.php?rest_route=\/wp\/v2\/posts\/583\/revisions\/585"}],"wp:attachment":[{"href":"http:\/\/www.sylwesterszmyd.pl\/index.php?rest_route=%2Fwp%2Fv2%2Fmedia&parent=583"}],"wp:term":[{"taxonomy":"category","embeddable":true,"href":"http:\/\/www.sylwesterszmyd.pl\/index.php?rest_route=%2Fwp%2Fv2%2Fcategories&post=583"},{"taxonomy":"post_tag","embeddable":true,"href":"http:\/\/www.sylwesterszmyd.pl\/index.php?rest_route=%2Fwp%2Fv2%2Ftags&post=583"}],"curies":[{"name":"wp","href":"https:\/\/api.w.org\/{rel}","templated":true}]}}