{"id":575,"date":"2011-07-20T21:37:50","date_gmt":"2011-07-20T21:37:50","guid":{"rendered":"http:\/\/www.sylwesterszmyd.pl\/?p=575"},"modified":"2011-07-20T21:37:50","modified_gmt":"2011-07-20T21:37:50","slug":"gratulacje-dla-patera","status":"publish","type":"post","link":"http:\/\/www.sylwesterszmyd.pl\/?p=575","title":{"rendered":"Gratulacje dla Patera"},"content":{"rendered":"<p><a href=\"https:\/\/i0.wp.com\/szmyd.nazwa.pl\/wp-content\/uploads\/2011\/07\/CORVOS_00017622-172.jpg\"><img data-recalc-dims=\"1\" loading=\"lazy\" decoding=\"async\" data-attachment-id=\"576\" data-permalink=\"http:\/\/www.sylwesterszmyd.pl\/?attachment_id=576\" data-orig-file=\"https:\/\/i0.wp.com\/www.sylwesterszmyd.pl\/wp-content\/uploads\/2011\/07\/CORVOS_00017622-172.jpg?fit=512%2C341\" data-orig-size=\"512,341\" data-comments-opened=\"0\" data-image-meta=\"{&quot;aperture&quot;:&quot;0&quot;,&quot;credit&quot;:&quot;&quot;,&quot;camera&quot;:&quot;&quot;,&quot;caption&quot;:&quot;&quot;,&quot;created_timestamp&quot;:&quot;0&quot;,&quot;copyright&quot;:&quot;&quot;,&quot;focal_length&quot;:&quot;0&quot;,&quot;iso&quot;:&quot;0&quot;,&quot;shutter_speed&quot;:&quot;0&quot;,&quot;title&quot;:&quot;&quot;}\" data-image-title=\"CORVOS_00017622-172\" data-image-description=\"\" data-image-caption=\"\" data-medium-file=\"https:\/\/i0.wp.com\/www.sylwesterszmyd.pl\/wp-content\/uploads\/2011\/07\/CORVOS_00017622-172.jpg?fit=300%2C199\" data-large-file=\"https:\/\/i0.wp.com\/www.sylwesterszmyd.pl\/wp-content\/uploads\/2011\/07\/CORVOS_00017622-172.jpg?fit=512%2C341\" class=\"alignleft size-full wp-image-576\" title=\"CORVOS_00017622-172\" src=\"https:\/\/i0.wp.com\/szmyd.nazwa.pl\/wp-content\/uploads\/2011\/07\/CORVOS_00017622-172.jpg?resize=512%2C341\" alt=\"\" width=\"512\" height=\"341\" srcset=\"https:\/\/i0.wp.com\/www.sylwesterszmyd.pl\/wp-content\/uploads\/2011\/07\/CORVOS_00017622-172.jpg?w=512 512w, https:\/\/i0.wp.com\/www.sylwesterszmyd.pl\/wp-content\/uploads\/2011\/07\/CORVOS_00017622-172.jpg?resize=300%2C199 300w\" sizes=\"auto, (max-width: 512px) 100vw, 512px\" \/><\/a><\/p>\n<p>Przede wszystkim gratulacje dla Patera kt\u00f3ry prawie do ko\u0144ca etapu walczy\u0142 o zwyci\u0119stwo. Jego zadaniem by\u0142o p\u00f3j\u015b\u0107 w odjazd i to mu si\u0119 uda\u0142o&#8230; a przez 60km od startu wielu pr\u00f3bowa\u0142o atak\u00f3w.<\/p>\n<p>Dw\u00f3ch as\u00f3w z Norwegii ma ju\u017c w kieszeni pi\u0119\u0107 wygranych etap\u00f3w na tegorocznym TdF&#8230; no prosz\u0119.<\/p>\n<p>My zn\u00f3w jak podejrzewa\u0142 Ivan. To nie jego teren, karko\u0142omny zjazd i stracone kolejne sekundy.<\/p>\n<p>Jutro musimy si\u0119 dogada\u0107 z Leopard, oni maj\u0105 ludzi by ci\u0105gna\u0107 dwa pierwsze ci\u0119\u017ckie podjazdy, zm\u0119czy\u0107 ludzi, a ja mog\u0119 wyko\u0144czy\u0107 we wsp\u00f3lnym interesie Ivana i Andyego. Tak mog\u0142oby by\u0107. Agnello i Izoard nie mo\u017cemy wjechac wolno bo b\u0119dziemy jecha\u0107 wy\u015bcig taki jaki by chcia\u0142 nie tylko Voeckler ale i Evans.<\/p>\n<p>foto: <a href=\"http:\/\/www.corvospro.com\" target=\"_blank\">corvospro<\/a><\/p>\n<p>&nbsp;<\/p>\n","protected":false},"excerpt":{"rendered":"<p>Przede wszystkim gratulacje dla Patera kt\u00f3ry prawie do ko\u0144ca etapu walczy\u0142 o zwyci\u0119stwo. Jego zadaniem by\u0142o p\u00f3j\u015b\u0107 w odjazd i to mu si\u0119 uda\u0142o&#8230; a przez 60km od startu wielu pr\u00f3bowa\u0142o atak\u00f3w. Dw\u00f3ch as\u00f3w z Norwegii ma ju\u017c w kieszeni pi\u0119\u0107 wygranych etap\u00f3w na tegorocznym TdF&#8230; no prosz\u0119. My zn\u00f3w&#8230;<\/p>\n","protected":false},"author":1,"featured_media":0,"comment_status":"open","ping_status":"closed","sticky":false,"template":"","format":"standard","meta":{"ngg_post_thumbnail":0,"_jetpack_memberships_contains_paid_content":false,"footnotes":""},"categories":[32],"tags":[],"class_list":["post-575","post","type-post","status-publish","format-standard","hentry","category-tour-de-france-2011"],"jetpack_featured_media_url":"","jetpack_sharing_enabled":true,"_links":{"self":[{"href":"http:\/\/www.sylwesterszmyd.pl\/index.php?rest_route=\/wp\/v2\/posts\/575","targetHints":{"allow":["GET"]}}],"collection":[{"href":"http:\/\/www.sylwesterszmyd.pl\/index.php?rest_route=\/wp\/v2\/posts"}],"about":[{"href":"http:\/\/www.sylwesterszmyd.pl\/index.php?rest_route=\/wp\/v2\/types\/post"}],"author":[{"embeddable":true,"href":"http:\/\/www.sylwesterszmyd.pl\/index.php?rest_route=\/wp\/v2\/users\/1"}],"replies":[{"embeddable":true,"href":"http:\/\/www.sylwesterszmyd.pl\/index.php?rest_route=%2Fwp%2Fv2%2Fcomments&post=575"}],"version-history":[{"count":2,"href":"http:\/\/www.sylwesterszmyd.pl\/index.php?rest_route=\/wp\/v2\/posts\/575\/revisions"}],"predecessor-version":[{"id":578,"href":"http:\/\/www.sylwesterszmyd.pl\/index.php?rest_route=\/wp\/v2\/posts\/575\/revisions\/578"}],"wp:attachment":[{"href":"http:\/\/www.sylwesterszmyd.pl\/index.php?rest_route=%2Fwp%2Fv2%2Fmedia&parent=575"}],"wp:term":[{"taxonomy":"category","embeddable":true,"href":"http:\/\/www.sylwesterszmyd.pl\/index.php?rest_route=%2Fwp%2Fv2%2Fcategories&post=575"},{"taxonomy":"post_tag","embeddable":true,"href":"http:\/\/www.sylwesterszmyd.pl\/index.php?rest_route=%2Fwp%2Fv2%2Ftags&post=575"}],"curies":[{"name":"wp","href":"https:\/\/api.w.org\/{rel}","templated":true}]}}