{"id":494,"date":"2011-06-28T08:21:14","date_gmt":"2011-06-28T08:21:14","guid":{"rendered":"http:\/\/www.sylwesterszmyd.pl\/?p=494"},"modified":"2011-06-29T20:31:19","modified_gmt":"2011-06-29T20:31:19","slug":"od-dzis-jestesmy-juz-z-cala-druzyna-we-francji","status":"publish","type":"post","link":"http:\/\/www.sylwesterszmyd.pl\/?p=494","title":{"rendered":"Od dzi\u015b jeste\u015bmy ju\u017c z ca\u0142\u0105 dru\u017cyn\u0105 we Francji"},"content":{"rendered":"<p><a href=\"https:\/\/i0.wp.com\/szmyd.nazwa.pl\/wp-content\/uploads\/2011\/06\/261799_210632945646484_100000993406311_590297_1127194_n.jpg\"><img data-recalc-dims=\"1\" loading=\"lazy\" decoding=\"async\" data-attachment-id=\"495\" data-permalink=\"http:\/\/www.sylwesterszmyd.pl\/?attachment_id=495\" data-orig-file=\"https:\/\/i0.wp.com\/www.sylwesterszmyd.pl\/wp-content\/uploads\/2011\/06\/261799_210632945646484_100000993406311_590297_1127194_n.jpg?fit=720%2C540\" data-orig-size=\"720,540\" data-comments-opened=\"0\" data-image-meta=\"{&quot;aperture&quot;:&quot;0&quot;,&quot;credit&quot;:&quot;&quot;,&quot;camera&quot;:&quot;&quot;,&quot;caption&quot;:&quot;&quot;,&quot;created_timestamp&quot;:&quot;0&quot;,&quot;copyright&quot;:&quot;&quot;,&quot;focal_length&quot;:&quot;0&quot;,&quot;iso&quot;:&quot;0&quot;,&quot;shutter_speed&quot;:&quot;0&quot;,&quot;title&quot;:&quot;&quot;}\" data-image-title=\"261799_210632945646484_100000993406311_590297_1127194_n\" data-image-description=\"\" data-image-caption=\"\" data-medium-file=\"https:\/\/i0.wp.com\/www.sylwesterszmyd.pl\/wp-content\/uploads\/2011\/06\/261799_210632945646484_100000993406311_590297_1127194_n.jpg?fit=300%2C225\" data-large-file=\"https:\/\/i0.wp.com\/www.sylwesterszmyd.pl\/wp-content\/uploads\/2011\/06\/261799_210632945646484_100000993406311_590297_1127194_n.jpg?fit=720%2C540\" class=\"alignleft size-full wp-image-495\" title=\"261799_210632945646484_100000993406311_590297_1127194_n\" src=\"https:\/\/i0.wp.com\/szmyd.nazwa.pl\/wp-content\/uploads\/2011\/06\/261799_210632945646484_100000993406311_590297_1127194_n.jpg?resize=720%2C540\" alt=\"\" width=\"720\" height=\"540\" srcset=\"https:\/\/i0.wp.com\/www.sylwesterszmyd.pl\/wp-content\/uploads\/2011\/06\/261799_210632945646484_100000993406311_590297_1127194_n.jpg?w=720 720w, https:\/\/i0.wp.com\/www.sylwesterszmyd.pl\/wp-content\/uploads\/2011\/06\/261799_210632945646484_100000993406311_590297_1127194_n.jpg?resize=300%2C225 300w\" sizes=\"auto, (max-width: 720px) 100vw, 720px\" \/><\/a><\/p>\n<p>Wygl\u0105da na to, \u017ce nasz TdF b\u0119dzie mia\u0142 prawie cztery tygodnie. Najwa\u017cniejszy wy\u015bcig ca\u0142ego sezonu i zapewne najbardziej presti\u017cowa coroczna impreza sportowa a nasza tr\u00f3jka Polak\u00f3w na starcie.<\/p>\n<p>Dzi\u015b w wywiadzie dla Programu Pierwszego Polskiego Radia m\u00f3wi\u0142em, \u017ce start w TdF by\u0142 moim marzeniem od dziecka, by\u0142 i pozostanie marzeniem wi\u0119kszo\u015bci os\u00f3b kt\u00f3re zetkn\u0119\u0142y si\u0119 z kolarstwem. Dla wielu tak bardzo surrealistyczny&#8230;.<\/p>\n<p>No ale nie o tym. Okres od Giro a\u017c do wczoraj by\u0142 dla mnie jednym z ci\u0119\u017cej przepracowanych w mojej karierze. Po pracy w Dolomitach przyszed\u0142 tydzie\u0144 r\u00f3wnie ci\u0119\u017ckiej pracy w Polsce, g\u0142\u00f3wnie za motocyklem. Musia\u0142em te\u017c do ka\u017cdego dnia podej\u015b\u0107 z wielk\u0105 atencj\u0105 analizuj\u0105c ka\u017cd\u0105 wykonan\u0105 czynno\u015b\u0107 i odczucia, pracuj\u0105c tak by nie \u201eprzegi\u0105\u0107\u201d w \u017cadn\u0105 stron\u0119.<\/p>\n<p>Ivan powiedzia\u0142 na dzie\u0144 dobry, \u017ce jest silny i czuje si\u0119 bardzo dobrze, wierz\u0119, \u017ce tak jest. Ja mam zamiar mniej wi\u0119cej przez pierwsze 10 dni przygl\u0105da\u0107 si\u0119 sytuacji w wy\u015bcigu a potem, skoro ju\u017c tak zacz\u0105\u0142em, realizowa\u0107 kolejne marzenia dziecka&#8230;<\/p>\n<p>Obiecuje, \u017ce nast\u0119pnym razem jak b\u0119d\u0119 w Krakowie to dam zna\u0107 wcze\u015bniej by uda\u0142o si\u0119 zebra\u0107 wi\u0119ksz\u0105 grup\u0119 kibic\u00f3w i cyklist\u00f3w na wsp\u00f3lny trening.<\/p>\n<p>foto: Kasia Szmyd<\/p>\n<p>&nbsp;<\/p>\n","protected":false},"excerpt":{"rendered":"<p>Wygl\u0105da na to, \u017ce nasz TdF b\u0119dzie mia\u0142 prawie cztery tygodnie. Najwa\u017cniejszy wy\u015bcig ca\u0142ego sezonu i zapewne najbardziej presti\u017cowa coroczna impreza sportowa a nasza tr\u00f3jka Polak\u00f3w na starcie. Dzi\u015b w wywiadzie dla Programu Pierwszego Polskiego Radia m\u00f3wi\u0142em, \u017ce start w TdF by\u0142 moim marzeniem od dziecka, by\u0142 i pozostanie marzeniem&#8230;<\/p>\n","protected":false},"author":1,"featured_media":0,"comment_status":"open","ping_status":"closed","sticky":false,"template":"","format":"standard","meta":{"ngg_post_thumbnail":0,"_jetpack_memberships_contains_paid_content":false,"footnotes":""},"categories":[32],"tags":[],"class_list":["post-494","post","type-post","status-publish","format-standard","hentry","category-tour-de-france-2011"],"jetpack_featured_media_url":"","jetpack_sharing_enabled":true,"_links":{"self":[{"href":"http:\/\/www.sylwesterszmyd.pl\/index.php?rest_route=\/wp\/v2\/posts\/494","targetHints":{"allow":["GET"]}}],"collection":[{"href":"http:\/\/www.sylwesterszmyd.pl\/index.php?rest_route=\/wp\/v2\/posts"}],"about":[{"href":"http:\/\/www.sylwesterszmyd.pl\/index.php?rest_route=\/wp\/v2\/types\/post"}],"author":[{"embeddable":true,"href":"http:\/\/www.sylwesterszmyd.pl\/index.php?rest_route=\/wp\/v2\/users\/1"}],"replies":[{"embeddable":true,"href":"http:\/\/www.sylwesterszmyd.pl\/index.php?rest_route=%2Fwp%2Fv2%2Fcomments&post=494"}],"version-history":[{"count":3,"href":"http:\/\/www.sylwesterszmyd.pl\/index.php?rest_route=\/wp\/v2\/posts\/494\/revisions"}],"predecessor-version":[{"id":497,"href":"http:\/\/www.sylwesterszmyd.pl\/index.php?rest_route=\/wp\/v2\/posts\/494\/revisions\/497"}],"wp:attachment":[{"href":"http:\/\/www.sylwesterszmyd.pl\/index.php?rest_route=%2Fwp%2Fv2%2Fmedia&parent=494"}],"wp:term":[{"taxonomy":"category","embeddable":true,"href":"http:\/\/www.sylwesterszmyd.pl\/index.php?rest_route=%2Fwp%2Fv2%2Fcategories&post=494"},{"taxonomy":"post_tag","embeddable":true,"href":"http:\/\/www.sylwesterszmyd.pl\/index.php?rest_route=%2Fwp%2Fv2%2Ftags&post=494"}],"curies":[{"name":"wp","href":"https:\/\/api.w.org\/{rel}","templated":true}]}}