{"id":478,"date":"2011-06-21T21:34:47","date_gmt":"2011-06-21T21:34:47","guid":{"rendered":"http:\/\/www.sylwesterszmyd.pl\/?p=478"},"modified":"2011-06-22T21:05:44","modified_gmt":"2011-06-22T21:05:44","slug":"kilka-dni-odpoczynku-od-gor","status":"publish","type":"post","link":"http:\/\/www.sylwesterszmyd.pl\/?p=478","title":{"rendered":"Kilka dni odpoczynku od g\u00f3r"},"content":{"rendered":"<p>Rozkr\u0119c\u0119 nog\u0119 za motorem i b\u0119d\u0119 m\u00f3g\u0142 powiedzie\u0107, \u017ce jestem przygotowany do TdF w najlepszy mo\u017cliwy spos\u00f3b. G\u0142owa spokojna, odczucia super.<\/p>\n<p>W niedziel\u0119 w Ojcowie pod Krakowem mia\u0142em bardzo mi\u0142e spotkanie z sympatykami kolarstwa i marki Volvo. Zorganizowane przez Volvo i firm\u0119 Wadowscy kt\u00f3ra mnie wspiera. Bardzo si\u0119 ciesz\u0119 z tej wsp\u00f3\u0142pracy tym bardziej, \u017ce s\u0105 to ludzie kt\u00f3rzy doskonale rozumiej\u0105 sport wyczynowy.<\/p>\n<p>W czwartek mamy oficjalny trening jazdy dru\u017cynowej w sk\u0142adzie jaki wystartuje na TdF. Tak wi\u0119c niestety Body nie b\u0119dzie m\u00f3g\u0142 ponownie zdoby\u0107 tytu\u0142u Mistrza Polski, a wiem, \u017ce sta\u0107 go na to.<\/p>\n<p>Nie maj\u0105c internetu niestety nie mog\u0142em poda\u0107 godziny i miejsca spotkania w Krakowie (pytanie miro54). Odpowiadaj\u0105c na pytanie o rowery, na San Pellegrino mia\u0142em do dyspozycji trzy, Super Six, Caad10 i najnowsze Evo na kt\u00f3rym wystartuje ca\u0142a nasza dru\u017cyna na TdF. Czasami zmienia\u0142em rower w trakcie treningu, zale\u017cnie od pracy do wykonania. Na zdj\u0119ciach wida\u0107 m\u00f3j prywatny Caad10.<\/p>\nngg_shortcode_0_placeholder\n","protected":false},"excerpt":{"rendered":"<p>Rozkr\u0119c\u0119 nog\u0119 za motorem i b\u0119d\u0119 m\u00f3g\u0142 powiedzie\u0107, \u017ce jestem przygotowany do TdF w najlepszy mo\u017cliwy spos\u00f3b. G\u0142owa spokojna, odczucia super. W niedziel\u0119 w Ojcowie pod Krakowem mia\u0142em bardzo mi\u0142e spotkanie z sympatykami kolarstwa i marki Volvo. Zorganizowane przez Volvo i firm\u0119 Wadowscy kt\u00f3ra mnie wspiera. Bardzo si\u0119 ciesz\u0119 z&#8230;<\/p>\n","protected":false},"author":1,"featured_media":0,"comment_status":"open","ping_status":"closed","sticky":false,"template":"","format":"standard","meta":{"ngg_post_thumbnail":0,"_jetpack_memberships_contains_paid_content":false,"footnotes":""},"categories":[20,6,32,3],"tags":[],"class_list":["post-478","post","type-post","status-publish","format-standard","hentry","category-fotogaleria","category-kibice","category-tour-de-france-2011","category-trening"],"jetpack_featured_media_url":"","jetpack_sharing_enabled":true,"_links":{"self":[{"href":"http:\/\/www.sylwesterszmyd.pl\/index.php?rest_route=\/wp\/v2\/posts\/478","targetHints":{"allow":["GET"]}}],"collection":[{"href":"http:\/\/www.sylwesterszmyd.pl\/index.php?rest_route=\/wp\/v2\/posts"}],"about":[{"href":"http:\/\/www.sylwesterszmyd.pl\/index.php?rest_route=\/wp\/v2\/types\/post"}],"author":[{"embeddable":true,"href":"http:\/\/www.sylwesterszmyd.pl\/index.php?rest_route=\/wp\/v2\/users\/1"}],"replies":[{"embeddable":true,"href":"http:\/\/www.sylwesterszmyd.pl\/index.php?rest_route=%2Fwp%2Fv2%2Fcomments&post=478"}],"version-history":[{"count":3,"href":"http:\/\/www.sylwesterszmyd.pl\/index.php?rest_route=\/wp\/v2\/posts\/478\/revisions"}],"predecessor-version":[{"id":480,"href":"http:\/\/www.sylwesterszmyd.pl\/index.php?rest_route=\/wp\/v2\/posts\/478\/revisions\/480"}],"wp:attachment":[{"href":"http:\/\/www.sylwesterszmyd.pl\/index.php?rest_route=%2Fwp%2Fv2%2Fmedia&parent=478"}],"wp:term":[{"taxonomy":"category","embeddable":true,"href":"http:\/\/www.sylwesterszmyd.pl\/index.php?rest_route=%2Fwp%2Fv2%2Fcategories&post=478"},{"taxonomy":"post_tag","embeddable":true,"href":"http:\/\/www.sylwesterszmyd.pl\/index.php?rest_route=%2Fwp%2Fv2%2Ftags&post=478"}],"curies":[{"name":"wp","href":"https:\/\/api.w.org\/{rel}","templated":true}]}}