{"id":4723,"date":"2009-06-12T14:02:00","date_gmt":"2009-06-12T14:02:00","guid":{"rendered":"http:\/\/www.sylwesterszmyd.pl\/?p=4723"},"modified":"2021-06-06T14:10:15","modified_gmt":"2021-06-06T14:10:15","slug":"prasowka-prosto-z-wloch","status":"publish","type":"post","link":"http:\/\/www.sylwesterszmyd.pl\/?p=4723","title":{"rendered":"Pras\u00f3wka prosto z W\u0142och"},"content":{"rendered":"\n<p><strong>LA GAZZETTA<\/strong><\/p>\n\n\n\n<div class=\"wp-block-image\"><figure class=\"alignleft size-large is-resized\"><a href=\"https:\/\/i0.wp.com\/www.sylwesterszmyd.pl\/wp-content\/uploads\/2021\/06\/lgds.jpg\"><img data-recalc-dims=\"1\" loading=\"lazy\" decoding=\"async\" data-attachment-id=\"4725\" data-permalink=\"http:\/\/www.sylwesterszmyd.pl\/?attachment_id=4725\" data-orig-file=\"https:\/\/i0.wp.com\/www.sylwesterszmyd.pl\/wp-content\/uploads\/2021\/06\/lgds.jpg?fit=1000%2C1080\" data-orig-size=\"1000,1080\" data-comments-opened=\"0\" data-image-meta=\"{&quot;aperture&quot;:&quot;0&quot;,&quot;credit&quot;:&quot;&quot;,&quot;camera&quot;:&quot;&quot;,&quot;caption&quot;:&quot;&quot;,&quot;created_timestamp&quot;:&quot;0&quot;,&quot;copyright&quot;:&quot;&quot;,&quot;focal_length&quot;:&quot;0&quot;,&quot;iso&quot;:&quot;0&quot;,&quot;shutter_speed&quot;:&quot;0&quot;,&quot;title&quot;:&quot;&quot;,&quot;orientation&quot;:&quot;0&quot;}\" data-image-title=\"\" data-image-description=\"\" data-image-caption=\"\" data-medium-file=\"https:\/\/i0.wp.com\/www.sylwesterszmyd.pl\/wp-content\/uploads\/2021\/06\/lgds.jpg?fit=278%2C300\" data-large-file=\"https:\/\/i0.wp.com\/www.sylwesterszmyd.pl\/wp-content\/uploads\/2021\/06\/lgds.jpg?fit=790%2C853\" src=\"https:\/\/i0.wp.com\/www.sylwesterszmyd.pl\/wp-content\/uploads\/2021\/06\/lgds.jpg?resize=416%2C449\" alt=\"\" class=\"wp-image-4725\" width=\"416\" height=\"449\" srcset=\"https:\/\/i0.wp.com\/www.sylwesterszmyd.pl\/wp-content\/uploads\/2021\/06\/lgds.jpg?resize=948%2C1024 948w, https:\/\/i0.wp.com\/www.sylwesterszmyd.pl\/wp-content\/uploads\/2021\/06\/lgds.jpg?resize=278%2C300 278w, https:\/\/i0.wp.com\/www.sylwesterszmyd.pl\/wp-content\/uploads\/2021\/06\/lgds.jpg?resize=768%2C829 768w, https:\/\/i0.wp.com\/www.sylwesterszmyd.pl\/wp-content\/uploads\/2021\/06\/lgds.jpg?w=1000 1000w\" sizes=\"auto, (max-width: 416px) 100vw, 416px\" \/><\/a><\/figure><\/div>\n\n\n\n<p><strong>Mont Ventoux \u2013 \u201eValverde show\u201d i rado\u015b\u0107 Szmyda<\/strong><\/p>\n\n\n\n<p>Hiszpan odbiera koszulk\u0119 lidera Evansowi i ofiaruje sukces Polakowi z dru\u017cyny Liquigas. Basso ma gor\u0105czk\u0119: wycofuje si\u0119.<\/p>\n\n\n\n<p><strong>Mont Ventoux<\/strong> \u2013 Dosz\u0142o tu do powt\u00f3rki. 13 lipca 2000 r. Lance Armstrong, jad\u0105cy w \u017c\u00f3\u0142tej koszulce lidera, zostawi\u0142 zwyci\u0119stwo Marco Pantaniemu. Wczoraj Valverde, kt\u00f3ry ma na swoim koncie 57 zwyci\u0119stw, wywalczy\u0142 koszulk\u0119 lidera Dauphine Libere, pozostawiaj\u0105c etapowy sukces Sylwestrowi Szmydowi- walecznemu \u201epiechurowi\u201d, dla kt\u00f3rego by\u0142a to pierwsza wygrana od dziewi\u0119ciu lat.<\/p>\n\n\n\n<p><strong>Wspania\u0142y<\/strong> \u2013 Szmyd znalaz\u0142 w ten spos\u00f3b bajeczny diament zwyci\u0119stwa, na tej mitycznej g\u00f3rze, u kresu etapu, rozegranego przez Liquigas we wspania\u0142y spos\u00f3b. Polak by\u0142 przewodnikiem dla Basso na podjazdach Giro, tak samo jak by\u0142 nim wczoraj. Atakowa\u0142 razem z Basso. Oddany a\u017c do ko\u0144ca. A\u017c do momentu, w kt\u00f3rym cierpi\u0105cy Basso da\u0142 mu woln\u0105 r\u0119k\u0119. W ten spos\u00f3b, w jednej chwili, jego trud i wysi\u0142ek przekszta\u0142ci\u0142y si\u0119 bajk\u0119.<\/p>\n\n\n\n<p><strong>Atak<\/strong> \u2013 Szmyd skoczy\u0142 13 km przed szczytem, aby by\u0107 \u201epunktem podpory\u201d dla swojego kapitana. I rzeczywi\u015bcie- na 12. km przed met\u0105, kiedy skoczy\u0142 Zubeldia, Basso ruszy\u0142 do przodu. Grupa p\u0119k\u0142a. Z liderem, Evansem, zostali: Contador, Nibali, i innych dziesi\u0119ciu kolarzy- w\u015br\u00f3d nich te\u017c Valverde. Podczas gdy z przodu Szmyd czeka\u0142 na Basso, Valverde zbli\u017cy\u0142 si\u0119 do Contadora: \u201eCo robisz?\u201d. \u201eNie atakuj\u0119\u201d, zapewni\u0142 go Contador. Wtedy, na 9,4 km przed met\u0105, Valverde skoczy\u0142.<\/p>\n\n\n\n<p>Po 1,5 km dop\u0119dzi\u0142 grupk\u0119 Basso. Szmyd odpar\u0142 jego pierwszy atak. Przy drugim, na 7 km przed met\u0105, ju\u017c przy wyje\u017adzie z lasu, Basso powiedzia\u0142 swojemu \u201egregario\u201d: \u201eJed\u017a! Jed\u017a sw\u00f3j wy\u015bcig\u201d. Po wy\u015bcigu Basso wyja\u015bni: \u201eZaplanowali\u015bmy atak. Podj\u0105\u0142em go mimo, \u017ce nie czu\u0142em si\u0119 dobrze. Zaczyna\u0142a si\u0119 u mnie jaka\u015b choroba. Z\u0142e samopoczucie, md\u0142o\u015bci, os\u0142abienie, gor\u0105czka. Ju\u017c przed Ventoux musia\u0142em zwr\u00f3ci\u0107 si\u0119 do lekarza. Mieli\u015bmy zamiar razem (z Sylwkiem, nie z lekarzem ;)) jecha\u0107 na met\u0119, ale poczu\u0142em si\u0119 \u201epusty\u201d i powiedzia\u0142em mu, \u017ceby jecha\u0142 sam. Ciesz\u0119 si\u0119 z jego zwyci\u0119stwa\u201d.<\/p>\n\n\n\n<p><strong>Wiatr<\/strong> \u2013 Szmyd znalaz\u0142 si\u0119 na czele z Valverde. Wia\u0142 silny mistral. Mi\u0119dzy bia\u0142ymi kamieniami byli tylko oni- \u017cadnego drzewa, \u017cadnej os\u0142ony. Krajobraz ksi\u0119\u017cycowy. To on nada\u0142 g\u00f3rze nazw\u0119 Mont Chauve- \u0141ysa G\u00f3ra. Szmyd po\u015bwi\u0119ci\u0142 si\u0119 ca\u0142kowicie. Natomiast Valverde znalaz\u0142 w nim nadzwyczajnego \u201eprzecinacza wiatru\u201d.<\/p>\n\n\n\n<p><strong>Dzielny Vincenzo<\/strong> \u2013 Dwa lata temu Szmyd przyjecha\u0142 na Ventoux drugi- za Moreau. W tym roku jecha\u0142 pod g\u00f3r\u0119 popychany przez wspomnienia. Dzi\u0119ki niemu Valverde przybli\u017cy\u0142 si\u0119 do \u017c\u00f3\u0142tej koszulki. Na pr\u00f3\u017cno Evans prowadzi\u0142 za nimi po\u015bcig. Contador pozwoli\u0142 mu wypali\u0107 si\u0119 na gor\u0105cym wietrze. Evans znakomicie odpar\u0142 dwa ataki Nibaliego, ale nie ten Gesinka.<\/p>\n\n\n\n<p>Fina\u0142 by\u0142 z dreszczykiem. 500 m przed met\u0105 Szmyd, kt\u00f3ry jecha\u0142 na kole Valverde, zatrzyma\u0142 si\u0119, prawie by mu spad\u0142 \u0142a\u0144cuch. \u201eTo by\u0142a blokada w \u017co\u0142\u0105dku\u201d, powie p\u00f3\u017aniej. By\u0142 to syndrom Stendhala. Zapa\u015b\u0107 przed czym\u015b pi\u0119knym. \u201eOdci\u0119cie pr\u0105du\u201d, kt\u00f3re wydawa\u0142o si\u0119 nieuchronne. Valverde mia\u0142 wygrany wy\u015bcig.<\/p>\n\n\n\n<p>Jednak na ostatnim zakr\u0119cie, 100 m przed met\u0105, pojecha\u0142 szerokim \u0142ukiem i zwolni\u0142. Szmyd przyspieszy\u0142 niedowierzaj\u0105c. Wyprzedzi\u0142 go z prawej strony i pojecha\u0142 na swoje pierwsze spotkanie ze zwyci\u0119stwem. \u201eTo nie by\u0142 prezent. Szmyd mia\u0142 nogi, \u017ceby wygra\u0107\u201d, powiedzia\u0142 Valverde z \u201erycersko\u015bci\u0105\u201d, kt\u00f3rej dawniej zabrak\u0142o Armstrongowi w stosunku do Pantaniego.<\/p>\n\n\n\n<p>Cytat Sylwka (z prawego g\u00f3rnego rogu artyku\u0142u)<\/p>\n\n\n\n<p>\u201eNie by\u0142o mi\u0119dzy mn\u0105 a Valverde \u017cadnych ustale\u0144, ale nigdy nie przestan\u0119 dzi\u0119kowa\u0107 mu za ten jego gest\u201d.<\/p>\n\n\n\n<div class=\"wp-block-image\"><figure class=\"alignleft size-large is-resized\"><a href=\"https:\/\/i0.wp.com\/www.sylwesterszmyd.pl\/wp-content\/uploads\/2021\/06\/tuttosport.jpg\"><img data-recalc-dims=\"1\" loading=\"lazy\" decoding=\"async\" data-attachment-id=\"4724\" data-permalink=\"http:\/\/www.sylwesterszmyd.pl\/?attachment_id=4724\" data-orig-file=\"https:\/\/i0.wp.com\/www.sylwesterszmyd.pl\/wp-content\/uploads\/2021\/06\/tuttosport.jpg?fit=1200%2C873\" data-orig-size=\"1200,873\" data-comments-opened=\"0\" data-image-meta=\"{&quot;aperture&quot;:&quot;0&quot;,&quot;credit&quot;:&quot;&quot;,&quot;camera&quot;:&quot;&quot;,&quot;caption&quot;:&quot;&quot;,&quot;created_timestamp&quot;:&quot;0&quot;,&quot;copyright&quot;:&quot;&quot;,&quot;focal_length&quot;:&quot;0&quot;,&quot;iso&quot;:&quot;0&quot;,&quot;shutter_speed&quot;:&quot;0&quot;,&quot;title&quot;:&quot;&quot;,&quot;orientation&quot;:&quot;0&quot;}\" data-image-title=\"tuttosport\" data-image-description=\"\" data-image-caption=\"\" data-medium-file=\"https:\/\/i0.wp.com\/www.sylwesterszmyd.pl\/wp-content\/uploads\/2021\/06\/tuttosport.jpg?fit=300%2C218\" data-large-file=\"https:\/\/i0.wp.com\/www.sylwesterszmyd.pl\/wp-content\/uploads\/2021\/06\/tuttosport.jpg?fit=790%2C575\" src=\"https:\/\/i0.wp.com\/www.sylwesterszmyd.pl\/wp-content\/uploads\/2021\/06\/tuttosport.jpg?resize=418%2C304\" alt=\"\" class=\"wp-image-4724\" width=\"418\" height=\"304\" srcset=\"https:\/\/i0.wp.com\/www.sylwesterszmyd.pl\/wp-content\/uploads\/2021\/06\/tuttosport.jpg?resize=1024%2C745 1024w, https:\/\/i0.wp.com\/www.sylwesterszmyd.pl\/wp-content\/uploads\/2021\/06\/tuttosport.jpg?resize=300%2C218 300w, https:\/\/i0.wp.com\/www.sylwesterszmyd.pl\/wp-content\/uploads\/2021\/06\/tuttosport.jpg?resize=768%2C559 768w, https:\/\/i0.wp.com\/www.sylwesterszmyd.pl\/wp-content\/uploads\/2021\/06\/tuttosport.jpg?w=1200 1200w\" sizes=\"auto, (max-width: 418px) 100vw, 418px\" \/><\/a><\/figure><\/div>\n\n\n\n<p><strong>TUTTO SPORT<\/strong><\/p>\n\n\n\n<p>Na Dauphine Libere pr\u00f3buje swoich si\u0142 Basso, jednak \u017ale si\u0119 czuje i posy\u0142a na Ventoux swojego polskiego sprzymierze\u0144ca.<\/p>\n\n\n\n<p><strong>Zwyci\u0119stwo z ksi\u0105\u017cki \u201eSerce\u201d<\/strong><\/p>\n\n\n\n<p>Szmyd tu\u017c przed met\u0105 wpada w tarapaty, Valverde zwalnia i daje si\u0119 wyprzedzi\u0107. Ivan wycofuje si\u0119.<\/p>\n\n\n\n<p>Wygl\u0105da\u0142o na to, \u017ce zgodno\u015b\u0107 mi\u0119dzy t\u0105 dw\u00f3jk\u0105 ostatecznie pry\u015bnie. Wielki by\u0142 fair-play Alejandro. Mieszkaniec Varese (Basso) na Tour de Pologne (2.08). Dzi\u015b na prze\u0142\u0119czy Izoard.<\/p>\n\n\n\n<p>Podczas pi\u0105tego etapu Dauphine Libere, kt\u00f3ry wznosi si\u0119 w kierunku mitu- Mont Ventoux, kolarstwo zapewnia liryczne i jednocze\u015bnie silne emocje, powierzaj\u0105c koszulk\u0119 lidera mistrzowi r\u00f3wnie kontrowersyjnemu jak i walecznemu- pochodz\u0105cemu z Murcji Alejandro Valverde.<\/p>\n\n\n\n<p>Pozbawia on podium Australijczyka, Cadela Evansa, na kt\u00f3rego kole biernie pozostaje Contador, jakby chc\u0105c zachowa\u0107 najwy\u017csz\u0105 form\u0119 na Tour de France- jego prawdziwy cel tego lata.<\/p>\n\n\n\n<p><strong>Polak<\/strong>&nbsp; \u2013 M\u00f3wi\u0105c o wyniku etapu, przepi\u0119knego dzi\u0119ki rezultatom, jakie by\u0142y na nim osi\u0105gane, mo\u017cna opowiedzie\u0107 tysi\u0105ce niesko\u0144czonych historii. Nad nimi wszystkimi jest historia etapowego zwyci\u0119zcy- 31-letniego Polaka, Sylwestra Szmyda, zwyci\u0119\u017caj\u0105cego po raz pierwszy w karierze zawodowej oddanego \u201egregario\u201d Basso. Pisali\u015bmy o tym ju\u017c w trakcie Giro: \u201eKot Sylwester\u201d jest pewnym, zaufanym cz\u0142owiekiem z chlubn\u0105 karier\u0105 w s\u0142u\u017cbie Pantaniemu, Frigo, Simoniemu, Cunego, a w tym roku w\u0142a\u015bnie Ivanovi.<\/p>\n\n\n\n<p><strong>Taktyka<\/strong>&nbsp; \u2013 Na zboczach Ventoux Liquigas posy\u0142a Szmyda do przodu w otwart\u0105 przestrze\u0144 (przed nim s\u0105 inni kolarze, nast\u0119pnie dogonieni). Nast\u0119pnie Basso skacze i doje\u017cd\u017ca do dru\u017cynowego kolegi- swojego \u201epunktu odniesienia\u201d. Jednak Ivan ma ci\u0119\u017ckie nogi, os\u0142abione si\u0142y i md\u0142o\u015bci (po wy\u015bcigu zostanie u niego rozpoznany stan gor\u0105czkowy: dzi\u015b rano ju\u017c nie wystartuje). Wycofuje si\u0119 z wy\u015bcigu, ale wcze\u015bniej uwalnia Sylwka od obowi\u0105zk\u00f3w \u201egregario\u201d. Tymczasem z plutonu najlepszych wy\u0142ania si\u0119 super-Valverde, kt\u00f3ry doje\u017cd\u017ca do Szmyda i nie oszcz\u0119dza n\u00f3g.<\/p>\n\n\n\n<p><strong>Zgodno\u015b\u0107<\/strong>&nbsp; \u2013 Ale Sylwester ma nogi, kt\u00f3re mocno kr\u0119c\u0105: doje\u017cd\u017ca do Alejandro, m\u00f3wi mu, \u017ceby r\u00f3wno jecha\u0142 pod g\u00f3r\u0119, bo w twarz wieje mistral- lepiej zatem jecha\u0107 we dwoje, zmieniaj\u0105c si\u0119 regularnie. Hiszpan przystaje na ten pomys\u0142, widz\u0105c w nim wsp\u00f3lne cele: etap dla Szmyda, a dla niego koszulka lidera. Oboje zgodni zapalaj\u0105 si\u0119 do jazdy tam, gdzie Simpson odda\u0142 ostatni oddech. Jednocze\u015bnie za nimi w tyle tylko Gesink pr\u00f3buje poruszy\u0107 niebo i ziemi\u0119- z Evansem, kt\u00f3ry dwa razy niweczy plany przedsi\u0119biorczego Nibali. W mi\u0119dzyczasie Basso \u201ewylatuje w powietrze\u201d.<\/p>\n\n\n\n<p><strong>Dw\u00f3jka<\/strong>&nbsp; \u2013 Dwaj kolarze regularnie si\u0119 zmieniaj\u0105, ich przewaga ro\u015bnie i Valverde zaczyna si\u0119 czu\u0107 liderem. Ale na 500 m do mety ogl\u0105da si\u0119 do ty\u0142u i nie widzi Szmyda, os\u0142abionego przez silne emocje. Polak nie daje zmiany, z\u0119batka kr\u0119ci si\u0119 na pr\u00f3\u017cno. Czas po\u017cegna\u0107 marzenia o s\u0142awie, emocje by\u0142y zbyt silne- on, \u201egregario\u201d, kt\u00f3rego rol\u0105 nigdy nie by\u0142o wygrywa\u0107, zamierza\u0142 tryumfowa\u0107 na Mont Ventoux!!! Jednak Valverde jest d\u017centelmenem. Na ostatnim zakr\u0119cie jedzie jakby tym razem to on wypad\u0142 z rytmu, a Szmyd odzyskuje si\u0142y, wyprzedza go i wygrywa. Wszyscy s\u0105 zadowoleni- z tego \u201eprzedruku\u201d ksi\u0105\u017cki \u201eSerce\u201d.<\/p>\n\n\n\n<p><strong>Dzisiaj Izoard<\/strong>&nbsp; \u2013 Dauphine Libere prowadzi dzi\u015b na kolejny etap, kt\u00f3ry mo\u017ce przynie\u015b\u0107 zmiany w klasyfikacji generalnej. W drugiej cz\u0119\u015bci dnia kolarze b\u0119d\u0105 si\u0119 wspina\u0107 na mityczn\u0105 prze\u0142\u0119cz Col de l&#8217;Izoard z niemal pionowym zjazdem w stron\u0119 Briancon i met\u0105 ko\u0144cz\u0105c\u0105 sprint na 1500 m o nachyleniu 6%, teoretycznie etap \u015bwietnie nadaj\u0105cy si\u0119 dla Valverde. Jednego jeste\u015bmy pewni: Liquigas nie b\u0119dzie ju\u017c atakowa\u0107 Valverde. Je\u017celi zdecyduje si\u0119 na atak, to skupi si\u0119 na swoich bezpo\u015brednich przeciwnikach, na czele z Evansem (nazbyt aktywnym w po\u015bcigu za Nibalim podczas wjazdu na \u0141ys\u0105 G\u00f3r\u0119). Jak zosta\u0142o powiedziane, Basso nie b\u0119dzie ju\u017c cz\u0119\u015bci\u0105 grupy (prawdopodobnie powr\u00f3ci do niej na Tour de Pologne, mi\u0119dzy 2 a 8 sierpniem). Relacja bezpo\u015brednia na Eurosporcie od godziny 15:15.<\/p>\n\n\n\n<p><strong>Sytuacja \u2013 kolejno\u015b\u0107 przyjazdu na met\u0119<\/strong>: 1. Sylwester Szmyd (Polska, Liquigas); 2. Valverde (Hiszpania); 3. H. Zubeldia (Hiszpania) (&#8230;)<\/p>\n\n\n\n<p>Podpis pod zdj\u0119ciem:<\/p>\n\n\n\n<p>\u201eSylwester Szmyd, 31 lat, w najpi\u0119kniejszym dniu swojej kariery: pierwszy na Mont Ventoux, przed Valverde\u201d<\/p>\n\n\n\n<p>t\u0142umaczenie: Kasia Szmyd<\/p>\n","protected":false},"excerpt":{"rendered":"<p>LA GAZZETTA Mont Ventoux \u2013 \u201eValverde show\u201d i rado\u015b\u0107 Szmyda Hiszpan odbiera koszulk\u0119 lidera Evansowi i ofiaruje sukces Polakowi z dru\u017cyny Liquigas. Basso ma gor\u0105czk\u0119: wycofuje si\u0119. Mont Ventoux \u2013 Dosz\u0142o tu do powt\u00f3rki. 13 lipca 2000 r. Lance Armstrong, jad\u0105cy w \u017c\u00f3\u0142tej koszulce lidera, zostawi\u0142 zwyci\u0119stwo Marco Pantaniemu. Wczoraj&#8230;<\/p>\n","protected":false},"author":1,"featured_media":4725,"comment_status":"closed","ping_status":"closed","sticky":false,"template":"","format":"standard","meta":{"ngg_post_thumbnail":0,"_jetpack_memberships_contains_paid_content":false,"footnotes":""},"categories":[169,8,10],"tags":[],"class_list":["post-4723","post","type-post","status-publish","format-standard","has-post-thumbnail","hentry","category-criterium-du-dauphine-2009","category-prasa","category-wyscigi"],"jetpack_featured_media_url":"https:\/\/i0.wp.com\/www.sylwesterszmyd.pl\/wp-content\/uploads\/2021\/06\/lgds.jpg?fit=1000%2C1080","jetpack_sharing_enabled":true,"_links":{"self":[{"href":"http:\/\/www.sylwesterszmyd.pl\/index.php?rest_route=\/wp\/v2\/posts\/4723","targetHints":{"allow":["GET"]}}],"collection":[{"href":"http:\/\/www.sylwesterszmyd.pl\/index.php?rest_route=\/wp\/v2\/posts"}],"about":[{"href":"http:\/\/www.sylwesterszmyd.pl\/index.php?rest_route=\/wp\/v2\/types\/post"}],"author":[{"embeddable":true,"href":"http:\/\/www.sylwesterszmyd.pl\/index.php?rest_route=\/wp\/v2\/users\/1"}],"replies":[{"embeddable":true,"href":"http:\/\/www.sylwesterszmyd.pl\/index.php?rest_route=%2Fwp%2Fv2%2Fcomments&post=4723"}],"version-history":[{"count":1,"href":"http:\/\/www.sylwesterszmyd.pl\/index.php?rest_route=\/wp\/v2\/posts\/4723\/revisions"}],"predecessor-version":[{"id":4726,"href":"http:\/\/www.sylwesterszmyd.pl\/index.php?rest_route=\/wp\/v2\/posts\/4723\/revisions\/4726"}],"wp:featuredmedia":[{"embeddable":true,"href":"http:\/\/www.sylwesterszmyd.pl\/index.php?rest_route=\/wp\/v2\/media\/4725"}],"wp:attachment":[{"href":"http:\/\/www.sylwesterszmyd.pl\/index.php?rest_route=%2Fwp%2Fv2%2Fmedia&parent=4723"}],"wp:term":[{"taxonomy":"category","embeddable":true,"href":"http:\/\/www.sylwesterszmyd.pl\/index.php?rest_route=%2Fwp%2Fv2%2Fcategories&post=4723"},{"taxonomy":"post_tag","embeddable":true,"href":"http:\/\/www.sylwesterszmyd.pl\/index.php?rest_route=%2Fwp%2Fv2%2Ftags&post=4723"}],"curies":[{"name":"wp","href":"https:\/\/api.w.org\/{rel}","templated":true}]}}