{"id":4720,"date":"2009-06-12T14:00:00","date_gmt":"2009-06-12T14:00:00","guid":{"rendered":"http:\/\/www.sylwesterszmyd.pl\/?p=4720"},"modified":"2021-06-06T14:02:34","modified_gmt":"2021-06-06T14:02:34","slug":"najpiekniejsza-droga-na-szczyt","status":"publish","type":"post","link":"http:\/\/www.sylwesterszmyd.pl\/?p=4720","title":{"rendered":"Najpi\u0119kniejsz\u0105 drog\u0105 na Szczyt"},"content":{"rendered":"\n<p>Wiele lat czeka\u0142em na te s\u0142owa i zwyci\u0119stwo, na kt\u00f3re Sylwek zas\u0142u\u017cy\u0142 jak ma\u0142o kto. W sporcie nie przyznaje si\u0119 jednak zwyci\u0119stw za zas\u0142ugi, trzeba samemu je wyrwa\u0107 i w\u0142a\u015bnie to zrobi\u0142 na Mount Ventoux kolarz Liquigasu. Si\u0119gn\u0105\u0142 po nagrod\u0119 za lata kator\u017cniczej pracy, za samozaparcie, odporno\u015b\u0107 na krytyk\u0119 i mi\u0142o\u015b\u0107 do kolarstwa. Ch\u0142opak z Bydgoszczy, kt\u00f3rego trener po pierwszych treningach powiedzia\u0142 ojcu, \u017ce kolarza to z niego nie b\u0119dzie.<\/p>\n\n\n\n<p>Jak kiedy\u015b mi opowiada\u0142, nawet po dw\u00f3ch latach trening\u00f3w byli tacy, kt\u00f3rzy dopiero co przyszli do klubu i urywali go z ko\u0142a. On jednak pokocha\u0142 kolarstwo i postanowi\u0142 po\u015bwi\u0119ci\u0107 si\u0119 mu ca\u0142kowicie. Skaza\u0142 si\u0119 na samotno\u015b\u0107 wyje\u017cd\u017caj\u0105c do W\u0142och w wieku kilkunastu lat. Zamieszka\u0142 w Montignoso, bo ma stamt\u0105d tylko kilka kilometr\u00f3w do wielokilometrowych, g\u00f3rskich podjazd\u00f3w.<\/p>\n\n\n\n<p>To w\u0142a\u015bnie g\u00f3ry by\u0142y zawsze jego terenem, jak kiedy\u015b powiedzia\u0142: gdyby nie by\u0142o g\u00f3r, nie by\u0142bym kolarzem. 5, 6 godzin na siode\u0142ku, setki kilometr\u00f3w i tysi\u0105ce metr\u00f3w przewy\u017cszenia &#8211; tak dzie\u0144 w dzie\u0144, sezon po sezonie. Z wiar\u0105 w to, \u017ce pasja i mi\u0142o\u015b\u0107 do kolarstwa, poparte ci\u0119\u017ck\u0105 prac\u0105, dadz\u0105 efekt nawet, je\u015bli nie jest si\u0119 wybitnie utalentowanym.<\/p>\n\n\n\n<p>W Polsce o Sylwku d\u0142ugo by\u0142o cicho, a on wspina\u0142 si\u0119 coraz wy\u017cej w kolarskiej hierarchii. Pracowa\u0142 dla Pantaniego, Simoniego i Cunego staj\u0105c si\u0119 jednym z najbardziej cenionych pomocnik\u00f3w w kolarskim peletonie. W ubieg\u0142ym roku, na wyra\u017an\u0105 pro\u015bb\u0119 Ivana Basso podpisa\u0142 kontrakt z Liquigasem. Kilka miesi\u0119cy p\u00f3\u017aniej z ofert\u0105 jazdy w Astanie zadzwoni\u0142 Johan Bruyneel. Od kilku lat o zatrudnienie Szmyda w Caisse d\u2019Epargne stara\u0142 si\u0119 Alejandro Valverde.<\/p>\n\n\n\n<p>I w\u0142a\u015bnie dzi\u015b, na Mount Ventoux, wsp\u00f3lnie z Valverde Sylwester Szmyd da\u0142 nam spektakl, jakiego polscy kibice oczekiwali od wielu lat. Ile\u017c lat musia\u0142o mu przelecie\u0107 przez g\u0142ow\u0119 na ostatnim kilometrze mitycznej g\u00f3ry. Ile\u017c wyrzecze\u0144, kt\u00f3re doprowadzi\u0142y do wspania\u0142ego zwyci\u0119stwa. Wjecha\u0142 na Szczyt najpi\u0119kniejsz\u0105 drog\u0105, \u017caden kilometr podjazdu nie zosta\u0142 mu darowany. Dzi\u015b oczywi\u015bcie znalaz\u0142o si\u0119 nagle wielu kibic\u00f3w, kt\u00f3rzy \u201ezawsze wierzyli w jego sukces\u201d\u2026 Na szcz\u0119\u015bcie Sylwek nie ma problemu z odr\u00f3\u017cnieniem prawdziwych kibic\u00f3w od tych, kt\u00f3rzy uwierzyli w niego teraz, chocia\u017c jeszcze wczoraj spisywali go na straty, wy\u015bmiewaj\u0105c prac\u0119 \u201ejakiego\u015b gregario\u201d.<\/p>\n\n\n\n<p>Poczytajcie jutro gazety, przejrzyjcie portale i pos\u0142uchajcie komentarzy. B\u0119dzie \u015bmiesznie i straszno. Ws\u0142uchajcie si\u0119 tak\u017ce w wypowiedzi tych, kt\u00f3rzy od lat odmawiaj\u0105 najlepszemu polskiemu kolarzowi prawa do startu w narodowej reprezentacji. A je\u015bli naprawd\u0119 kibicowali\u015bcie Sylwkowi, to mam Wam co\u015b do przekazania, bo sam by\u0142 zbyt zm\u0119czony by siada\u0107 dzi\u015b do pisania. Prosi\u0142 mnie, bym w jego imieniu podzi\u0119kowa\u0142 wszystkim, kt\u00f3rzy byli z nim i przy nim przez wszystkie lata kariery, kt\u00f3rzy wspierali go w codziennej pracy i d\u0105\u017ceniu do celu.<\/p>\n\n\n\n<p>A ja dzi\u0119kuj\u0119 Tobie Sylwek. Nie tylko za dzisiejsze fantastyczne zwyci\u0119stwo. Dzi\u0119kuj\u0119 za rozmowy o kolarstwie, dzi\u0119ki kt\u00f3rym zrozumia\u0142em wiele rzeczy. Za mo\u017cliwo\u015b\u0107 uczestnictwa w treningach i podpatrywania przygotowa\u0144 do najwa\u017cniejszych wy\u015bcig\u00f3w. Wreszcie za Twoj\u0105 pasj\u0119, najszlachetniejsz\u0105 ze sportowych emocji.<\/p>\n\n\n\n<p>tekst: Adam Probosz , cyclo.pl<\/p>\n\n\n\n<p>foto: <a href=\"http:\/\/www.corvospro.com\/arimages.aspx\">corvospro<\/a><\/p>\n","protected":false},"excerpt":{"rendered":"<p>Wiele lat czeka\u0142em na te s\u0142owa i zwyci\u0119stwo, na kt\u00f3re Sylwek zas\u0142u\u017cy\u0142 jak ma\u0142o kto. W sporcie nie przyznaje si\u0119 jednak zwyci\u0119stw za zas\u0142ugi, trzeba samemu je wyrwa\u0107 i w\u0142a\u015bnie to zrobi\u0142 na Mount Ventoux kolarz Liquigasu. Si\u0119gn\u0105\u0142 po nagrod\u0119 za lata kator\u017cniczej pracy, za samozaparcie, odporno\u015b\u0107 na krytyk\u0119 i&#8230;<\/p>\n","protected":false},"author":1,"featured_media":4721,"comment_status":"closed","ping_status":"closed","sticky":false,"template":"","format":"standard","meta":{"ngg_post_thumbnail":0,"_jetpack_memberships_contains_paid_content":false,"footnotes":""},"categories":[169,8,10],"tags":[],"class_list":["post-4720","post","type-post","status-publish","format-standard","has-post-thumbnail","hentry","category-criterium-du-dauphine-2009","category-prasa","category-wyscigi"],"jetpack_featured_media_url":"https:\/\/i0.wp.com\/www.sylwesterszmyd.pl\/wp-content\/uploads\/2021\/06\/Dauphine05stage01.jpg?fit=600%2C399","jetpack_sharing_enabled":true,"_links":{"self":[{"href":"http:\/\/www.sylwesterszmyd.pl\/index.php?rest_route=\/wp\/v2\/posts\/4720","targetHints":{"allow":["GET"]}}],"collection":[{"href":"http:\/\/www.sylwesterszmyd.pl\/index.php?rest_route=\/wp\/v2\/posts"}],"about":[{"href":"http:\/\/www.sylwesterszmyd.pl\/index.php?rest_route=\/wp\/v2\/types\/post"}],"author":[{"embeddable":true,"href":"http:\/\/www.sylwesterszmyd.pl\/index.php?rest_route=\/wp\/v2\/users\/1"}],"replies":[{"embeddable":true,"href":"http:\/\/www.sylwesterszmyd.pl\/index.php?rest_route=%2Fwp%2Fv2%2Fcomments&post=4720"}],"version-history":[{"count":1,"href":"http:\/\/www.sylwesterszmyd.pl\/index.php?rest_route=\/wp\/v2\/posts\/4720\/revisions"}],"predecessor-version":[{"id":4722,"href":"http:\/\/www.sylwesterszmyd.pl\/index.php?rest_route=\/wp\/v2\/posts\/4720\/revisions\/4722"}],"wp:featuredmedia":[{"embeddable":true,"href":"http:\/\/www.sylwesterszmyd.pl\/index.php?rest_route=\/wp\/v2\/media\/4721"}],"wp:attachment":[{"href":"http:\/\/www.sylwesterszmyd.pl\/index.php?rest_route=%2Fwp%2Fv2%2Fmedia&parent=4720"}],"wp:term":[{"taxonomy":"category","embeddable":true,"href":"http:\/\/www.sylwesterszmyd.pl\/index.php?rest_route=%2Fwp%2Fv2%2Fcategories&post=4720"},{"taxonomy":"post_tag","embeddable":true,"href":"http:\/\/www.sylwesterszmyd.pl\/index.php?rest_route=%2Fwp%2Fv2%2Ftags&post=4720"}],"curies":[{"name":"wp","href":"https:\/\/api.w.org\/{rel}","templated":true}]}}