{"id":4714,"date":"2009-06-11T13:55:00","date_gmt":"2009-06-11T13:55:00","guid":{"rendered":"http:\/\/www.sylwesterszmyd.pl\/?p=4714"},"modified":"2021-06-06T13:57:34","modified_gmt":"2021-06-06T13:57:34","slug":"valverde-zachowal-sie-jak-wielki-mistrz","status":"publish","type":"post","link":"http:\/\/www.sylwesterszmyd.pl\/?p=4714","title":{"rendered":"Valverde zachowa\u0142 si\u0119 jak wielki mistrz"},"content":{"rendered":"\n<p>Sylwester Szmyd przeszed\u0142 w \u015brod\u0119 do historii. Polski kolarz grupy Liquigas odni\u00f3s\u0142 na legendarnym wzniesieniu Mont Ventoux swoje pierwsze zwyci\u0119stwo w karierze. 31-letni zawodnik udowodni\u0142 tym samym, \u017ce jest w stanie wygrywa\u0107 etapy najwi\u0119kszych wy\u015bcig\u00f3w \u015bwiata.<\/p>\n\n\n\n<p>Na met\u0119 \u015brodowego etapu Szmyd przyjecha\u0142 skrajnie wycie\u0144czony. Dopiero na ostatnich kilku kilometrach podjazdu na &#8222;Olbrzyma Prowansji&#8221; Polak jecha\u0142 ju\u017c dla siebie. Wcze\u015bniej zmuszony by\u0142 pomaga\u0107 liderowi Liquigas, Ivanowi Basso. Oto, co po morderczej wspinaczce powiedzia\u0142 na mecie najlepszy polski kolarz &#8211; Sylwester Szmyd.<\/p>\n\n\n\n<p><em>Jak si\u0119 czu\u0142e\u015b na ostatnim fragmencie podjazdu?<\/em><\/p>\n\n\n\n<p>SYLWESTER SZMYD: By\u0142o bardzo ci\u0119\u017cko (\u015bmiech). Towarzyszy\u0142 mi ogromny stres. Wiedzia\u0142em, \u017ce mam szans\u0119 wygra\u0107 etap, ale wszystko mog\u0142o si\u0119 r\u00f3wnie dobrze potoczy\u0107 inaczej. Na ostatnich metrach czu\u0142em si\u0119 kompletnie wyczerpany, jednak po chwilowym kryzysie uda\u0142o mi si\u0119 zn\u00f3w nacisn\u0105\u0107 na peda\u0142y. Valverde zachowa\u0142 si\u0119 w\u00f3wczas jak wielki mistrz.<\/p>\n\n\n\n<p><em>Czy porozumieli\u015bcie si\u0119, co do tego, jak rozegracie ostatnie metry przed met\u0105?<\/em><\/p>\n\n\n\n<p>&#8211; Nie by\u0142o mi\u0119dzy nami \u017cadnych ustale\u0144. Zachowanie Valverde by\u0142o jego naturaln\u0105 reakcj\u0105. Obaj o co\u015b na tym etapie walczyli\u015bmy. On chcia\u0142 zdoby\u0107 \u017c\u00f3\u0142t\u0105 koszulk\u0119 lidera, a moim celem by\u0142o wygranie etapu. Dlatego te\u017c nasza wsp\u00f3\u0142praca w ucieczce uk\u0142ada\u0142a si\u0119 tak dobrze. Valverde wygra\u0142 w swojej karierze ju\u017c wiele wy\u015bcig\u00f3w. St\u0105d te\u017c jego wspania\u0142e zachowanie.<\/p>\n\n\n\n<p><em>To zwyci\u0119stwo jest chyba dla Ciebie szczeg\u00f3lnie cenne?<\/em><\/p>\n\n\n\n<p>&#8211; W dw\u00f3ch wy\u015bcigach staram si\u0119 zawsze walczy\u0107 o jak najlepsze miejsce w klasyfikacji generalnej: Tour de Romandie i Dauphin\u00e9 Lib\u00e9r\u00e9. Na Giro, Vuelcie i Tour de France koncentruj\u0119 si\u0119 na pracy na rzecz lider\u00f3w. Pracowa\u0142em ju\u017c dla Cunego, Basso i Simoniego. W takich wy\u015bcigach jak Dauphin\u00e9, nasi liderzy daj\u0105 nam wi\u0119cej swobody. Mamy mo\u017cliwo\u015b\u0107 powalczenia o etapowe zwyci\u0119stwa.<\/p>\n\n\n\n<p><em>Tw\u00f3j lider, Ivan Basso, nie by\u0142 chyba dzisiaj w dobrym nastroju &#8230;<\/em><\/p>\n\n\n\n<p>&#8211; Wydaje mi si\u0119, \u017ce Basso jest w stanie je\u017adzi\u0107 naprawd\u0119 szybko. Jednak nie\u0142atwo jest wr\u00f3ci\u0107 do optymalnej dyspozycji po tylu latach przerwy. Moim zdaniem on i tak spisuje si\u0119 bardzo dobrze.<\/p>\n\n\n\n<p><em>Czy triumf na Mont Ventoux jest spe\u0142nieniem Twoich marze\u0144?<\/em><\/p>\n\n\n\n<p>&#8211; To nie by\u0142 pierwszy raz, kiedy pr\u00f3bowa\u0142em tu wygra\u0107. Na Mont Ventoux ucieka\u0142em ju\u017c trzy lata temu. W\u00f3wczas jednak peleton mnie dogoni\u0142. W 2007 roku lepszy okaza\u0142 si\u0119 Christophe Moreau. M\u00f3g\u0142bym powiedzie\u0107, \u017ce Giro jest dla mnie dobrym przetarciem przed Dauphin\u00e9 Lib\u00e9r\u00e9.<\/p>\n\n\n\n<p>\u017ar\u00f3d\u0142o: eurosport.pl<\/p>\n\n\n\n<p>foto: <a href=\"http:\/\/www.corvospro.com\/arimages.aspx\">corvospro<\/a><\/p>\n","protected":false},"excerpt":{"rendered":"<p>Sylwester Szmyd przeszed\u0142 w \u015brod\u0119 do historii. Polski kolarz grupy Liquigas odni\u00f3s\u0142 na legendarnym wzniesieniu Mont Ventoux swoje pierwsze zwyci\u0119stwo w karierze. 31-letni zawodnik udowodni\u0142 tym samym, \u017ce jest w stanie wygrywa\u0107 etapy najwi\u0119kszych wy\u015bcig\u00f3w \u015bwiata. Na met\u0119 \u015brodowego etapu Szmyd przyjecha\u0142 skrajnie wycie\u0144czony. Dopiero na ostatnich kilku kilometrach podjazdu&#8230;<\/p>\n","protected":false},"author":1,"featured_media":4715,"comment_status":"closed","ping_status":"closed","sticky":false,"template":"","format":"standard","meta":{"ngg_post_thumbnail":0,"_jetpack_memberships_contains_paid_content":false,"footnotes":""},"categories":[169,10],"tags":[],"class_list":["post-4714","post","type-post","status-publish","format-standard","has-post-thumbnail","hentry","category-criterium-du-dauphine-2009","category-wyscigi"],"jetpack_featured_media_url":"https:\/\/i0.wp.com\/www.sylwesterszmyd.pl\/wp-content\/uploads\/2021\/06\/s6.jpg?fit=922%2C582","jetpack_sharing_enabled":true,"_links":{"self":[{"href":"http:\/\/www.sylwesterszmyd.pl\/index.php?rest_route=\/wp\/v2\/posts\/4714","targetHints":{"allow":["GET"]}}],"collection":[{"href":"http:\/\/www.sylwesterszmyd.pl\/index.php?rest_route=\/wp\/v2\/posts"}],"about":[{"href":"http:\/\/www.sylwesterszmyd.pl\/index.php?rest_route=\/wp\/v2\/types\/post"}],"author":[{"embeddable":true,"href":"http:\/\/www.sylwesterszmyd.pl\/index.php?rest_route=\/wp\/v2\/users\/1"}],"replies":[{"embeddable":true,"href":"http:\/\/www.sylwesterszmyd.pl\/index.php?rest_route=%2Fwp%2Fv2%2Fcomments&post=4714"}],"version-history":[{"count":1,"href":"http:\/\/www.sylwesterszmyd.pl\/index.php?rest_route=\/wp\/v2\/posts\/4714\/revisions"}],"predecessor-version":[{"id":4716,"href":"http:\/\/www.sylwesterszmyd.pl\/index.php?rest_route=\/wp\/v2\/posts\/4714\/revisions\/4716"}],"wp:featuredmedia":[{"embeddable":true,"href":"http:\/\/www.sylwesterszmyd.pl\/index.php?rest_route=\/wp\/v2\/media\/4715"}],"wp:attachment":[{"href":"http:\/\/www.sylwesterszmyd.pl\/index.php?rest_route=%2Fwp%2Fv2%2Fmedia&parent=4714"}],"wp:term":[{"taxonomy":"category","embeddable":true,"href":"http:\/\/www.sylwesterszmyd.pl\/index.php?rest_route=%2Fwp%2Fv2%2Fcategories&post=4714"},{"taxonomy":"post_tag","embeddable":true,"href":"http:\/\/www.sylwesterszmyd.pl\/index.php?rest_route=%2Fwp%2Fv2%2Ftags&post=4714"}],"curies":[{"name":"wp","href":"https:\/\/api.w.org\/{rel}","templated":true}]}}