{"id":4711,"date":"2009-06-11T13:52:00","date_gmt":"2009-06-11T13:52:00","guid":{"rendered":"http:\/\/www.sylwesterszmyd.pl\/?p=4711"},"modified":"2021-06-06T13:54:30","modified_gmt":"2021-06-06T13:54:30","slug":"chcialo-mi-sie-wymiotowac","status":"publish","type":"post","link":"http:\/\/www.sylwesterszmyd.pl\/?p=4711","title":{"rendered":"Chcia\u0142o mi si\u0119 wymiotowa\u0107"},"content":{"rendered":"\n<p>Na chwil\u0119 przez przed met\u0105 czu\u0142em si\u0119 strasznie, kompletnie wym\u0119czony. Chcia\u0142em wymiotowa\u0107, a moje nogi si\u0119 zablokowa\u0142y &#8211; powiedzia\u0142 Sylwester Szmyd na mecie usytu\u0142owanej na g\u00f3rze Mont Ventoux.. Polak w czwartkowe popo\u0142udnie wygra\u0142 pi\u0105ty etap s\u0142ynnego wy\u015bcigu Dauphin\u00e9 Lib\u00e9r\u00e9.<\/p>\n\n\n\n<p>&#8211; Na chwil\u0119 przez przed met\u0105 czu\u0142em si\u0119 strasznie, kompletnie wym\u0119czony. Chcia\u0142em wymiotowa\u0107, a moje nogi si\u0119 zablokowa\u0142y &#8211; m\u00f3wi\u0142 na mecie Sylwester Szmyd. &#8211; Tak naprawd\u0119 nie by\u0142o \u017cadnego porozumienia mi\u0119dzy mn\u0105 i Valverde, \u017ce on daje mi wygra\u0107. On zobaczy\u0142, co si\u0119 ze mn\u0105 dzia\u0142o na ostatnich metrach i postanowi\u0142 poczeka\u0107. To by\u0142o pierwsze zwyci\u0119stwo w mojej karierze, wi\u0119c Alejandro zachowa\u0142 si\u0119 jak prawdziwy d\u017centelmen. To wielki mistrz &#8211; dodawa\u0142 bohater czwartkowego etapu.<\/p>\n\n\n\n<p>&#8211; To wa\u017cne, aby wygra\u0107 na tej g\u00f3rze, ale b\u0119d\u0105 jeszcze inne mo\u017cliwo\u015bci na zwyci\u0119stwa &#8211; powiedzia\u0142 Valverde. &#8211; To nie by\u0142 m\u00f3j prezent dla Szmyda. On naprawd\u0119 zas\u0142u\u017cy\u0142 na zwyci\u0119stwo. Dzi\u0119ki niemu uzyska\u0142em przewag\u0119 nad inni zawodnikami na podje\u017adzie pod Mont Ventoux. Kiedy zaatakowa\u0142em, by\u0142em zdziwiony, \u017ce tak szybko uda\u0142o si\u0119 powi\u0119kszy\u0107 przewag\u0119. Razem z Szmydem po\u0142\u0105czyli\u015bmy si\u0142y i to dzia\u0142a\u0142o znakomicie &#8211; doda\u0142 Valverde.<\/p>\n\n\n\n<p>\u017ar\u00f3d\u0142o: eurosport.pl<\/p>\n","protected":false},"excerpt":{"rendered":"<p>Na chwil\u0119 przez przed met\u0105 czu\u0142em si\u0119 strasznie, kompletnie wym\u0119czony. Chcia\u0142em wymiotowa\u0107, a moje nogi si\u0119 zablokowa\u0142y &#8211; powiedzia\u0142 Sylwester Szmyd na mecie usytu\u0142owanej na g\u00f3rze Mont Ventoux.. Polak w czwartkowe popo\u0142udnie wygra\u0142 pi\u0105ty etap s\u0142ynnego wy\u015bcigu Dauphin\u00e9 Lib\u00e9r\u00e9. &#8211; Na chwil\u0119 przez przed met\u0105 czu\u0142em si\u0119 strasznie, kompletnie wym\u0119czony&#8230;.<\/p>\n","protected":false},"author":1,"featured_media":4712,"comment_status":"closed","ping_status":"closed","sticky":false,"template":"","format":"standard","meta":{"ngg_post_thumbnail":0,"_jetpack_memberships_contains_paid_content":false,"footnotes":""},"categories":[169,10],"tags":[],"class_list":["post-4711","post","type-post","status-publish","format-standard","has-post-thumbnail","hentry","category-criterium-du-dauphine-2009","category-wyscigi"],"jetpack_featured_media_url":"https:\/\/i0.wp.com\/www.sylwesterszmyd.pl\/wp-content\/uploads\/2021\/06\/ytuFwukhjvkmbkTbMyUFSm.jpg?fit=600%2C398","jetpack_sharing_enabled":true,"_links":{"self":[{"href":"http:\/\/www.sylwesterszmyd.pl\/index.php?rest_route=\/wp\/v2\/posts\/4711","targetHints":{"allow":["GET"]}}],"collection":[{"href":"http:\/\/www.sylwesterszmyd.pl\/index.php?rest_route=\/wp\/v2\/posts"}],"about":[{"href":"http:\/\/www.sylwesterszmyd.pl\/index.php?rest_route=\/wp\/v2\/types\/post"}],"author":[{"embeddable":true,"href":"http:\/\/www.sylwesterszmyd.pl\/index.php?rest_route=\/wp\/v2\/users\/1"}],"replies":[{"embeddable":true,"href":"http:\/\/www.sylwesterszmyd.pl\/index.php?rest_route=%2Fwp%2Fv2%2Fcomments&post=4711"}],"version-history":[{"count":1,"href":"http:\/\/www.sylwesterszmyd.pl\/index.php?rest_route=\/wp\/v2\/posts\/4711\/revisions"}],"predecessor-version":[{"id":4713,"href":"http:\/\/www.sylwesterszmyd.pl\/index.php?rest_route=\/wp\/v2\/posts\/4711\/revisions\/4713"}],"wp:featuredmedia":[{"embeddable":true,"href":"http:\/\/www.sylwesterszmyd.pl\/index.php?rest_route=\/wp\/v2\/media\/4712"}],"wp:attachment":[{"href":"http:\/\/www.sylwesterszmyd.pl\/index.php?rest_route=%2Fwp%2Fv2%2Fmedia&parent=4711"}],"wp:term":[{"taxonomy":"category","embeddable":true,"href":"http:\/\/www.sylwesterszmyd.pl\/index.php?rest_route=%2Fwp%2Fv2%2Fcategories&post=4711"},{"taxonomy":"post_tag","embeddable":true,"href":"http:\/\/www.sylwesterszmyd.pl\/index.php?rest_route=%2Fwp%2Fv2%2Ftags&post=4711"}],"curies":[{"name":"wp","href":"https:\/\/api.w.org\/{rel}","templated":true}]}}