{"id":4708,"date":"2009-06-11T13:49:00","date_gmt":"2009-06-11T13:49:00","guid":{"rendered":"http:\/\/www.sylwesterszmyd.pl\/?p=4708"},"modified":"2021-06-06T13:51:43","modified_gmt":"2021-06-06T13:51:43","slug":"polak-zdobyl-najbardziej-mordercza-gore","status":"publish","type":"post","link":"http:\/\/www.sylwesterszmyd.pl\/?p=4708","title":{"rendered":"Polak zdoby\u0142 najbardziej mordercz\u0105 g\u00f3r\u0119"},"content":{"rendered":"\n<p>Kapitalny sukces Sylwestra Szmyda! Zawodnik grupy Liquigas wygra\u0142 pi\u0105ty etap s\u0142ynnego wy\u015bcigu Dauphin\u00e9 Lib\u00e9r\u00e9. Polski kolarz wspaniale spisa\u0142 si\u0119 na morderczym podje\u017adzie pod mityczn\u0105 ju\u017c g\u00f3r\u0119 Mont Ventoux i na mecie wyprzedzi\u0142 Alejando Valverde. Dla Szmyda to pierwszy taki sukces w karierze.<\/p>\n\n\n\n<p>&#8211; Po cichu marz\u0119 o jakim\u015b zwyci\u0119stwie etapowym. Najlepiej na Mont Ventoux &#8211; m\u00f3wi\u0142 Szmyd przed rozpocz\u0119ciem wy\u015bcigu. &#8211; Chcia\u0142bym, by noga by\u0142a jak rok temu tutaj w g\u00f3rach. Chcia\u0142bym, by wszystko posz\u0142o jak sobie \u017cycz\u0119, by wy\u015bcig si\u0119 u\u0142o\u017cy\u0142 jak chc\u0119. Dzi\u015b z Ivanem Basso rozmawia\u0142em o taktyce na czwartkowy etap. Jeste\u015bmy nawet razem w pokoju. My\u015bl\u0119, \u017ce je\u015bli mi si\u0119 uda, musz\u0119 wcze\u015bniej odjecha\u0107, jak dwa lata temu, a on p\u00f3\u017aniej b\u0119dzie pr\u00f3bowa\u0142 dojecha\u0107&#8230; to ju\u017c brzmi jak bajka &#8211; dodawa\u0142 w \u015brod\u0119. Okaza\u0142o si\u0119, \u017ce sen naszego zawodnika si\u0119 spe\u0142ni\u0142.<\/p>\n\n\n\n<p>Polak dwa lata temu na tym samym etapie by\u0142 drugi. Wtedy w ko\u0144c\u00f3wce przegra\u0142 z Francuzem Christophe&#8217;m Moreau, a ze zm\u0119czenia wymiotowa\u0142. Nic jednak w tym dziwnego. Nazywa &#8222;G\u00f3r\u0105 Wiatr\u00f3w&#8221; Mont Ventoux jest uwa\u017cana za najtrudniejsz\u0105 dla kolarzy g\u00f3r\u0119 \u015bwiata. To w\u0142a\u015bnie na niej ko\u0144czy\u0142y si\u0119 w przesz\u0142o\u015bci etapy Tour de France. To na niej 42 lata temu z wyczerpania zmar\u0142 Brytyjczyk Tom Simpson. To g\u00f3ra, kt\u00f3ra nie wybacza s\u0142abo\u015bci, a triumfatorami byli na niej tylko wybitni kolarze. Do tego grona do\u0142\u0105czy\u0142 teraz tak\u017ce Szmyd.<\/p>\n\n\n\n<p>Czwartkowy etap by\u0142 popisem naszego kolarza, ale trzeba uczciwie przyzna\u0107, \u017ce wygran\u0105 odda\u0142 mu Alejandro Valverde (Caisse d&#8217;Epargne). Hiszpan na ostatnich metrach nie atakowa\u0142 ju\u017c Polaka, a wr\u0119cz zwalnia\u0142, aby nasz zawodnik zwyci\u0119\u017cy\u0142. Szczeg\u00f3lnie na ostatnich 400 metrach wida\u0107 by\u0142o, \u017ce ka\u017cde kolejne naci\u015bni\u0119cie na peda\u0142y sprawia polskiemu zawodnikowi Liquigasu du\u017cy b\u00f3l. Trzeci by\u0142 inny hiszpa\u0144ski kolarz Haimar Zubeldia Agirre z Astany.<\/p>\n\n\n\n<p>Honorowa postawa Valverde nie mo\u017ce jednak dziwi\u0107 i w \u015bwiatowym peletonie nie jest czym\u015b specjalnie wyj\u0105tkowym. 31-letni Sylwester bez w\u0105tpienia dogada\u0142 si\u0119 z Alejandro, a temu nie zale\u017ca\u0142o na zwyci\u0119stwie etapowym. Wcze\u015bniej to w\u0142a\u015bnie dzi\u0119ki Szmydowi, Hiszpan osi\u0105gn\u0105\u0142 bowiem du\u017c\u0105 przewag\u0119 nad dotychczasowym liderem wy\u015bcigu Cadelem Evansem. To g\u0142\u00f3wnie zas\u0142uga Polaka, \u017ce Hiszpan przyjecha\u0142 na met\u0119 ponad dwie minuty przed Australijczykiem i dlatego za\u0142o\u017cy\u0142 \u017c\u00f3\u0142t\u0105 koszulk\u0119 dla najlepszego kolarza.<\/p>\n\n\n\n<p>Urodziny w Bydgoszczy kolarz natomiast bez w\u0105tpienia zas\u0142u\u017cy\u0142 na pierwszy etapowy triumf w zawodowej karierze. Na kilka kilometr\u00f3w przed met\u0105 woln\u0105 r\u0119k\u0119 dali mu dyrektorzy Liquigas. Wcze\u015bniej Polak jak zwykle pracowa\u0142 na lidera swojego zespo\u0142u Ivana Basso. W\u0142och jednak mia\u0142 problemy z kondycj\u0105 i nie by\u0142 w stanie walczy\u0107 wygran\u0105.<\/p>\n\n\n\n<p>Szmyd uwa\u017cany jest za jednego z najlepszych &#8222;pomocnik\u00f3w&#8221;, czyli &#8222;gregario&#8221; na \u015bwiecie. Ostatnie dobre wyniki kolarzy z jego ekipy, to g\u0142\u00f3wnie dzie\u0142o Polaka. Teraz wreszcie dla niego przyszed\u0142 czas na upragniony triumf.<\/p>\n\n\n\n<p>To najwi\u0119kszy sukces polskiego kolarza od ponad 10 lat. Ostatnio, podobne wyniki osi\u0105ga\u0142 tylko Zenon Jasku\u0142a. Przed rokiem Szmyd w klasyfikacji generalnej Crit\u00e9rium du Dauphin\u00e9 Lib\u00e9r\u00e9 zaj\u0105\u0142 \u00f3sme miejsce. Teraz po pi\u0119ciu etapach zajmuje dziewi\u0105t\u0105 lokat\u0119, a do prowadz\u0105cego Valverde traci trzy minuty i pi\u0119\u0107 sekund.<\/p>\n\n\n\n<p>Sylwester zosta\u0142 trzecim Polakiem w historii, kt\u00f3ry wygra\u0142 etap w Dauphin\u00e9 Lib\u00e9r\u00e9. W 1993 roku najlepszy by\u0142 26-letni wtedy Cezary Zamana. Wcze\u015bniej dokona\u0142 tego tak\u017ce Czes\u0142aw Lang.<\/p>\n\n\n\n<p>\u017ar\u00f3d\u0142o: eurosport.pl<\/p>\n\n\n\n<p>foto: <a href=\"http:\/\/www.corvospro.com\/arimages.aspx\">corvospro<\/a><\/p>\n","protected":false},"excerpt":{"rendered":"<p>Kapitalny sukces Sylwestra Szmyda! Zawodnik grupy Liquigas wygra\u0142 pi\u0105ty etap s\u0142ynnego wy\u015bcigu Dauphin\u00e9 Lib\u00e9r\u00e9. Polski kolarz wspaniale spisa\u0142 si\u0119 na morderczym podje\u017adzie pod mityczn\u0105 ju\u017c g\u00f3r\u0119 Mont Ventoux i na mecie wyprzedzi\u0142 Alejando Valverde. Dla Szmyda to pierwszy taki sukces w karierze. &#8211; Po cichu marz\u0119 o jakim\u015b zwyci\u0119stwie etapowym&#8230;.<\/p>\n","protected":false},"author":1,"featured_media":4709,"comment_status":"closed","ping_status":"closed","sticky":false,"template":"","format":"standard","meta":{"ngg_post_thumbnail":0,"_jetpack_memberships_contains_paid_content":false,"footnotes":""},"categories":[169,10],"tags":[],"class_list":["post-4708","post","type-post","status-publish","format-standard","has-post-thumbnail","hentry","category-criterium-du-dauphine-2009","category-wyscigi"],"jetpack_featured_media_url":"https:\/\/i0.wp.com\/www.sylwesterszmyd.pl\/wp-content\/uploads\/2021\/06\/s5.jpg?fit=928%2C489","jetpack_sharing_enabled":true,"_links":{"self":[{"href":"http:\/\/www.sylwesterszmyd.pl\/index.php?rest_route=\/wp\/v2\/posts\/4708","targetHints":{"allow":["GET"]}}],"collection":[{"href":"http:\/\/www.sylwesterszmyd.pl\/index.php?rest_route=\/wp\/v2\/posts"}],"about":[{"href":"http:\/\/www.sylwesterszmyd.pl\/index.php?rest_route=\/wp\/v2\/types\/post"}],"author":[{"embeddable":true,"href":"http:\/\/www.sylwesterszmyd.pl\/index.php?rest_route=\/wp\/v2\/users\/1"}],"replies":[{"embeddable":true,"href":"http:\/\/www.sylwesterszmyd.pl\/index.php?rest_route=%2Fwp%2Fv2%2Fcomments&post=4708"}],"version-history":[{"count":1,"href":"http:\/\/www.sylwesterszmyd.pl\/index.php?rest_route=\/wp\/v2\/posts\/4708\/revisions"}],"predecessor-version":[{"id":4710,"href":"http:\/\/www.sylwesterszmyd.pl\/index.php?rest_route=\/wp\/v2\/posts\/4708\/revisions\/4710"}],"wp:featuredmedia":[{"embeddable":true,"href":"http:\/\/www.sylwesterszmyd.pl\/index.php?rest_route=\/wp\/v2\/media\/4709"}],"wp:attachment":[{"href":"http:\/\/www.sylwesterszmyd.pl\/index.php?rest_route=%2Fwp%2Fv2%2Fmedia&parent=4708"}],"wp:term":[{"taxonomy":"category","embeddable":true,"href":"http:\/\/www.sylwesterszmyd.pl\/index.php?rest_route=%2Fwp%2Fv2%2Fcategories&post=4708"},{"taxonomy":"post_tag","embeddable":true,"href":"http:\/\/www.sylwesterszmyd.pl\/index.php?rest_route=%2Fwp%2Fv2%2Ftags&post=4708"}],"curies":[{"name":"wp","href":"https:\/\/api.w.org\/{rel}","templated":true}]}}