{"id":4705,"date":"2009-06-11T13:46:00","date_gmt":"2009-06-11T13:46:00","guid":{"rendered":"http:\/\/www.sylwesterszmyd.pl\/?p=4705"},"modified":"2021-06-06T13:48:51","modified_gmt":"2021-06-06T13:48:51","slug":"wypowiedzi-po-5-etapie-dauphine-libere","status":"publish","type":"post","link":"http:\/\/www.sylwesterszmyd.pl\/?p=4705","title":{"rendered":"Wypowiedzi po 5. etapie Dauphine Libere"},"content":{"rendered":"\n<p><strong>Sylwester Szmyd<\/strong> (Liqugas), zwyci\u0119zca etapu: &#8211; Stres zacz\u0105\u0142 bra\u0107 g\u00f3r\u0119, nie potrafi\u0142em przeku\u0107 go na zwyci\u0119stwo. Poczu\u0142em si\u0119 \u017ale i nawet zatrzyma\u0142em. Nie na starcz\u0119 podzi\u0119kowa\u0144 dla Alejandro za jego postaw\u0119. Nawet je\u017celi pomaga\u0142em mu na podje\u017adzie, nie by\u0142 zobligowany do takiej postawy na ostatnich metrach. Nie by\u0142o mi\u0119dzy nami porozumienia co do tego presti\u017cowego zwyci\u0119stwa.<\/p>\n\n\n\n<p><strong>Alejandro Valverde <\/strong>(Caisse d&#8217;Epargne), 2. na etapie i nowy lider; &#8211; Zwyci\u0119stwo w Dauphine jest dla zespo\u0142u i dla mnie bardzo wa\u017cne. Chc\u0119 wystartowa\u0107 w Tourze, ale decyzja o tym nie znajduje si\u0119 w moich r\u0119kach. Staram si\u0119 jak najmniej o tym m\u00f3wi\u0107, a skoncentrowa\u0107 si\u0119 na zwyci\u0119stwie w Dauphine. Dzi\u015b czu\u0142em si\u0119 dobrze i postanowi\u0142em zaatakowa\u0107. Szmyd stanowi\u0142 dla mnie wielk\u0105 pomoc, bez niego nie zyska\u0142bym tak wiele czasu, ale nie podarowa\u0142em mu zwyci\u0119stwa. Teraz b\u0119d\u0119 si\u0119 broni\u0142 przed Evansem.<\/p>\n\n\n\n<p>\u017ar\u00f3d\u0142o: rowery.org<\/p>\n\n\n\n<p>foto: <a href=\"http:\/\/www.corvospro.com\/arimages.aspx\">corvospro<\/a><\/p>\n","protected":false},"excerpt":{"rendered":"<p>Sylwester Szmyd (Liqugas), zwyci\u0119zca etapu: &#8211; Stres zacz\u0105\u0142 bra\u0107 g\u00f3r\u0119, nie potrafi\u0142em przeku\u0107 go na zwyci\u0119stwo. Poczu\u0142em si\u0119 \u017ale i nawet zatrzyma\u0142em. Nie na starcz\u0119 podzi\u0119kowa\u0144 dla Alejandro za jego postaw\u0119. Nawet je\u017celi pomaga\u0142em mu na podje\u017adzie, nie by\u0142 zobligowany do takiej postawy na ostatnich metrach. Nie by\u0142o mi\u0119dzy nami&#8230;<\/p>\n","protected":false},"author":1,"featured_media":4706,"comment_status":"closed","ping_status":"closed","sticky":false,"template":"","format":"standard","meta":{"ngg_post_thumbnail":0,"_jetpack_memberships_contains_paid_content":false,"footnotes":""},"categories":[169,10],"tags":[],"class_list":["post-4705","post","type-post","status-publish","format-standard","has-post-thumbnail","hentry","category-criterium-du-dauphine-2009","category-wyscigi"],"jetpack_featured_media_url":"https:\/\/i0.wp.com\/www.sylwesterszmyd.pl\/wp-content\/uploads\/2021\/06\/s4.jpg?fit=925%2C543","jetpack_sharing_enabled":true,"_links":{"self":[{"href":"http:\/\/www.sylwesterszmyd.pl\/index.php?rest_route=\/wp\/v2\/posts\/4705","targetHints":{"allow":["GET"]}}],"collection":[{"href":"http:\/\/www.sylwesterszmyd.pl\/index.php?rest_route=\/wp\/v2\/posts"}],"about":[{"href":"http:\/\/www.sylwesterszmyd.pl\/index.php?rest_route=\/wp\/v2\/types\/post"}],"author":[{"embeddable":true,"href":"http:\/\/www.sylwesterszmyd.pl\/index.php?rest_route=\/wp\/v2\/users\/1"}],"replies":[{"embeddable":true,"href":"http:\/\/www.sylwesterszmyd.pl\/index.php?rest_route=%2Fwp%2Fv2%2Fcomments&post=4705"}],"version-history":[{"count":1,"href":"http:\/\/www.sylwesterszmyd.pl\/index.php?rest_route=\/wp\/v2\/posts\/4705\/revisions"}],"predecessor-version":[{"id":4707,"href":"http:\/\/www.sylwesterszmyd.pl\/index.php?rest_route=\/wp\/v2\/posts\/4705\/revisions\/4707"}],"wp:featuredmedia":[{"embeddable":true,"href":"http:\/\/www.sylwesterszmyd.pl\/index.php?rest_route=\/wp\/v2\/media\/4706"}],"wp:attachment":[{"href":"http:\/\/www.sylwesterszmyd.pl\/index.php?rest_route=%2Fwp%2Fv2%2Fmedia&parent=4705"}],"wp:term":[{"taxonomy":"category","embeddable":true,"href":"http:\/\/www.sylwesterszmyd.pl\/index.php?rest_route=%2Fwp%2Fv2%2Fcategories&post=4705"},{"taxonomy":"post_tag","embeddable":true,"href":"http:\/\/www.sylwesterszmyd.pl\/index.php?rest_route=%2Fwp%2Fv2%2Ftags&post=4705"}],"curies":[{"name":"wp","href":"https:\/\/api.w.org\/{rel}","templated":true}]}}