{"id":4699,"date":"2009-06-10T13:31:00","date_gmt":"2009-06-10T13:31:00","guid":{"rendered":"http:\/\/www.sylwesterszmyd.pl\/?p=4699"},"modified":"2021-06-06T13:42:48","modified_gmt":"2021-06-06T13:42:48","slug":"dwa-najgorsze-etapy-za-mna","status":"publish","type":"post","link":"http:\/\/www.sylwesterszmyd.pl\/?p=4699","title":{"rendered":"Dwa najgorsze etapy za mn\u0105"},"content":{"rendered":"\n<p>&#8230; dzisiejsza czas\u00f3wka te\u017c i przyznam, \u017ce zmie\u015bci\u0142em si\u0119 w za\u0142o\u017conym przez siebie limicie straty. By\u0142o ci\u0119\u017cko, p\u0142asko, du\u017cy wiatr. Nie lubi\u0119 kiedy wieje tak mocno na tych p\u0142askich czas\u00f3wkach.<\/p>\n\n\n\n<p>Jutro Mount Ventoux, chcia\u0142bym by noga by\u0142a jak rok temu tutaj w g\u00f3rach. Chcia\u0142bym by wszystko posz\u0142o jak sobie \u017cycz\u0119, by wy\u015bcig si\u0119 u\u0142o\u017cy\u0142 jak chc\u0119. Dzi\u015b z Ivanem rozmawia\u0142em o taktyce, jeste\u015bmy razem w pokoju. My\u015bl\u0119, \u017ce je\u015bli mi si\u0119 uda musz\u0119 wcze\u015bniej odjecha\u0107, jak dwa lata temu, a on p\u00f3\u017aniej b\u0119dzie pr\u00f3bowa\u0142 dojecha\u0107&#8230; to ju\u017c brzmi jak bajka.<\/p>\n\n\n\n<p>Ale sam mi m\u00f3wi bym si\u0119 nie zdziwi\u0142 i pami\u0119ta\u0142, \u017ce pozostali na bank s\u0105 super mocni i extra przygotowani. A to ju\u017c wiem, wiem z kim si\u0119 tu \u015bcigamy! tak wi\u0119c jak powiedzia\u0142 dyrektor, jutro i w sobot\u0119 jedziemy tak by wygra\u0107 etap, takie za\u0142o\u017cenie taktyczne&#8230; a jak b\u0119dzie&#8230;<\/p>\n\n\n\n<p>foto: <a href=\"http:\/\/www.corvospro.com\/arimages.aspx\">corvospro<\/a><\/p>\n","protected":false},"excerpt":{"rendered":"<p>&#8230; dzisiejsza czas\u00f3wka te\u017c i przyznam, \u017ce zmie\u015bci\u0142em si\u0119 w za\u0142o\u017conym przez siebie limicie straty. By\u0142o ci\u0119\u017cko, p\u0142asko, du\u017cy wiatr. Nie lubi\u0119 kiedy wieje tak mocno na tych p\u0142askich czas\u00f3wkach. Jutro Mount Ventoux, chcia\u0142bym by noga by\u0142a jak rok temu tutaj w g\u00f3rach. Chcia\u0142bym by wszystko posz\u0142o jak sobie \u017cycz\u0119,&#8230;<\/p>\n","protected":false},"author":1,"featured_media":4700,"comment_status":"closed","ping_status":"closed","sticky":false,"template":"","format":"standard","meta":{"ngg_post_thumbnail":0,"_jetpack_memberships_contains_paid_content":false,"footnotes":""},"categories":[169,10],"tags":[],"class_list":["post-4699","post","type-post","status-publish","format-standard","has-post-thumbnail","hentry","category-criterium-du-dauphine-2009","category-wyscigi"],"jetpack_featured_media_url":"https:\/\/i0.wp.com\/www.sylwesterszmyd.pl\/wp-content\/uploads\/2021\/06\/s3.jpg?fit=919%2C606","jetpack_sharing_enabled":true,"_links":{"self":[{"href":"http:\/\/www.sylwesterszmyd.pl\/index.php?rest_route=\/wp\/v2\/posts\/4699","targetHints":{"allow":["GET"]}}],"collection":[{"href":"http:\/\/www.sylwesterszmyd.pl\/index.php?rest_route=\/wp\/v2\/posts"}],"about":[{"href":"http:\/\/www.sylwesterszmyd.pl\/index.php?rest_route=\/wp\/v2\/types\/post"}],"author":[{"embeddable":true,"href":"http:\/\/www.sylwesterszmyd.pl\/index.php?rest_route=\/wp\/v2\/users\/1"}],"replies":[{"embeddable":true,"href":"http:\/\/www.sylwesterszmyd.pl\/index.php?rest_route=%2Fwp%2Fv2%2Fcomments&post=4699"}],"version-history":[{"count":1,"href":"http:\/\/www.sylwesterszmyd.pl\/index.php?rest_route=\/wp\/v2\/posts\/4699\/revisions"}],"predecessor-version":[{"id":4701,"href":"http:\/\/www.sylwesterszmyd.pl\/index.php?rest_route=\/wp\/v2\/posts\/4699\/revisions\/4701"}],"wp:featuredmedia":[{"embeddable":true,"href":"http:\/\/www.sylwesterszmyd.pl\/index.php?rest_route=\/wp\/v2\/media\/4700"}],"wp:attachment":[{"href":"http:\/\/www.sylwesterszmyd.pl\/index.php?rest_route=%2Fwp%2Fv2%2Fmedia&parent=4699"}],"wp:term":[{"taxonomy":"category","embeddable":true,"href":"http:\/\/www.sylwesterszmyd.pl\/index.php?rest_route=%2Fwp%2Fv2%2Fcategories&post=4699"},{"taxonomy":"post_tag","embeddable":true,"href":"http:\/\/www.sylwesterszmyd.pl\/index.php?rest_route=%2Fwp%2Fv2%2Ftags&post=4699"}],"curies":[{"name":"wp","href":"https:\/\/api.w.org\/{rel}","templated":true}]}}