{"id":464,"date":"2011-05-30T16:01:30","date_gmt":"2011-05-30T16:01:30","guid":{"rendered":"http:\/\/www.sylwesterszmyd.pl\/?p=464"},"modified":"2011-05-30T16:01:30","modified_gmt":"2011-05-30T16:01:30","slug":"the-bottom-line","status":"publish","type":"post","link":"http:\/\/www.sylwesterszmyd.pl\/?p=464","title":{"rendered":"The Bottom Line"},"content":{"rendered":"<p><a href=\"https:\/\/i0.wp.com\/szmyd.nazwa.pl\/wp-content\/uploads\/2011\/05\/2_0082789_1_thumb2.jpg\"><img data-recalc-dims=\"1\" loading=\"lazy\" decoding=\"async\" data-attachment-id=\"465\" data-permalink=\"http:\/\/www.sylwesterszmyd.pl\/?attachment_id=465\" data-orig-file=\"https:\/\/i0.wp.com\/www.sylwesterszmyd.pl\/wp-content\/uploads\/2011\/05\/2_0082789_1_thumb2.jpg?fit=540%2C360\" data-orig-size=\"540,360\" data-comments-opened=\"0\" data-image-meta=\"{&quot;aperture&quot;:&quot;0&quot;,&quot;credit&quot;:&quot;&quot;,&quot;camera&quot;:&quot;&quot;,&quot;caption&quot;:&quot;&quot;,&quot;created_timestamp&quot;:&quot;0&quot;,&quot;copyright&quot;:&quot;&quot;,&quot;focal_length&quot;:&quot;0&quot;,&quot;iso&quot;:&quot;0&quot;,&quot;shutter_speed&quot;:&quot;0&quot;,&quot;title&quot;:&quot;&quot;}\" data-image-title=\"2_0082789_1_thumb2\" data-image-description=\"\" data-image-caption=\"\" data-medium-file=\"https:\/\/i0.wp.com\/www.sylwesterszmyd.pl\/wp-content\/uploads\/2011\/05\/2_0082789_1_thumb2.jpg?fit=300%2C200\" data-large-file=\"https:\/\/i0.wp.com\/www.sylwesterszmyd.pl\/wp-content\/uploads\/2011\/05\/2_0082789_1_thumb2.jpg?fit=540%2C360\" class=\"alignleft size-full wp-image-465\" title=\"2_0082789_1_thumb2\" src=\"https:\/\/i0.wp.com\/szmyd.nazwa.pl\/wp-content\/uploads\/2011\/05\/2_0082789_1_thumb2.jpg?resize=540%2C360\" alt=\"\" width=\"540\" height=\"360\" srcset=\"https:\/\/i0.wp.com\/www.sylwesterszmyd.pl\/wp-content\/uploads\/2011\/05\/2_0082789_1_thumb2.jpg?w=540 540w, https:\/\/i0.wp.com\/www.sylwesterszmyd.pl\/wp-content\/uploads\/2011\/05\/2_0082789_1_thumb2.jpg?resize=300%2C200 300w\" sizes=\"auto, (max-width: 540px) 100vw, 540px\" \/><\/a><\/p>\n<p>&#8230; dziesi\u0105te Giro za mn\u0105. Powiedzia\u0142em wczoraj dyrektorowi wy\u015bcigu, \u017ce spodziewa\u0142em si\u0119 jakiej\u015b pami\u0105tkowej tabliczki za dziesi\u0119\u0107 uko\u0144czonych wy\u015bcig\u00f3w a on, \u017ce daj\u0105 dopiero za jedena\u015bcie&#8230; zobaczymy.<br \/>\nTegoroczne Giro by\u0142o dla mnie wyj\u0105tkowo ci\u0119\u017ckie. Trzeci etap tragiczny, obraz kt\u00f3rego nigdy nie zapomn\u0119 i my\u015bl, \u017ce WW to przecie\u017c jeden z nas. P\u00f3\u017aniej od etapu na Etn\u0119 choroba kt\u00f3ra ci\u0105gn\u0119\u0142a si\u0119 do ostatniego tygodnia. Przejecha\u0142em ca\u0142e Giro z ty\u0142u, nie my\u015bl\u0105c o etapach, o g\u00f3rach, o walce czy pomocy. Jedyn\u0105 walk\u0119 jak\u0105 musia\u0142em podejmowa\u0107 co dzie\u0144 to walka z chorob\u0105, s\u0142abo\u015bci\u0105 ludzkiego organizmu i w\u0142asnymi s\u0142abo\u015bciami. Codzienne szukanie w sobie u\u0142amk\u00f3w motywacji do kontynuowania tego nadludzkiego wysi\u0142ku.<br \/>\nOstatni etap do Sestiere udowodni\u0142 mnie i kibicom, \u017ce jednak ca\u0142y czas sta\u0107 mnie w g\u00f3rach na jazd\u0119 w czubie grupy.<br \/>\nDzi\u015b ju\u017c jestem w Briancon, g\u0142owa zwr\u00f3cona w stron\u0119 TdF&#8230; jutro przejad\u0119 met\u0119 18 etapu z ko\u0144c\u00f3wk\u0105 na Galibier i 19 etapu, Alpe d&#8217;huez&#8230;<\/p>\n","protected":false},"excerpt":{"rendered":"<p>&#8230; dziesi\u0105te Giro za mn\u0105. Powiedzia\u0142em wczoraj dyrektorowi wy\u015bcigu, \u017ce spodziewa\u0142em si\u0119 jakiej\u015b pami\u0105tkowej tabliczki za dziesi\u0119\u0107 uko\u0144czonych wy\u015bcig\u00f3w a on, \u017ce daj\u0105 dopiero za jedena\u015bcie&#8230; zobaczymy. Tegoroczne Giro by\u0142o dla mnie wyj\u0105tkowo ci\u0119\u017ckie. Trzeci etap tragiczny, obraz kt\u00f3rego nigdy nie zapomn\u0119 i my\u015bl, \u017ce WW to przecie\u017c jeden z&#8230;<\/p>\n","protected":false},"author":1,"featured_media":0,"comment_status":"open","ping_status":"closed","sticky":false,"template":"","format":"standard","meta":{"ngg_post_thumbnail":0,"_jetpack_memberships_contains_paid_content":false,"footnotes":""},"categories":[28,32],"tags":[93],"class_list":["post-464","post","type-post","status-publish","format-standard","hentry","category-giro-ditalia-2011","category-tour-de-france-2011","tag-tour-de-france-2011"],"jetpack_featured_media_url":"","jetpack_sharing_enabled":true,"_links":{"self":[{"href":"http:\/\/www.sylwesterszmyd.pl\/index.php?rest_route=\/wp\/v2\/posts\/464","targetHints":{"allow":["GET"]}}],"collection":[{"href":"http:\/\/www.sylwesterszmyd.pl\/index.php?rest_route=\/wp\/v2\/posts"}],"about":[{"href":"http:\/\/www.sylwesterszmyd.pl\/index.php?rest_route=\/wp\/v2\/types\/post"}],"author":[{"embeddable":true,"href":"http:\/\/www.sylwesterszmyd.pl\/index.php?rest_route=\/wp\/v2\/users\/1"}],"replies":[{"embeddable":true,"href":"http:\/\/www.sylwesterszmyd.pl\/index.php?rest_route=%2Fwp%2Fv2%2Fcomments&post=464"}],"version-history":[{"count":2,"href":"http:\/\/www.sylwesterszmyd.pl\/index.php?rest_route=\/wp\/v2\/posts\/464\/revisions"}],"predecessor-version":[{"id":467,"href":"http:\/\/www.sylwesterszmyd.pl\/index.php?rest_route=\/wp\/v2\/posts\/464\/revisions\/467"}],"wp:attachment":[{"href":"http:\/\/www.sylwesterszmyd.pl\/index.php?rest_route=%2Fwp%2Fv2%2Fmedia&parent=464"}],"wp:term":[{"taxonomy":"category","embeddable":true,"href":"http:\/\/www.sylwesterszmyd.pl\/index.php?rest_route=%2Fwp%2Fv2%2Fcategories&post=464"},{"taxonomy":"post_tag","embeddable":true,"href":"http:\/\/www.sylwesterszmyd.pl\/index.php?rest_route=%2Fwp%2Fv2%2Ftags&post=464"}],"curies":[{"name":"wp","href":"https:\/\/api.w.org\/{rel}","templated":true}]}}