{"id":456,"date":"2011-05-28T18:56:34","date_gmt":"2011-05-28T18:56:34","guid":{"rendered":"http:\/\/www.sylwesterszmyd.pl\/?p=456"},"modified":"2011-05-28T18:56:34","modified_gmt":"2011-05-28T18:56:34","slug":"walking-in-my-shoes","status":"publish","type":"post","link":"http:\/\/www.sylwesterszmyd.pl\/?p=456","title":{"rendered":"Walking In My Shoes"},"content":{"rendered":"<p><a href=\"https:\/\/i0.wp.com\/szmyd.nazwa.pl\/wp-content\/uploads\/2011\/05\/2_0082735_1_thumb2.jpg\"><img data-recalc-dims=\"1\" loading=\"lazy\" decoding=\"async\" data-attachment-id=\"457\" data-permalink=\"http:\/\/www.sylwesterszmyd.pl\/?attachment_id=457\" data-orig-file=\"https:\/\/i0.wp.com\/www.sylwesterszmyd.pl\/wp-content\/uploads\/2011\/05\/2_0082735_1_thumb2.jpg?fit=539%2C384\" data-orig-size=\"539,384\" data-comments-opened=\"0\" data-image-meta=\"{&quot;aperture&quot;:&quot;0&quot;,&quot;credit&quot;:&quot;&quot;,&quot;camera&quot;:&quot;&quot;,&quot;caption&quot;:&quot;&quot;,&quot;created_timestamp&quot;:&quot;0&quot;,&quot;copyright&quot;:&quot;&quot;,&quot;focal_length&quot;:&quot;0&quot;,&quot;iso&quot;:&quot;0&quot;,&quot;shutter_speed&quot;:&quot;0&quot;,&quot;title&quot;:&quot;&quot;}\" data-image-title=\"2_0082735_1_thumb2\" data-image-description=\"\" data-image-caption=\"\" data-medium-file=\"https:\/\/i0.wp.com\/www.sylwesterszmyd.pl\/wp-content\/uploads\/2011\/05\/2_0082735_1_thumb2.jpg?fit=300%2C213\" data-large-file=\"https:\/\/i0.wp.com\/www.sylwesterszmyd.pl\/wp-content\/uploads\/2011\/05\/2_0082735_1_thumb2.jpg?fit=539%2C384\" class=\"alignleft size-full wp-image-457\" title=\"2_0082735_1_thumb2\" src=\"https:\/\/i0.wp.com\/szmyd.nazwa.pl\/wp-content\/uploads\/2011\/05\/2_0082735_1_thumb2.jpg?resize=539%2C384\" alt=\"\" width=\"539\" height=\"384\" srcset=\"https:\/\/i0.wp.com\/www.sylwesterszmyd.pl\/wp-content\/uploads\/2011\/05\/2_0082735_1_thumb2.jpg?w=539 539w, https:\/\/i0.wp.com\/www.sylwesterszmyd.pl\/wp-content\/uploads\/2011\/05\/2_0082735_1_thumb2.jpg?resize=300%2C213 300w\" sizes=\"auto, (max-width: 539px) 100vw, 539px\" \/><\/a><\/p>\n<p>&#8230; tym razem potraktuj\u0119 to dos\u0142ownie. W ko\u0144cu by\u0142em tam gdzie moje miejsce i gdzie powinienem by\u0107. Grupetto z tymi kt\u00f3rzy jako pierwsi \u201epuszczaj\u0105\u201d pod g\u00f3r\u0119 to zdecydowanie nie moje miejsce. Oddycha\u0107 jad\u0105c pod g\u00f3r\u0119 na czele grupy, to co\u015b niepowtarzalnego. Do tego te t\u0142umy ludzi w ko\u0144c\u00f3wce Finestre&#8230; mia\u0142em dreszcze.<\/p>\n<p>Enzo nie m\u00f3wi\u0142 bym zwolni\u0142, sam zmniejszy\u0142em tempo chwil\u0119 przed szutrami, bo widzia\u0142em, \u017ce jad\u0119 mocno a brakowa\u0142o jeszcze 8km. Szutrowy odcinek wjechali\u015bmy raczej spokojnie, nie spodziewa\u0142em si\u0119, \u017ce przy ataku Purito Vincenzo pu\u015bci ko\u0142o&#8230; do szczytu jeszcze bym go doci\u0105gn\u0105\u0142. W autobusie m\u00f3wi\u0142 tylko, \u017ce \u015bwietnie jecha\u0142o mu si\u0119 na moim kole a p\u00f3\u017aniej w jednej chwili odesz\u0142y mu si\u0142y ale my\u015bla\u0142, \u017ce wszyscy s\u0105 ju\u017c \u201eugotowani\u201d.<\/p>\n<p>Wci\u0105\u017c my\u015bl\u0119 jak bardzo pasjonuj\u0105ce by by\u0142o Giro gdyby Scarpa i Enzo walczyli o zwyci\u0119stwo a nie o drugie miejsce.<\/p>\n<p>Kiryienka dzi\u015b pojecha\u0142 bardzo mocno. Mocny zawodnik kt\u00f3ry nigdy nie przelicza i przez to cz\u0119sto nie wygrywa, nale\u017ca\u0142o mu si\u0119.<\/p>\n<p>foto: Roberto Bettini<\/p>\n<p>&nbsp;<\/p>\n<p>&nbsp;<\/p>\n","protected":false},"excerpt":{"rendered":"<p>&#8230; tym razem potraktuj\u0119 to dos\u0142ownie. W ko\u0144cu by\u0142em tam gdzie moje miejsce i gdzie powinienem by\u0107. Grupetto z tymi kt\u00f3rzy jako pierwsi \u201epuszczaj\u0105\u201d pod g\u00f3r\u0119 to zdecydowanie nie moje miejsce. Oddycha\u0107 jad\u0105c pod g\u00f3r\u0119 na czele grupy, to co\u015b niepowtarzalnego. Do tego te t\u0142umy ludzi w ko\u0144c\u00f3wce Finestre&#8230; mia\u0142em&#8230;<\/p>\n","protected":false},"author":1,"featured_media":0,"comment_status":"open","ping_status":"closed","sticky":false,"template":"","format":"standard","meta":{"ngg_post_thumbnail":0,"_jetpack_memberships_contains_paid_content":false,"footnotes":""},"categories":[28],"tags":[],"class_list":["post-456","post","type-post","status-publish","format-standard","hentry","category-giro-ditalia-2011"],"jetpack_featured_media_url":"","jetpack_sharing_enabled":true,"_links":{"self":[{"href":"http:\/\/www.sylwesterszmyd.pl\/index.php?rest_route=\/wp\/v2\/posts\/456","targetHints":{"allow":["GET"]}}],"collection":[{"href":"http:\/\/www.sylwesterszmyd.pl\/index.php?rest_route=\/wp\/v2\/posts"}],"about":[{"href":"http:\/\/www.sylwesterszmyd.pl\/index.php?rest_route=\/wp\/v2\/types\/post"}],"author":[{"embeddable":true,"href":"http:\/\/www.sylwesterszmyd.pl\/index.php?rest_route=\/wp\/v2\/users\/1"}],"replies":[{"embeddable":true,"href":"http:\/\/www.sylwesterszmyd.pl\/index.php?rest_route=%2Fwp%2Fv2%2Fcomments&post=456"}],"version-history":[{"count":1,"href":"http:\/\/www.sylwesterszmyd.pl\/index.php?rest_route=\/wp\/v2\/posts\/456\/revisions"}],"predecessor-version":[{"id":458,"href":"http:\/\/www.sylwesterszmyd.pl\/index.php?rest_route=\/wp\/v2\/posts\/456\/revisions\/458"}],"wp:attachment":[{"href":"http:\/\/www.sylwesterszmyd.pl\/index.php?rest_route=%2Fwp%2Fv2%2Fmedia&parent=456"}],"wp:term":[{"taxonomy":"category","embeddable":true,"href":"http:\/\/www.sylwesterszmyd.pl\/index.php?rest_route=%2Fwp%2Fv2%2Fcategories&post=456"},{"taxonomy":"post_tag","embeddable":true,"href":"http:\/\/www.sylwesterszmyd.pl\/index.php?rest_route=%2Fwp%2Fv2%2Ftags&post=456"}],"curies":[{"name":"wp","href":"https:\/\/api.w.org\/{rel}","templated":true}]}}