{"id":4425,"date":"2019-09-06T10:40:09","date_gmt":"2019-09-06T10:40:09","guid":{"rendered":"http:\/\/www.sylwesterszmyd.pl\/?p=4425"},"modified":"2019-09-08T10:55:38","modified_gmt":"2019-09-08T10:55:38","slug":"dwa-tygodnie-vuelty-za-mna","status":"publish","type":"post","link":"http:\/\/www.sylwesterszmyd.pl\/?p=4425","title":{"rendered":"Dwa tygodnie Vuelty za mn\u0105."},"content":{"rendered":"\n<p>&#8230; a tak na prawd\u0119 to m\u00f3j koniec tegorocznego wy\u015bcigu. Dziwnie, jako zawodnik nigdy si\u0119 nie wycofa\u0142em a tym razem trzeba. We wtorek lec\u0119 ju\u017c do Kanady na dwa klasyki w Quebecu i Montrealu, w\u0142a\u015bciwie ostatnie przygotowania Petera do MS.  <\/p>\n\n\n\n<p><br>\nVuelta by\u0142a\nsuper do\u015bwiadczeniem. M\u0119cz\u0105ca czasem bardziej ni\u017c na rowerze ale\nciekawa sprawa zobaczy\u0107 wy\u015bcig z drugiej strony. Etap wygrany (mam\nnadzieje, \u017ce m\u00f3j ostatni 14ty etap da nam drugie zwyci\u0119stwo),\nzielony koszul przez par\u0119 dni plus dobra pozycja Rafa\u0142a w\ngeneralce. \n<\/p>\n\n\n\n<p>My\u015bl\u0119, \u017ce\n\u201cZgreda\u201d sta\u0107 na top 5,  czwarte miejsce w klasyfikacji jest jak\nnajbardziej realne. Etap w Andorze by\u0142 najci\u0119\u017cszym dla niego ale\ng\u0142\u00f3wnie przez zimn\u0105 pogod\u0119. S\u0142owe\u0144cy sprawiaj\u0105 wra\u017cenie, \u017ce\ns\u0105 poza zasi\u0119giem, cho\u0107 s\u0105dz\u0119, \u017ce Pogacar lepiej radzi sobie\njak jest ch\u0142odniejsze dni a przy wi\u0119kszych temperaturach jest mu\nci\u0119\u017cej. \n<\/p>\n\n\n\n<p>Lopez za chwil\u0119 sam\nsi\u0119 wystrzeli w powietrze jak tak dalej Astana b\u0119dzie jecha\u0107, a\npara Movistaru jad\u0105c przeciwko sobie te\u017c ryzykuje wi\u0119cej ni\u017c mo\u017ce\nzyska\u0107 jad\u0105c na jednego lidera. To tak w skr\u00f3cie, obserwuj\u0105c\nwy\u015bcig z samochodu, czasem pierwszego gdy jest odjazd. \n<\/p>\n\n\n\n<p>W\u0142a\u015bnie&#8230; Felix i\nPoljan wys\u0142ali mnie par\u0119 razy za odjazdem i przyznam, \u017ce to te\u017c\nsuper sprawa jak si\u0119 walczy o zwyci\u0119stwo\u2026 \u201enogami kolarza\u201d. \n<\/p>\n\n\n\n<p>Co do Lopeza, nieraz\npisa\u0142em czy wspomina\u0142em w wywiadach, \u017ce jak kolarz nie chce\nkoszuli i oddaje j\u0105 podczas wy\u015bcigu to praktycznie zawsze koszul\nnie chce i jego na koniec. Tak te\u017c powiedzia\u0142em jak pierwszy raz\nAstana oddala koszul i co\u015b mi si\u0119 wydaje, \u017ce znowu mam racj\u0119, \nhistoria lubi si\u0119 powarza\u0107. Lopez zrezygnowa\u0142 z koszuli lidera jak\nm\u00f3g\u0142 j\u0105 \u201ewie\u017a\u0107\u201d, to i nie zobaczy jej raczej w Madrycie.<\/p>\n","protected":false},"excerpt":{"rendered":"<p>&#8230; a tak na prawd\u0119 to m\u00f3j koniec tegorocznego wy\u015bcigu. Dziwnie, jako zawodnik nigdy si\u0119 nie wycofa\u0142em a tym razem trzeba. We wtorek lec\u0119 ju\u017c do Kanady na dwa klasyki w Quebecu i Montrealu, w\u0142a\u015bciwie ostatnie przygotowania Petera do MS. Vuelta by\u0142a super do\u015bwiadczeniem. M\u0119cz\u0105ca czasem bardziej ni\u017c na rowerze&#8230;<\/p>\n","protected":false},"author":1,"featured_media":4427,"comment_status":"closed","ping_status":"closed","sticky":false,"template":"","format":"standard","meta":{"ngg_post_thumbnail":0,"_jetpack_memberships_contains_paid_content":false,"footnotes":""},"categories":[1,15,141,140,10],"tags":[],"class_list":["post-4425","post","type-post","status-publish","format-standard","has-post-thumbnail","hentry","category-bez-kategorii","category-komantarze","category-okiem-emeryta","category-szmydcoaching","category-wyscigi"],"jetpack_featured_media_url":"https:\/\/i0.wp.com\/www.sylwesterszmyd.pl\/wp-content\/uploads\/2019\/09\/2_0417173_1_thumb2.jpg?fit=583%2C389","jetpack_sharing_enabled":true,"_links":{"self":[{"href":"http:\/\/www.sylwesterszmyd.pl\/index.php?rest_route=\/wp\/v2\/posts\/4425","targetHints":{"allow":["GET"]}}],"collection":[{"href":"http:\/\/www.sylwesterszmyd.pl\/index.php?rest_route=\/wp\/v2\/posts"}],"about":[{"href":"http:\/\/www.sylwesterszmyd.pl\/index.php?rest_route=\/wp\/v2\/types\/post"}],"author":[{"embeddable":true,"href":"http:\/\/www.sylwesterszmyd.pl\/index.php?rest_route=\/wp\/v2\/users\/1"}],"replies":[{"embeddable":true,"href":"http:\/\/www.sylwesterszmyd.pl\/index.php?rest_route=%2Fwp%2Fv2%2Fcomments&post=4425"}],"version-history":[{"count":1,"href":"http:\/\/www.sylwesterszmyd.pl\/index.php?rest_route=\/wp\/v2\/posts\/4425\/revisions"}],"predecessor-version":[{"id":4426,"href":"http:\/\/www.sylwesterszmyd.pl\/index.php?rest_route=\/wp\/v2\/posts\/4425\/revisions\/4426"}],"wp:featuredmedia":[{"embeddable":true,"href":"http:\/\/www.sylwesterszmyd.pl\/index.php?rest_route=\/wp\/v2\/media\/4427"}],"wp:attachment":[{"href":"http:\/\/www.sylwesterszmyd.pl\/index.php?rest_route=%2Fwp%2Fv2%2Fmedia&parent=4425"}],"wp:term":[{"taxonomy":"category","embeddable":true,"href":"http:\/\/www.sylwesterszmyd.pl\/index.php?rest_route=%2Fwp%2Fv2%2Fcategories&post=4425"},{"taxonomy":"post_tag","embeddable":true,"href":"http:\/\/www.sylwesterszmyd.pl\/index.php?rest_route=%2Fwp%2Fv2%2Ftags&post=4425"}],"curies":[{"name":"wp","href":"https:\/\/api.w.org\/{rel}","templated":true}]}}