{"id":4400,"date":"2019-01-28T19:55:59","date_gmt":"2019-01-28T19:55:59","guid":{"rendered":"http:\/\/www.sylwesterszmyd.pl\/?p=4400"},"modified":"2019-05-29T20:01:18","modified_gmt":"2019-05-29T20:01:18","slug":"przed-challenge-mallorca","status":"publish","type":"post","link":"http:\/\/www.sylwesterszmyd.pl\/?p=4400","title":{"rendered":"przed Challenge Mallorca"},"content":{"rendered":"\n<p>\nJestem ju\u017c na Majorce, kilka dni zgrupowania przed Challenge Mallorca. \nKto nie s\u0142ucha\u0142 na \u017cywo to zapraszam do ods\u0142uchania wywiadu ze mn\u0105 w <a rel=\"noreferrer noopener\" href=\"https:\/\/weszlo.fm\/audycje\/wjechalo-43-probosz-blachut-szmyd\/\" target=\"_blank\">Radio Wesz\u0142o<\/a>.  od 15.40 minuty\n\n<\/p>\n","protected":false},"excerpt":{"rendered":"<p>Jestem ju\u017c na Majorce, kilka dni zgrupowania przed Challenge Mallorca. Kto nie s\u0142ucha\u0142 na \u017cywo to zapraszam do ods\u0142uchania wywiadu ze mn\u0105 w Radio Wesz\u0142o. od 15.40 minuty<\/p>\n","protected":false},"author":1,"featured_media":4401,"comment_status":"closed","ping_status":"closed","sticky":false,"template":"","format":"standard","meta":{"ngg_post_thumbnail":0,"_jetpack_memberships_contains_paid_content":false,"footnotes":""},"categories":[140,3,10,9],"tags":[],"class_list":["post-4400","post","type-post","status-publish","format-standard","has-post-thumbnail","hentry","category-szmydcoaching","category-trening","category-wyscigi","category-wywiady"],"jetpack_featured_media_url":"https:\/\/i0.wp.com\/www.sylwesterszmyd.pl\/wp-content\/uploads\/2019\/05\/49332654_776554326041419_3203461676242305024_o-1200x756.jpg?fit=1200%2C756","jetpack_sharing_enabled":true,"_links":{"self":[{"href":"http:\/\/www.sylwesterszmyd.pl\/index.php?rest_route=\/wp\/v2\/posts\/4400","targetHints":{"allow":["GET"]}}],"collection":[{"href":"http:\/\/www.sylwesterszmyd.pl\/index.php?rest_route=\/wp\/v2\/posts"}],"about":[{"href":"http:\/\/www.sylwesterszmyd.pl\/index.php?rest_route=\/wp\/v2\/types\/post"}],"author":[{"embeddable":true,"href":"http:\/\/www.sylwesterszmyd.pl\/index.php?rest_route=\/wp\/v2\/users\/1"}],"replies":[{"embeddable":true,"href":"http:\/\/www.sylwesterszmyd.pl\/index.php?rest_route=%2Fwp%2Fv2%2Fcomments&post=4400"}],"version-history":[{"count":1,"href":"http:\/\/www.sylwesterszmyd.pl\/index.php?rest_route=\/wp\/v2\/posts\/4400\/revisions"}],"predecessor-version":[{"id":4402,"href":"http:\/\/www.sylwesterszmyd.pl\/index.php?rest_route=\/wp\/v2\/posts\/4400\/revisions\/4402"}],"wp:featuredmedia":[{"embeddable":true,"href":"http:\/\/www.sylwesterszmyd.pl\/index.php?rest_route=\/wp\/v2\/media\/4401"}],"wp:attachment":[{"href":"http:\/\/www.sylwesterszmyd.pl\/index.php?rest_route=%2Fwp%2Fv2%2Fmedia&parent=4400"}],"wp:term":[{"taxonomy":"category","embeddable":true,"href":"http:\/\/www.sylwesterszmyd.pl\/index.php?rest_route=%2Fwp%2Fv2%2Fcategories&post=4400"},{"taxonomy":"post_tag","embeddable":true,"href":"http:\/\/www.sylwesterszmyd.pl\/index.php?rest_route=%2Fwp%2Fv2%2Ftags&post=4400"}],"curies":[{"name":"wp","href":"https:\/\/api.w.org\/{rel}","templated":true}]}}