{"id":4365,"date":"2018-08-08T10:42:33","date_gmt":"2018-08-08T10:42:33","guid":{"rendered":"http:\/\/www.sylwesterszmyd.pl\/?p=4365"},"modified":"2018-08-08T10:44:39","modified_gmt":"2018-08-08T10:44:39","slug":"w-lipcu","status":"publish","type":"post","link":"http:\/\/www.sylwesterszmyd.pl\/?p=4365","title":{"rendered":"W lipcu&#8230;"},"content":{"rendered":"<p>&#8230; jak ju\u017c wcze\u015bniej pisa\u0142em, by\u0142em na zgrupowaniu dru\u017cynowym z zawodnikami, kt\u00f3rzy szykuj\u0105 si\u0119 do 2 cz\u0119\u015bci sezonu. Bardzo ciekawe do\u015bwiadczenie dla mnie i mo\u017cliwo\u015b\u0107 wsp\u00f3\u0142pracy z innymi trenerami z dru\u017cyny. Sam te\u017c mog\u0142em troch\u0119 pokr\u0119ci\u0107 co akurat mi si\u0119 podoba bo z roweru widzi si\u0119 zawsze lepiej zawodnika ni\u017c jad\u0105c autem. <\/p>\n<p>TdF dla nas my\u015bl\u0119 \u017ce zako\u0144czone sukcesem. Trzy etapy i zielony koszul. Oczywi\u015bcie generalka nie posz\u0142a tak jak by tego chcia\u0142 Rafa\u0142 z wielu powod\u00f3w ale mamy jeszcze Vuelte i mo\u017cliwo\u015b\u0107 odegrania si\u0119.<\/p>\n<p>Sky wygrywa sz\u00f3sty Tour w ci\u0105gu 7 lat z trzema zawodnikami, dw\u00f3ch torowc\u00f3w i jeden ma\u0142o komu znany \u00a0kolarz kt\u00f3ry do Vuelty w 27 roku \u017cycia nie wykazywa\u0142 zdolno\u015bci do jazdy po g\u00f3rach. O klas\u0119 ni\u017cej od Brytyjczyk\u00f3w s\u0105 zawsze kolarze kt\u00f3rzy od najm\u0142odszych lat byli nieprzeci\u0119tnymi talentami w g\u00f3rach a na TdF nie mog\u0105 nawi\u0105za\u0107 walki . Tym samym Sky m\u00f3wi nam ze wrodzony talent nie jest konieczny do wygrania TdF. Dla mnie jako trenera bardzo ciekawe i zmusza do wi\u0119kszego wysi\u0142ku i jeszcze wi\u0119kszej pracy. <\/p>\n<p>Tdp. G\u0142\u00f3wnym faworytem pozostaje Kwiato , przede wszystkim dlatego, \u017ce jak zawsze m\u00f3wi\u0142em po Wielkim Tourze ma si\u0119 zawsze wysoki poziom i je\u015bli g\u0142owa daje rade to nogi s\u0105 mocne. A z g\u0142ow\u0105 chyba Kwiato b\u0119d\u0105c w Polsce i maj\u0105c koszul lidera nie ma problemu. Ja mu oczywi\u015bcie \u017cycz\u0119 miejsca na podium zaraz za kolarzami Bory \ud83d\ude42<\/p>\n<p>W niedziel\u0119 b\u0119d\u0119 z Peterem w Glasgow, gdzie wierz\u0119 \u017ce sta\u0107 go na zwyci\u0119stwo w walce o tytu\u0142 Mistrza Europy.<\/p>\n<p>Kolejny raz ju\u017c, 19go sierpnia wystartuj\u0119 w sztafecie na triathlonie w Borownie. Kto by si\u0119 jeszcze zastanawia\u0142 to bardzo zapraszam do udzia\u0142u. Im wi\u0119cej ludzi na starcie sztafet tym lepiej b\u0119d\u0119 m\u00f3g\u0142 si\u0119 schowa\u0107 w t\u0142umie bo ju\u017c niestety forma nie ta sama jak par\u0119 lat temu kiedy wygrywali\u015bmy sztafet\u0119\u2026.do zobaczenia w Bydgoszczy!! <\/p>\n","protected":false},"excerpt":{"rendered":"<p>&#8230; jak ju\u017c wcze\u015bniej pisa\u0142em, by\u0142em na zgrupowaniu dru\u017cynowym z zawodnikami, kt\u00f3rzy szykuj\u0105 si\u0119 do 2 cz\u0119\u015bci sezonu. Bardzo ciekawe do\u015bwiadczenie dla mnie i mo\u017cliwo\u015b\u0107 wsp\u00f3\u0142pracy z innymi trenerami z dru\u017cyny. Sam te\u017c mog\u0142em troch\u0119 pokr\u0119ci\u0107 co akurat mi si\u0119 podoba bo z roweru widzi si\u0119 zawsze lepiej zawodnika ni\u017c&#8230;<\/p>\n","protected":false},"author":1,"featured_media":4367,"comment_status":"closed","ping_status":"closed","sticky":false,"template":"","format":"standard","meta":{"ngg_post_thumbnail":0,"_jetpack_memberships_contains_paid_content":false,"footnotes":""},"categories":[15,141,5,3],"tags":[],"class_list":["post-4365","post","type-post","status-publish","format-standard","has-post-thumbnail","hentry","category-komantarze","category-okiem-emeryta","category-prywatnie","category-trening"],"jetpack_featured_media_url":"https:\/\/i0.wp.com\/www.sylwesterszmyd.pl\/wp-content\/uploads\/2018\/08\/preview_image.jpg?fit=640%2C442","jetpack_sharing_enabled":true,"_links":{"self":[{"href":"http:\/\/www.sylwesterszmyd.pl\/index.php?rest_route=\/wp\/v2\/posts\/4365","targetHints":{"allow":["GET"]}}],"collection":[{"href":"http:\/\/www.sylwesterszmyd.pl\/index.php?rest_route=\/wp\/v2\/posts"}],"about":[{"href":"http:\/\/www.sylwesterszmyd.pl\/index.php?rest_route=\/wp\/v2\/types\/post"}],"author":[{"embeddable":true,"href":"http:\/\/www.sylwesterszmyd.pl\/index.php?rest_route=\/wp\/v2\/users\/1"}],"replies":[{"embeddable":true,"href":"http:\/\/www.sylwesterszmyd.pl\/index.php?rest_route=%2Fwp%2Fv2%2Fcomments&post=4365"}],"version-history":[{"count":1,"href":"http:\/\/www.sylwesterszmyd.pl\/index.php?rest_route=\/wp\/v2\/posts\/4365\/revisions"}],"predecessor-version":[{"id":4366,"href":"http:\/\/www.sylwesterszmyd.pl\/index.php?rest_route=\/wp\/v2\/posts\/4365\/revisions\/4366"}],"wp:featuredmedia":[{"embeddable":true,"href":"http:\/\/www.sylwesterszmyd.pl\/index.php?rest_route=\/wp\/v2\/media\/4367"}],"wp:attachment":[{"href":"http:\/\/www.sylwesterszmyd.pl\/index.php?rest_route=%2Fwp%2Fv2%2Fmedia&parent=4365"}],"wp:term":[{"taxonomy":"category","embeddable":true,"href":"http:\/\/www.sylwesterszmyd.pl\/index.php?rest_route=%2Fwp%2Fv2%2Fcategories&post=4365"},{"taxonomy":"post_tag","embeddable":true,"href":"http:\/\/www.sylwesterszmyd.pl\/index.php?rest_route=%2Fwp%2Fv2%2Ftags&post=4365"}],"curies":[{"name":"wp","href":"https:\/\/api.w.org\/{rel}","templated":true}]}}