{"id":4347,"date":"2018-05-26T12:15:40","date_gmt":"2018-05-26T12:15:40","guid":{"rendered":"http:\/\/www.sylwesterszmyd.pl\/?p=4347"},"modified":"2018-05-26T12:15:40","modified_gmt":"2018-05-26T12:15:40","slug":"pierwszy-wyscig-w-wozie-technicznym-za-mna","status":"publish","type":"post","link":"http:\/\/www.sylwesterszmyd.pl\/?p=4347","title":{"rendered":"Pierwszy wy\u015bcig w wozie technicznym za mn\u0105"},"content":{"rendered":"<p>Amgen Tour of California nie przyni\u00f3s\u0142 ekipie zwyci\u0119stwa etapowego ale pos\u0142u\u017cy\u0142 jako etap w przygotowaniach do Tour de France.<\/p>\n<p>Wi\u0119kszo\u015b\u0107 etap\u00f3w przejecha\u0142em w pierwszym wozie z dyrektorem sportowym, raz tylko jad\u0105c samemu \u201edw\u00f3jk\u0105\u201d. Nowe, ciekawe do\u015bwiadczenie, spojrzenie na wy\u015bcig z innej perspektywy i nowy rodzaj emocji . Nie widz\u0119 si\u0119 jednak w tej funkcji. By\u0107 na wy\u015bcigu, rozmawiaj\u0105c z kolarzami bezpo\u015brednio po wy\u015bcigu na gor\u0105co o ich odczuciach to i owszem. Lecz zaj\u0105\u0107 miejsce dyrektora sportowego za kierownic\u0105 samochodu w og\u00f3le mnie nie interesuje.<\/p>\n<p>Peter nie czu\u0142 si\u0119 \u017ale, ale Gaviria i Ewan okazali si\u0119 szybsi na ko\u0144c\u00f3wkach dla sprinter\u00f3w. Szkoda troch\u0119 etapu do Laguna Seca kt\u00f3rego ko\u0144c\u00f3wka te\u017c nie potoczy\u0142a si\u0119 po naszej my\u015bli.<\/p>\n<p>Rafa\u0142 startowa\u0142 z ambicjami na podium i na mecie pod g\u00f3r\u0119 ulegaj\u0105c tylko Bernalowi pokaza\u0142, \u017ce go na to sta\u0107, a s\u0142abszy dzie\u0144 na przedostatnim etapie by\u0142 efektem d\u0142u\u017cszej przerwy w startach.<br \/>\nDo TdF jeszcze du\u017co czasu, tak wi\u0119c spokojnie krok po kroku wierz\u0119, \u017ce wszyscy dojd\u0105 do najlepszej formy.<\/p>\n<p>Po wy\u015bcigu wraz z Peterem i Ossem polecieli\u015bmy do Utah na kolejne dwutygodniowe zgrupowanie na wysoko\u015bci. Tereny dobrze mi ju\u017c znane ze zgrupowania przed MS w Bergen. Kilka trening\u00f3w na MTB, plus par\u0119 d\u0142u\u017cszych wyjazd\u00f3w po g\u00f3rach i my\u015bl\u0119, \u017ce Peter przeje\u017cd\u017caj\u0105c TdSwiss wr\u00f3ci do poziomu jaki prezentowa\u0142 wiosn\u0105. <\/p>\n","protected":false},"excerpt":{"rendered":"<p>Amgen Tour of California nie przyni\u00f3s\u0142 ekipie zwyci\u0119stwa etapowego ale pos\u0142u\u017cy\u0142 jako etap w przygotowaniach do Tour de France. Wi\u0119kszo\u015b\u0107 etap\u00f3w przejecha\u0142em w pierwszym wozie z dyrektorem sportowym, raz tylko jad\u0105c samemu \u201edw\u00f3jk\u0105\u201d. Nowe, ciekawe do\u015bwiadczenie, spojrzenie na wy\u015bcig z innej perspektywy i nowy rodzaj emocji . Nie widz\u0119 si\u0119&#8230;<\/p>\n","protected":false},"author":1,"featured_media":4348,"comment_status":"closed","ping_status":"closed","sticky":false,"template":"","format":"standard","meta":{"ngg_post_thumbnail":0,"_jetpack_memberships_contains_paid_content":false,"footnotes":""},"categories":[15,141,10],"tags":[],"class_list":["post-4347","post","type-post","status-publish","format-standard","has-post-thumbnail","hentry","category-komantarze","category-okiem-emeryta","category-wyscigi"],"jetpack_featured_media_url":"https:\/\/i0.wp.com\/www.sylwesterszmyd.pl\/wp-content\/uploads\/2018\/05\/2_0335854_1_thumb2.jpg?fit=540%2C360","jetpack_sharing_enabled":true,"_links":{"self":[{"href":"http:\/\/www.sylwesterszmyd.pl\/index.php?rest_route=\/wp\/v2\/posts\/4347","targetHints":{"allow":["GET"]}}],"collection":[{"href":"http:\/\/www.sylwesterszmyd.pl\/index.php?rest_route=\/wp\/v2\/posts"}],"about":[{"href":"http:\/\/www.sylwesterszmyd.pl\/index.php?rest_route=\/wp\/v2\/types\/post"}],"author":[{"embeddable":true,"href":"http:\/\/www.sylwesterszmyd.pl\/index.php?rest_route=\/wp\/v2\/users\/1"}],"replies":[{"embeddable":true,"href":"http:\/\/www.sylwesterszmyd.pl\/index.php?rest_route=%2Fwp%2Fv2%2Fcomments&post=4347"}],"version-history":[{"count":1,"href":"http:\/\/www.sylwesterszmyd.pl\/index.php?rest_route=\/wp\/v2\/posts\/4347\/revisions"}],"predecessor-version":[{"id":4349,"href":"http:\/\/www.sylwesterszmyd.pl\/index.php?rest_route=\/wp\/v2\/posts\/4347\/revisions\/4349"}],"wp:featuredmedia":[{"embeddable":true,"href":"http:\/\/www.sylwesterszmyd.pl\/index.php?rest_route=\/wp\/v2\/media\/4348"}],"wp:attachment":[{"href":"http:\/\/www.sylwesterszmyd.pl\/index.php?rest_route=%2Fwp%2Fv2%2Fmedia&parent=4347"}],"wp:term":[{"taxonomy":"category","embeddable":true,"href":"http:\/\/www.sylwesterszmyd.pl\/index.php?rest_route=%2Fwp%2Fv2%2Fcategories&post=4347"},{"taxonomy":"post_tag","embeddable":true,"href":"http:\/\/www.sylwesterszmyd.pl\/index.php?rest_route=%2Fwp%2Fv2%2Ftags&post=4347"}],"curies":[{"name":"wp","href":"https:\/\/api.w.org\/{rel}","templated":true}]}}