{"id":434,"date":"2011-05-23T23:11:36","date_gmt":"2011-05-23T23:11:36","guid":{"rendered":"http:\/\/www.sylwesterszmyd.pl\/?p=434"},"modified":"2011-05-23T23:11:36","modified_gmt":"2011-05-23T23:11:36","slug":"el-polacco-tak-go-zawsze-nazywalem","status":"publish","type":"post","link":"http:\/\/www.sylwesterszmyd.pl\/?p=434","title":{"rendered":"El Polacco&#8230; tak go zawsze nazywa\u0142em"},"content":{"rendered":"<p><a href=\"https:\/\/i0.wp.com\/szmyd.nazwa.pl\/wp-content\/uploads\/2011\/05\/CORVOS_00015957-020.jpg\"><img data-recalc-dims=\"1\" loading=\"lazy\" decoding=\"async\" data-attachment-id=\"435\" data-permalink=\"http:\/\/www.sylwesterszmyd.pl\/?attachment_id=435\" data-orig-file=\"https:\/\/i0.wp.com\/www.sylwesterszmyd.pl\/wp-content\/uploads\/2011\/05\/CORVOS_00015957-020.jpg?fit=512%2C386\" data-orig-size=\"512,386\" data-comments-opened=\"0\" data-image-meta=\"{&quot;aperture&quot;:&quot;0&quot;,&quot;credit&quot;:&quot;&quot;,&quot;camera&quot;:&quot;&quot;,&quot;caption&quot;:&quot;&quot;,&quot;created_timestamp&quot;:&quot;0&quot;,&quot;copyright&quot;:&quot;&quot;,&quot;focal_length&quot;:&quot;0&quot;,&quot;iso&quot;:&quot;0&quot;,&quot;shutter_speed&quot;:&quot;0&quot;,&quot;title&quot;:&quot;&quot;}\" data-image-title=\"CORVOS_00015957-020\" data-image-description=\"\" data-image-caption=\"\" data-medium-file=\"https:\/\/i0.wp.com\/www.sylwesterszmyd.pl\/wp-content\/uploads\/2011\/05\/CORVOS_00015957-020.jpg?fit=300%2C226\" data-large-file=\"https:\/\/i0.wp.com\/www.sylwesterszmyd.pl\/wp-content\/uploads\/2011\/05\/CORVOS_00015957-020.jpg?fit=512%2C386\" class=\"alignleft size-full wp-image-435\" title=\"CORVOS_00015957-020\" src=\"https:\/\/i0.wp.com\/szmyd.nazwa.pl\/wp-content\/uploads\/2011\/05\/CORVOS_00015957-020.jpg?resize=512%2C386\" alt=\"\" width=\"512\" height=\"386\" srcset=\"https:\/\/i0.wp.com\/www.sylwesterszmyd.pl\/wp-content\/uploads\/2011\/05\/CORVOS_00015957-020.jpg?w=512 512w, https:\/\/i0.wp.com\/www.sylwesterszmyd.pl\/wp-content\/uploads\/2011\/05\/CORVOS_00015957-020.jpg?resize=300%2C226 300w\" sizes=\"auto, (max-width: 512px) 100vw, 512px\" \/><\/a><\/p>\n<p>Rozmawiali\u015bmy na ka\u017cdym wy\u015bcigu, my\u015bl\u0119, \u017ce by\u0142 to jeden z bardziej sympatycznych kolarzy w grupie. Takim zapami\u0119tam Xaviera . Szok, a\u017c ci\u0119\u017cko uwierzy\u0107 w to co si\u0119 sta\u0142o.<\/p>\n<p>Dzie\u0144 odpoczynku min\u0105\u0142 mi na kompletnym relaksie bez roweru. Nie mog\u0119 si\u0119 jako\u015b pozbiera\u0107, zreszt\u0105 przy etapach jakie mieli\u015bmy w ostatnich trzech dniach ci\u0119\u017cko si\u0119 zdrowieje&#8230; nawet zdrowy by si\u0119 \u0142atwo rozchorowa\u0142.<\/p>\n<p>Jutro kolejny dzie\u0144 do przejechania i potem mam ju\u017c nadziej\u0119, \u017ce si\u0119 poprawi&#8230;<\/p>\n<p>&nbsp;<\/p>\n","protected":false},"excerpt":{"rendered":"<p>Rozmawiali\u015bmy na ka\u017cdym wy\u015bcigu, my\u015bl\u0119, \u017ce by\u0142 to jeden z bardziej sympatycznych kolarzy w grupie. Takim zapami\u0119tam Xaviera . Szok, a\u017c ci\u0119\u017cko uwierzy\u0107 w to co si\u0119 sta\u0142o. Dzie\u0144 odpoczynku min\u0105\u0142 mi na kompletnym relaksie bez roweru. Nie mog\u0119 si\u0119 jako\u015b pozbiera\u0107, zreszt\u0105 przy etapach jakie mieli\u015bmy w ostatnich trzech&#8230;<\/p>\n","protected":false},"author":1,"featured_media":0,"comment_status":"open","ping_status":"closed","sticky":false,"template":"","format":"standard","meta":{"ngg_post_thumbnail":0,"_jetpack_memberships_contains_paid_content":false,"footnotes":""},"categories":[28],"tags":[],"class_list":["post-434","post","type-post","status-publish","format-standard","hentry","category-giro-ditalia-2011"],"jetpack_featured_media_url":"","jetpack_sharing_enabled":true,"_links":{"self":[{"href":"http:\/\/www.sylwesterszmyd.pl\/index.php?rest_route=\/wp\/v2\/posts\/434","targetHints":{"allow":["GET"]}}],"collection":[{"href":"http:\/\/www.sylwesterszmyd.pl\/index.php?rest_route=\/wp\/v2\/posts"}],"about":[{"href":"http:\/\/www.sylwesterszmyd.pl\/index.php?rest_route=\/wp\/v2\/types\/post"}],"author":[{"embeddable":true,"href":"http:\/\/www.sylwesterszmyd.pl\/index.php?rest_route=\/wp\/v2\/users\/1"}],"replies":[{"embeddable":true,"href":"http:\/\/www.sylwesterszmyd.pl\/index.php?rest_route=%2Fwp%2Fv2%2Fcomments&post=434"}],"version-history":[{"count":1,"href":"http:\/\/www.sylwesterszmyd.pl\/index.php?rest_route=\/wp\/v2\/posts\/434\/revisions"}],"predecessor-version":[{"id":436,"href":"http:\/\/www.sylwesterszmyd.pl\/index.php?rest_route=\/wp\/v2\/posts\/434\/revisions\/436"}],"wp:attachment":[{"href":"http:\/\/www.sylwesterszmyd.pl\/index.php?rest_route=%2Fwp%2Fv2%2Fmedia&parent=434"}],"wp:term":[{"taxonomy":"category","embeddable":true,"href":"http:\/\/www.sylwesterszmyd.pl\/index.php?rest_route=%2Fwp%2Fv2%2Fcategories&post=434"},{"taxonomy":"post_tag","embeddable":true,"href":"http:\/\/www.sylwesterszmyd.pl\/index.php?rest_route=%2Fwp%2Fv2%2Ftags&post=434"}],"curies":[{"name":"wp","href":"https:\/\/api.w.org\/{rel}","templated":true}]}}