{"id":4309,"date":"2017-07-28T10:13:36","date_gmt":"2017-07-28T10:13:36","guid":{"rendered":"http:\/\/www.sylwesterszmyd.pl\/?p=4309"},"modified":"2017-08-01T10:19:50","modified_gmt":"2017-08-01T10:19:50","slug":"czwarte-zwyciestwo-w-tour-de-france-chrisa-froomea","status":"publish","type":"post","link":"http:\/\/www.sylwesterszmyd.pl\/?p=4309","title":{"rendered":"Czwarte zwyci\u0119stwo w Tour de France Chrisa Froome\u2019a &#8230;"},"content":{"rendered":"<p>&#8230; bez zwyci\u0119stwa etapowego i dominacji w g\u00f3rach powoduje, \u017ce zastanawiam si\u0119 czy by\u0142o to spowodowane innym, zmienionym okresem przygotowawczym Brytyjczyka, czy te\u017c mo\u017ce szczyt kariery ma ju\u017c za sob\u0105. My\u015bl\u0119, \u017ce Vuelta, do kt\u00f3rej, jak sam zapowiedzia\u0142, si\u0119 szykuje, odpowie mi na to pytanie.<\/p>\n<p>Mimo wszystko Chris przez 15 dni jecha\u0142 w \u017c\u00f3\u0142tej koszulce lidera i je\u015bli dodamy do tego 4 dni w &#8222;koszuli&#8221; Thomasa, to mamy ca\u0142kowit\u0105 dominacj\u0119 ekipy Sky. Nawet je\u015bli wydaje mi si\u0119, \u017ce daleko by\u0142o tegorocznej ekipie do tej z zesz\u0142ego roku, to Froome przy mega-silnym &#8222;Kwiatku&#8221; plus Landzie i Nieve m\u00f3g\u0142 czu\u0107 si\u0119 bezpiecznie w kluczowych momentach wy\u015bcigu.<\/p>\n<p>Jak nigdy wcze\u015bniej Chris pokaza\u0142 s\u0142abo\u015b\u0107 w g\u00f3rach, bo tam straci\u0142, w stosunku do bezpo\u015brednich rywali. I tu nie wiem, czy tych atak\u00f3w z ich strony nie by\u0142o zbyt ma\u0142o, czy strach przed Sky i Froomem nie gra\u0142 g\u0142\u00f3wnej roli. W szczeg\u00f3lno\u015bci mam na my\u015bli Urana, kt\u00f3ry jecha\u0142 zbyt asekuracyjnie. Oczywi\u015bcie jego niepewno\u015b\u0107 mog\u0142a wzi\u0105\u0107 si\u0119 ze s\u0142abszych dw\u00f3ch ostatnich sezon\u00f3w.<\/p>\n<p>Rigo przegra\u0142 wy\u015bcig 54 sekundami, a na dw\u00f3ch czas\u00f3wkach straci\u0142 do Froome\u2019a 1&#8217;16&#8221;. Podobnie trzeci w generalce Bardet na 36 kilometrach jazdy na czas straci\u0142 blisko 3 minuty, trac\u0105c w ko\u0144cowej klasyfikacji du\u017co mniej. Prosta kalkulacja: zawodnikowi Sky wystarczy\u0142o 36 km jazdy na czas \u017ceby wygra\u0107 Tour. Oczywi\u015bcie okaza\u0142 si\u0119 r\u00f3wnie\u017c najr\u00f3wniejszy nie daj\u0105c si\u0119 zgubi\u0107 na wietrze, z g\u00f3ry i trac\u0105c jak najmniej w g\u00f3rach. A to jest najwa\u017cniejsze \u017ceby wygra\u0107 Wielki Tour.<\/p>\n<p>Umy\u015blnie nie pisz\u0119 o watach, bo analiz Tour de France pe\u0142no jest w internecie. Nawet je\u015bli wed\u0142ug mnie s\u0105 one troch\u0119 przek\u0142amane przez niew\u0142a\u015bciw\u0105 wag\u0119 zawodnik\u00f3w. To, co nas mo\u017ce najbardziej interesowa\u0107 to czas\u00f3wka, do wygrania kt\u00f3rej nasi zawodnicy potrzebowali przejecha\u0107 30 minut wy\u015bcigu ze \u015brednia oko\u0142o 5,7 W\/kg. A jedyny ponad 3-minutowy podjazd wjechali ze \u015brednia 6,6 W\/kg. Podobnie praca wykonana przez Micha\u0142a pod Izoard by\u0142a w okolicach 1600 VAM i 5,7 w\/kg z t\u0105 r\u00f3\u017cnic\u0105, \u017ce na wysoko\u015bci blisko 2000 m n.p.m., co negatywnie wp\u0142ywa na wydolno\u015b\u0107 organizmu.<\/p>\n<p>Sanktuarium w Marsylii, tak bardzo ulubione przeze mnie, przynios\u0142o wielki sukces polskiemu kolarstwu. Ciesz\u0119 si\u0119 ogromnie z sukcesu &#8222;Bodiego&#8221;, co\u015b pi\u0119knego. Tym bardziej, \u017ce jest to zawodnik, kt\u00f3ry po\u015bwi\u0119ci\u0142 ca\u0142\u0105 karier\u0119, \u017ceby pomaga\u0107 innym i to cz\u0119sto w momentach, kiedy nikt tego nie widzi. A &#8222;Kwiato&#8221;\u2026 c\u00f3\u017c, wygra jeszcze nie jeden etap na Tour de France, cierpliwo\u015bci. Ju\u017c w San Sebastian my\u015bl\u0119, \u017ce Micha\u0142 do\u0142o\u017cy kolejny klasyk do kolekcji.<\/p>\n","protected":false},"excerpt":{"rendered":"<p>&#8230; bez zwyci\u0119stwa etapowego i dominacji w g\u00f3rach powoduje, \u017ce zastanawiam si\u0119 czy by\u0142o to spowodowane innym, zmienionym okresem przygotowawczym Brytyjczyka, czy te\u017c mo\u017ce szczyt kariery ma ju\u017c za sob\u0105. My\u015bl\u0119, \u017ce Vuelta, do kt\u00f3rej, jak sam zapowiedzia\u0142, si\u0119 szykuje, odpowie mi na to pytanie. Mimo wszystko Chris przez 15&#8230;<\/p>\n","protected":false},"author":1,"featured_media":4311,"comment_status":"open","ping_status":"closed","sticky":false,"template":"","format":"standard","meta":{"ngg_post_thumbnail":0,"_jetpack_memberships_contains_paid_content":false,"footnotes":""},"categories":[141,10],"tags":[],"class_list":["post-4309","post","type-post","status-publish","format-standard","has-post-thumbnail","hentry","category-okiem-emeryta","category-wyscigi"],"jetpack_featured_media_url":"https:\/\/i0.wp.com\/www.sylwesterszmyd.pl\/wp-content\/uploads\/2017\/07\/preview_image-2.jpg?fit=640%2C431","jetpack_sharing_enabled":true,"_links":{"self":[{"href":"http:\/\/www.sylwesterszmyd.pl\/index.php?rest_route=\/wp\/v2\/posts\/4309","targetHints":{"allow":["GET"]}}],"collection":[{"href":"http:\/\/www.sylwesterszmyd.pl\/index.php?rest_route=\/wp\/v2\/posts"}],"about":[{"href":"http:\/\/www.sylwesterszmyd.pl\/index.php?rest_route=\/wp\/v2\/types\/post"}],"author":[{"embeddable":true,"href":"http:\/\/www.sylwesterszmyd.pl\/index.php?rest_route=\/wp\/v2\/users\/1"}],"replies":[{"embeddable":true,"href":"http:\/\/www.sylwesterszmyd.pl\/index.php?rest_route=%2Fwp%2Fv2%2Fcomments&post=4309"}],"version-history":[{"count":1,"href":"http:\/\/www.sylwesterszmyd.pl\/index.php?rest_route=\/wp\/v2\/posts\/4309\/revisions"}],"predecessor-version":[{"id":4310,"href":"http:\/\/www.sylwesterszmyd.pl\/index.php?rest_route=\/wp\/v2\/posts\/4309\/revisions\/4310"}],"wp:featuredmedia":[{"embeddable":true,"href":"http:\/\/www.sylwesterszmyd.pl\/index.php?rest_route=\/wp\/v2\/media\/4311"}],"wp:attachment":[{"href":"http:\/\/www.sylwesterszmyd.pl\/index.php?rest_route=%2Fwp%2Fv2%2Fmedia&parent=4309"}],"wp:term":[{"taxonomy":"category","embeddable":true,"href":"http:\/\/www.sylwesterszmyd.pl\/index.php?rest_route=%2Fwp%2Fv2%2Fcategories&post=4309"},{"taxonomy":"post_tag","embeddable":true,"href":"http:\/\/www.sylwesterszmyd.pl\/index.php?rest_route=%2Fwp%2Fv2%2Ftags&post=4309"}],"curies":[{"name":"wp","href":"https:\/\/api.w.org\/{rel}","templated":true}]}}