{"id":4304,"date":"2017-07-18T19:56:19","date_gmt":"2017-07-18T19:56:19","guid":{"rendered":"http:\/\/www.sylwesterszmyd.pl\/?p=4304"},"modified":"2017-07-18T19:59:37","modified_gmt":"2017-07-18T19:59:37","slug":"despacito-despacito","status":"publish","type":"post","link":"http:\/\/www.sylwesterszmyd.pl\/?p=4304","title":{"rendered":"Despacito despacito\u2026"},"content":{"rendered":"<p>Ostatnie etapy tegorocznego TdF zapowiadaj\u0105 nam najciekawsz\u0105 rozgrywk\u0119 o miejsca na podium od wielu lat. Osobi\u015bcie oczywi\u015bcie nie trzymam kciuk\u00f3w za kolejny sukces Froome\u2019a i je\u015bli nie uda mu si\u0119 wygra\u0107 to b\u0119dzie mi tylko troch\u0119 przykro ze wzgl\u0119du na ogromn\u0105 prace w\u0142o\u017cona dla niego przez Kwiatka. <\/p>\n<p>Naprawd\u0119 ci\u0119\u017cko znale\u017a\u0107 zawodnika z mentalno\u015bci\u0105 zwyci\u0119zcy i mistrza, kogo\u015b kto ca\u0142e \u017cycie \u015bciga si\u0119 po to by wygrywa\u0107 wy\u015bcigi, kt\u00f3ry z tak\u0105 \u0142atwo\u015bci\u0105 i uczciwo\u015bci\u0105 zmienia si\u0119 w gregario nie patrz\u0105c na w\u0142asne ambicje. A te m\u00f3g\u0142by Micha\u0142 mie\u0107, bo z jego form\u0105 zwyci\u0119stwo etapowe nie by\u0142oby wielkim problemem. <\/p>\n<p>M\u00f3wi\u0105c o gregario mam du\u017ce w\u0105tpliwo\u015bci czy Landa tak uczciwie pojedzie do samego Pary\u017ca. Wydaje mi si\u0119, \u017ce ma ju\u017c podpisany kontrakt i je\u015bli tylko b\u0119dzie okazja to zostawi \u00a0Chrisa z ty\u0142u a temu zacznie si\u0119 czkawka odbijaj\u0105c Tour z Wigginsem z 2012 roku. To, \u017ce nie podoba mu si\u0119 rola gregario widzieli\u015bmy ju\u017c dwa lata temu na Giro d 'Italia jak p\u0142aka\u0142 po tym jak mu kazano pomaga\u0107 Aru. Obym si\u0119 myli\u0142, ale je\u015bli nie to b\u0119dziemy mieli super spektakl na dw\u00f3ch g\u00f3rskich etapach.<\/p>\n<p>Za odwag\u0119, wol\u0119 walki i determinacje w moim odczuciu TdF m\u00f3g\u0142by wygra\u0107 Bardet i zaraz za nim Aru. Nie nadrobi\u0105 jednak raczej tyle czasu by czu\u0107 si\u0119 bezpiecznie przed ko\u0144cow\u0105 czas\u00f3wk\u0105 w stosunku do lepszych czasowc\u00f3w; Froome\u2019a i Urana.<\/p>\n<p>Wszystko gdybanie, wiadomo. Ja zostawiam swoj\u0105 tr\u00f3jk\u0119 z poprzedniego komentarza, Aru, Bardet, Froome, kolejno\u015b\u0107 alfabetyczna, tylko dlatego bo nie wiem w kogo miejsce wrzuci\u0107 Rigoberto. Kolarz o du\u017cym do\u015bwiadczeniu, bardzo inteligentnie je\u017cd\u017c\u0105cy, tutaj pokazuj\u0105cy wr\u0119cz \u017cyciow\u0105 form\u0119 no i znakomity czasowiec\u2026 a gdyby tak on w Maillot Jaune na Polach Elizejskich? Despacito despacito\u2026 by\u0142by numer.<br \/>\n<em><br \/>\nWszystkie teksty, rysunki, zdj\u0119cia oraz wszystkie inne informacje opublikowane na niniejszych stronach podlegaj\u0105 prawom autorskim Sylwestra Szmyda. Wszelkie kopiowanie, dystrybucja, elektroniczne przetwarzanie oraz przesy\u0142anie zawarto\u015bci bez zezwolenia Sylwestra Szmyda jest zabronione.<\/em><\/p>\n","protected":false},"excerpt":{"rendered":"<p>Ostatnie etapy tegorocznego TdF zapowiadaj\u0105 nam najciekawsz\u0105 rozgrywk\u0119 o miejsca na podium od wielu lat. Osobi\u015bcie oczywi\u015bcie nie trzymam kciuk\u00f3w za kolejny sukces Froome\u2019a i je\u015bli nie uda mu si\u0119 wygra\u0107 to b\u0119dzie mi tylko troch\u0119 przykro ze wzgl\u0119du na ogromn\u0105 prace w\u0142o\u017cona dla niego przez Kwiatka. Naprawd\u0119 ci\u0119\u017cko znale\u017a\u0107&#8230;<\/p>\n","protected":false},"author":1,"featured_media":4306,"comment_status":"open","ping_status":"closed","sticky":false,"template":"","format":"standard","meta":{"ngg_post_thumbnail":0,"_jetpack_memberships_contains_paid_content":false,"footnotes":""},"categories":[141,10],"tags":[],"class_list":["post-4304","post","type-post","status-publish","format-standard","has-post-thumbnail","hentry","category-okiem-emeryta","category-wyscigi"],"jetpack_featured_media_url":"https:\/\/i0.wp.com\/www.sylwesterszmyd.pl\/wp-content\/uploads\/2017\/07\/preview_imagef.jpg?fit=640%2C425","jetpack_sharing_enabled":true,"_links":{"self":[{"href":"http:\/\/www.sylwesterszmyd.pl\/index.php?rest_route=\/wp\/v2\/posts\/4304","targetHints":{"allow":["GET"]}}],"collection":[{"href":"http:\/\/www.sylwesterszmyd.pl\/index.php?rest_route=\/wp\/v2\/posts"}],"about":[{"href":"http:\/\/www.sylwesterszmyd.pl\/index.php?rest_route=\/wp\/v2\/types\/post"}],"author":[{"embeddable":true,"href":"http:\/\/www.sylwesterszmyd.pl\/index.php?rest_route=\/wp\/v2\/users\/1"}],"replies":[{"embeddable":true,"href":"http:\/\/www.sylwesterszmyd.pl\/index.php?rest_route=%2Fwp%2Fv2%2Fcomments&post=4304"}],"version-history":[{"count":2,"href":"http:\/\/www.sylwesterszmyd.pl\/index.php?rest_route=\/wp\/v2\/posts\/4304\/revisions"}],"predecessor-version":[{"id":4307,"href":"http:\/\/www.sylwesterszmyd.pl\/index.php?rest_route=\/wp\/v2\/posts\/4304\/revisions\/4307"}],"wp:featuredmedia":[{"embeddable":true,"href":"http:\/\/www.sylwesterszmyd.pl\/index.php?rest_route=\/wp\/v2\/media\/4306"}],"wp:attachment":[{"href":"http:\/\/www.sylwesterszmyd.pl\/index.php?rest_route=%2Fwp%2Fv2%2Fmedia&parent=4304"}],"wp:term":[{"taxonomy":"category","embeddable":true,"href":"http:\/\/www.sylwesterszmyd.pl\/index.php?rest_route=%2Fwp%2Fv2%2Fcategories&post=4304"},{"taxonomy":"post_tag","embeddable":true,"href":"http:\/\/www.sylwesterszmyd.pl\/index.php?rest_route=%2Fwp%2Fv2%2Ftags&post=4304"}],"curies":[{"name":"wp","href":"https:\/\/api.w.org\/{rel}","templated":true}]}}