{"id":4296,"date":"2017-07-07T08:50:55","date_gmt":"2017-07-07T08:50:55","guid":{"rendered":"http:\/\/www.sylwesterszmyd.pl\/?p=4296"},"modified":"2017-07-07T08:50:55","modified_gmt":"2017-07-07T08:50:55","slug":"panowie-w-koszulach","status":"publish","type":"post","link":"http:\/\/www.sylwesterszmyd.pl\/?p=4296","title":{"rendered":"&#8230; panowie w koszulach"},"content":{"rendered":"<p>W dniu dzisiejszym my\u015bl\u0119, \u017ce ju\u017c nie ma sensu polemizowa\u0107 czy Peter by\u0142 winny czy nie, bo chyba wszyscy widzieli, \u017ce Cav wciska\u0142 si\u0119 gdzie nie by\u0142o miejsca, pierwszy dotkn\u0105\u0142 Petera i stworzy\u0142 zagro\u017cenie o ma\u0142y w\u0142os nie powoduj\u0105c upadku Mistrza \u015awiata, kt\u00f3ry musia\u0142 balansowa\u0107 dla utrzymania r\u00f3wnowagi. <\/p>\n<p>Do tego Demare z\u0142ama\u0142 punkt 2.3.036 cz\u0119\u015bci 2 przepis\u00f3w UCI poprzez gwa\u0142town\u0105 zmian\u0119 toru jazdy stwarzaj\u0105c ogromne zagro\u017cenie dla innych. Sam Bouhani m\u00f3wi\u0142, \u017ce si\u0119 zawiesi\u0142 na jego kole i nie wie jak z tego wyszed\u0142. W konsekwencji tego wszystkiego to Sagan jest ju\u017c w domu wyrzucony z wy\u015bcigu jak ostatni bandyta. Zastanawiam si\u0119 tylko dlaczego panowie w koszulach wmawiaj\u0105 ca\u0142emu \u015bwiatu, \u017ce co\u015b jest bia\u0142e jak wszyscy widz\u0105, \u017ce czarne. <\/p>\n<p>&#8222;My\u015bl\u0105c \u017ale si\u0119 grzeszy ale cz\u0119sto trafia w sedno&#8221;.  Mnie si\u0119 rzuca w oczy, \u017ce Dimension Data jest jednym z g\u0142\u00f3wnych sponsor\u00f3w TdF kt\u00f3rego ASO mog\u0142oby straci\u0107 wyst\u0119puj\u0105c przeciwko tej dru\u017cynie. Peter w domu to dla Demare du\u017co prostsza droga po Maillot Vert kt\u00f3rej Francuz nie zak\u0142ada\u0142 na Polach Elizejskich od 22 lat.<br \/>\n\u00a0<br \/>\nPrzychodz\u0105 mi do g\u0142owy jeszcze inne kontrowersyjne decyzje s\u0119dzi\u00f3w z ostatnich dw\u00f3ch sezon\u00f3w. Pierwsza to oczywi\u015bcie etap na M Ventoux z zesz\u0142orocznego TdF, ustalanie wynik\u00f3w i czasu etapu przy stoliku, zmiana klasyfikacji,  no i brak reakcji s\u0119dzi\u00f3w na bieganie Frooma na odcinku trasy bez roweru. Rio i brak dyskwalifikacji Cavendisha w wy\u015bcigu punktowym omnium za spowodowanie upadku Vivianiego. Brak dyskwalifikacji Jasona Kenny&#8217;ego w Keirinie za z\u0142amanie przepis\u00f3w czy na tegorocznym Giro wyrzucenie z Giro Javi Moreno za to, \u017ce oddal Rosie kt\u00f3ry go pierwszy uderzy\u0142. W\u0142och sko\u0144czy\u0142 wy\u015bcig. <\/p>\n<p>Ja widz\u0119 cz\u0119\u015b\u0107 wsp\u00f3ln\u0105. Po &#8222;s\u0142usznej&#8221; stronie sporu jest zawsze UK.  Albo Brytyjczyk albo jak w przypadku Rosy, zawodnik angielskiego Team Sky. To na pewno zbieg okoliczno\u015bci a ja si\u0119 doszukuje dziury w ca\u0142ym.<\/p>\n<p>Strata Sagana nie jest czym\u015b dobrym dla Rafa\u0142a. By\u0142oby mu du\u017co \u0142atwiej z jego pomoc\u0105 porusza\u0107 si\u0119 z po grupie i walczy\u0107 o pozycje w trudnych momentach.<br \/>\n\u00a0<br \/>\nKolarstwo, mamy TdF. Prologu nie wygra\u0142 Kwiato, ale cieszy jego super dyspozycja nawet pomimo przegranych pieni\u0119dzy kt\u00f3re na niego postawi\u0142em. Wczorajsza pierwsza meta pod g\u00f3r\u0119 w\u0142a\u015bciwie nie pokaza\u0142a wiele, kr\u00f3tki podjazd i ma\u0142e straty mi\u0119dzy najlepszymi. Dla mnie jednak jako kibica da\u0142 nadziej\u0119 na to, \u017ce tegoroczny TdF nie b\u0119dzie taki nudny jak te co wygrywa\u0142 Froome.<br \/>\nNairo pozostaje moim faworytem chocia\u017c utrata Valverde to ogromny cios. Dalej Aru, Bardet ,Porte i Froome. Pi\u0119ciu kolarzy w walce o podium.<br \/>\n<em><br \/>\nWszystkie teksty, rysunki, zdj\u0119cia oraz wszystkie inne informacje opublikowane na niniejszych stronach podlegaj\u0105 prawom autorskim Sylwestra Szmyda. Wszelkie kopiowanie, dystrybucja, elektroniczne przetwarzanie oraz przesy\u0142anie zawarto\u015bci bez zezwolenia Sylwestra Szmyda jest zabronione.<\/em><\/p>\n","protected":false},"excerpt":{"rendered":"<p>W dniu dzisiejszym my\u015bl\u0119, \u017ce ju\u017c nie ma sensu polemizowa\u0107 czy Peter by\u0142 winny czy nie, bo chyba wszyscy widzieli, \u017ce Cav wciska\u0142 si\u0119 gdzie nie by\u0142o miejsca, pierwszy dotkn\u0105\u0142 Petera i stworzy\u0142 zagro\u017cenie o ma\u0142y w\u0142os nie powoduj\u0105c upadku Mistrza \u015awiata, kt\u00f3ry musia\u0142 balansowa\u0107 dla utrzymania r\u00f3wnowagi. Do tego&#8230;<\/p>\n","protected":false},"author":1,"featured_media":4297,"comment_status":"open","ping_status":"closed","sticky":false,"template":"","format":"standard","meta":{"ngg_post_thumbnail":0,"_jetpack_memberships_contains_paid_content":false,"footnotes":""},"categories":[141,10],"tags":[],"class_list":["post-4296","post","type-post","status-publish","format-standard","has-post-thumbnail","hentry","category-okiem-emeryta","category-wyscigi"],"jetpack_featured_media_url":"https:\/\/i0.wp.com\/www.sylwesterszmyd.pl\/wp-content\/uploads\/2017\/07\/preview_image.jpg?fit=640%2C426","jetpack_sharing_enabled":true,"_links":{"self":[{"href":"http:\/\/www.sylwesterszmyd.pl\/index.php?rest_route=\/wp\/v2\/posts\/4296","targetHints":{"allow":["GET"]}}],"collection":[{"href":"http:\/\/www.sylwesterszmyd.pl\/index.php?rest_route=\/wp\/v2\/posts"}],"about":[{"href":"http:\/\/www.sylwesterszmyd.pl\/index.php?rest_route=\/wp\/v2\/types\/post"}],"author":[{"embeddable":true,"href":"http:\/\/www.sylwesterszmyd.pl\/index.php?rest_route=\/wp\/v2\/users\/1"}],"replies":[{"embeddable":true,"href":"http:\/\/www.sylwesterszmyd.pl\/index.php?rest_route=%2Fwp%2Fv2%2Fcomments&post=4296"}],"version-history":[{"count":1,"href":"http:\/\/www.sylwesterszmyd.pl\/index.php?rest_route=\/wp\/v2\/posts\/4296\/revisions"}],"predecessor-version":[{"id":4298,"href":"http:\/\/www.sylwesterszmyd.pl\/index.php?rest_route=\/wp\/v2\/posts\/4296\/revisions\/4298"}],"wp:featuredmedia":[{"embeddable":true,"href":"http:\/\/www.sylwesterszmyd.pl\/index.php?rest_route=\/wp\/v2\/media\/4297"}],"wp:attachment":[{"href":"http:\/\/www.sylwesterszmyd.pl\/index.php?rest_route=%2Fwp%2Fv2%2Fmedia&parent=4296"}],"wp:term":[{"taxonomy":"category","embeddable":true,"href":"http:\/\/www.sylwesterszmyd.pl\/index.php?rest_route=%2Fwp%2Fv2%2Fcategories&post=4296"},{"taxonomy":"post_tag","embeddable":true,"href":"http:\/\/www.sylwesterszmyd.pl\/index.php?rest_route=%2Fwp%2Fv2%2Ftags&post=4296"}],"curies":[{"name":"wp","href":"https:\/\/api.w.org\/{rel}","templated":true}]}}