{"id":4256,"date":"2017-04-13T10:35:50","date_gmt":"2017-04-13T10:35:50","guid":{"rendered":"http:\/\/www.sylwesterszmyd.pl\/?p=4256"},"modified":"2017-04-22T17:53:56","modified_gmt":"2017-04-22T17:53:56","slug":"paryz-roubaix-zakonczylo-sezon-brukowych-klasykow","status":"publish","type":"post","link":"http:\/\/www.sylwesterszmyd.pl\/?p=4256","title":{"rendered":"Pary\u017c-Roubaix zako\u0144czy\u0142o sezon brukowych klasyk\u00f3w"},"content":{"rendered":"<p>Pary\u017c-Roubaix zako\u0144czy\u0142o sezon brukowych klasyk\u00f3w. Dla mnie z pewn\u0105 gorycz\u0105, ale to z indywidualnych, znanych dobrze Czytelnikom powod\u00f3w. I tak odk\u0142adaj\u0105c prywat\u0119, przyzna\u0107 musz\u0119, \u017ce Greg Van Avermaet okaza\u0142 si\u0119 zdecydowanie najlepszym kolarzem tej, jak\u017ce ciekawej, cz\u0119\u015bci sezonu. Pary\u017c-Roubaix 2017 ko\u0144czy te\u017c karier\u0119 Boonena i dodaj\u0105c do tego zako\u0144czon\u0105 karier\u0119 Cancellary to z ko\u0144cem minionego roku sko\u0144czy\u0142 si\u0119 10-letni okres &#8222;duello&#8221; tych w\u0142a\u015bnie kolarzy na brukach, walki o tron Kr\u00f3la Bruk\u00f3w.<\/p>\n<p>Czy nast\u0119pc\u00f3w mamy szuka\u0107 w Van Avermaecie i Saganie? Nie wiem, bior\u0105c pod uwag\u0119 wiek Grega. Mi si\u0119 bardziej w oczy rzucili 25-letni Stuyven czy 23-letni Moscon ko\u0144cz\u0105cy wy\u015bcig zaraz za podium. Rok, dwa i to oni b\u0119d\u0105 walczy\u0107 w Belgii, a o niedawnych zwyci\u0119zcach jak Degenkolb czy Kristoff my\u015bl\u0119, \u017ce mo\u017cemy powoli zapomnie\u0107.<\/p>\n<p>Mam ten niedosyt w\u0142a\u015bnie przez pecha Petera tak na Ronde, jak i Roubaix, bo jestem przekonany, \u017ce w obu przypadkach walczy\u0142by o zwyci\u0119stwo z Van Avermaetem, co doda\u0142oby jeszcze wi\u0119kszych emocji do i tak ju\u017c niesamowicie pasjonuj\u0105cych w tym roku wy\u015bcig\u00f3w. Na Roubaix podobnie jak i w przypadku Gilberta na Ronde kluczowym okaza\u0142o si\u0119 wsparcie silnej dru\u017cyny. Praca Ossa mia\u0142a du\u017ce znaczenie taktyczne do w\u0142a\u015bciwego rozegrania wy\u015bcigu przez Grega.<\/p>\n<p>I tak jak na klasykach wyra\u017anie by\u0142o wida\u0107 r\u00f3\u017cnic\u0119 w poziomie mi\u0119dzy kilkoma najlepszymi, a pozosta\u0142ymi tak&#8230; w Kraju Bask\u00f3w nie strzela\u0142 nikt. Dos\u0142ownie. Prosz\u0119 zauwa\u017cy\u0107, \u017ce na etapie do Arrate, gdzie na ko\u0144c\u00f3wce podjazdu przez 3 km o \u015brednim nachyleniu 13%, czo\u0142\u00f3wka wspina\u0142a si\u0119 z pr\u0119dko\u015bci\u0105 ponad 1900 VAM, tzn. oko\u0142o 6,5 W\/kg, a na mecie mieli\u015bmy 12 kolarzy w 20 sekundach. Liczy\u0142em na du\u017co wi\u0119ksze r\u00f3\u017cnice tym bardziej, \u017ce dotychczas niewielu kolarzy by\u0142o w stanie wspina\u0107 si\u0119 tak szybko.<\/p>\n<p>Szcz\u0119\u015bcie nie dopisa\u0142o r\u00f3wnie\u017c Micha\u0142owi Kwiatkowskiemu, kt\u00f3ry po defekcie przerzutki musia\u0142 zmienia\u0107 rower na 22 km do mety, a patrz\u0105c na to, \u017ce zostali mu do pomocy Kiryienka i Lopez, wnioskuj\u0119, \u017ce czu\u0142 si\u0119 bardzo dobrze i chcia\u0142 walczy\u0107.<\/p>\n<p>O Valverde nie b\u0119d\u0119 si\u0119 rozpisywa\u0107, chapeau bas. Dla mnie jest to niesamowite jak mo\u017cna przez 15 lat je\u017adzi\u0107 na takim poziomie. Mam pierwsze jego wspomnienia z 2002\/03 jak ja marzy\u0142em, \u017ceby podpisa\u0107 kolejny kontrakt, a on ju\u017c wtedy stawa\u0142 na podium mistrzostw \u015bwiata czy wygrywa\u0142 etapy Vuelty&#8230;<\/p>\n<p>&#8222;Bala&#8221; my\u015bli przede wszystkim o Liege-Bastogne-Liege, co akurat u\u0142atwia spraw\u0119 Micha\u0142owi, bo ma kolejn\u0105 siln\u0105 dru\u017cyn\u0119 do pomocy i punkt odniesienia. Alejandro wygra pewnie kolejn\u0105 &#8222;Strza\u0142\u0119&#8221; po drodze a&#8230; Amstel? Hmmm, Micha\u0142 m\u00f3wi, \u017ce ma w g\u0142owie tylko Liege, a ze zrelaksowan\u0105 g\u0142ow\u0105 na Amstel Gold Race mo\u017ce wiele zrobi\u0107 ju\u017c tam.<\/p>\n<p>Przez to jednak, \u017ce nie ma wielu \u201cpewniak\u00f3w\u201d, my\u015bl\u0119, \u017ce zapowiadaj\u0105 si\u0119 nam ciekawe Ardeny.<\/p>\n<p><em>Wszystkie teksty, rysunki, zdj\u0119cia oraz wszystkie inne informacje opublikowane na niniejszych stronach podlegaj\u0105 prawom autorskim Sylwestra Szmyda. Wszelkie kopiowanie, dystrybucja, elektroniczne przetwarzanie oraz przesy\u0142anie zawarto\u015bci bez zezwolenia Sylwestra Szmyda jest zabronione.<\/em><\/p>\n","protected":false},"excerpt":{"rendered":"<p>Pary\u017c-Roubaix zako\u0144czy\u0142o sezon brukowych klasyk\u00f3w. Dla mnie z pewn\u0105 gorycz\u0105, ale to z indywidualnych, znanych dobrze Czytelnikom powod\u00f3w. I tak odk\u0142adaj\u0105c prywat\u0119, przyzna\u0107 musz\u0119, \u017ce Greg Van Avermaet okaza\u0142 si\u0119 zdecydowanie najlepszym kolarzem tej, jak\u017ce ciekawej, cz\u0119\u015bci sezonu. Pary\u017c-Roubaix 2017 ko\u0144czy te\u017c karier\u0119 Boonena i dodaj\u0105c do tego zako\u0144czon\u0105 karier\u0119&#8230;<\/p>\n","protected":false},"author":1,"featured_media":4258,"comment_status":"open","ping_status":"closed","sticky":false,"template":"","format":"standard","meta":{"ngg_post_thumbnail":0,"_jetpack_memberships_contains_paid_content":false,"footnotes":""},"categories":[141,9],"tags":[],"class_list":["post-4256","post","type-post","status-publish","format-standard","has-post-thumbnail","hentry","category-okiem-emeryta","category-wywiady"],"jetpack_featured_media_url":"https:\/\/i0.wp.com\/www.sylwesterszmyd.pl\/wp-content\/uploads\/2017\/04\/sagan.jpg?fit=640%2C427","jetpack_sharing_enabled":true,"_links":{"self":[{"href":"http:\/\/www.sylwesterszmyd.pl\/index.php?rest_route=\/wp\/v2\/posts\/4256","targetHints":{"allow":["GET"]}}],"collection":[{"href":"http:\/\/www.sylwesterszmyd.pl\/index.php?rest_route=\/wp\/v2\/posts"}],"about":[{"href":"http:\/\/www.sylwesterszmyd.pl\/index.php?rest_route=\/wp\/v2\/types\/post"}],"author":[{"embeddable":true,"href":"http:\/\/www.sylwesterszmyd.pl\/index.php?rest_route=\/wp\/v2\/users\/1"}],"replies":[{"embeddable":true,"href":"http:\/\/www.sylwesterszmyd.pl\/index.php?rest_route=%2Fwp%2Fv2%2Fcomments&post=4256"}],"version-history":[{"count":2,"href":"http:\/\/www.sylwesterszmyd.pl\/index.php?rest_route=\/wp\/v2\/posts\/4256\/revisions"}],"predecessor-version":[{"id":4269,"href":"http:\/\/www.sylwesterszmyd.pl\/index.php?rest_route=\/wp\/v2\/posts\/4256\/revisions\/4269"}],"wp:featuredmedia":[{"embeddable":true,"href":"http:\/\/www.sylwesterszmyd.pl\/index.php?rest_route=\/wp\/v2\/media\/4258"}],"wp:attachment":[{"href":"http:\/\/www.sylwesterszmyd.pl\/index.php?rest_route=%2Fwp%2Fv2%2Fmedia&parent=4256"}],"wp:term":[{"taxonomy":"category","embeddable":true,"href":"http:\/\/www.sylwesterszmyd.pl\/index.php?rest_route=%2Fwp%2Fv2%2Fcategories&post=4256"},{"taxonomy":"post_tag","embeddable":true,"href":"http:\/\/www.sylwesterszmyd.pl\/index.php?rest_route=%2Fwp%2Fv2%2Ftags&post=4256"}],"curies":[{"name":"wp","href":"https:\/\/api.w.org\/{rel}","templated":true}]}}