{"id":358,"date":"2011-05-04T16:49:01","date_gmt":"2011-05-04T16:49:01","guid":{"rendered":"http:\/\/www.sylwesterszmyd.pl\/?p=358"},"modified":"2011-05-04T16:54:08","modified_gmt":"2011-05-04T16:54:08","slug":"rozmowa-sylwka-z-danielem-marszalkiem","status":"publish","type":"post","link":"http:\/\/www.sylwesterszmyd.pl\/?p=358","title":{"rendered":"Rozmowa Daniela Marsza\u0142ka z Sylwkiem"},"content":{"rendered":"<p><a href=\"https:\/\/i0.wp.com\/szmyd.nazwa.pl\/wp-content\/uploads\/2011\/05\/IMG_0303.jpg\"><img data-recalc-dims=\"1\" loading=\"lazy\" decoding=\"async\" data-attachment-id=\"362\" data-permalink=\"http:\/\/www.sylwesterszmyd.pl\/?attachment_id=362\" data-orig-file=\"https:\/\/i0.wp.com\/www.sylwesterszmyd.pl\/wp-content\/uploads\/2011\/05\/IMG_0303.jpg?fit=600%2C416\" data-orig-size=\"600,416\" data-comments-opened=\"0\" data-image-meta=\"{&quot;aperture&quot;:&quot;0&quot;,&quot;credit&quot;:&quot;&quot;,&quot;camera&quot;:&quot;&quot;,&quot;caption&quot;:&quot;&quot;,&quot;created_timestamp&quot;:&quot;0&quot;,&quot;copyright&quot;:&quot;&quot;,&quot;focal_length&quot;:&quot;0&quot;,&quot;iso&quot;:&quot;0&quot;,&quot;shutter_speed&quot;:&quot;0&quot;,&quot;title&quot;:&quot;&quot;}\" data-image-title=\"IMG_0303\" data-image-description=\"\" data-image-caption=\"\" data-medium-file=\"https:\/\/i0.wp.com\/www.sylwesterszmyd.pl\/wp-content\/uploads\/2011\/05\/IMG_0303.jpg?fit=300%2C208\" data-large-file=\"https:\/\/i0.wp.com\/www.sylwesterszmyd.pl\/wp-content\/uploads\/2011\/05\/IMG_0303.jpg?fit=600%2C416\" class=\"alignleft size-full wp-image-362\" title=\"IMG_0303\" src=\"https:\/\/i0.wp.com\/szmyd.nazwa.pl\/wp-content\/uploads\/2011\/05\/IMG_0303.jpg?resize=600%2C416\" alt=\"\" width=\"600\" height=\"416\" srcset=\"https:\/\/i0.wp.com\/www.sylwesterszmyd.pl\/wp-content\/uploads\/2011\/05\/IMG_0303.jpg?w=600 600w, https:\/\/i0.wp.com\/www.sylwesterszmyd.pl\/wp-content\/uploads\/2011\/05\/IMG_0303.jpg?resize=300%2C208 300w\" sizes=\"auto, (max-width: 600px) 100vw, 600px\" \/><\/a><\/p>\n<p><strong>Daniel Marsza\u0142ek: Jak wspominasz sw\u00f3j pierwszy start w Giro w 2002 roku?<\/strong><\/p>\n<p><strong><\/strong>Sylwester Szmyd: &#8211; Przede wszystkim czu\u0142em si\u0119 wtedy wyr\u00f3\u017cniony. M\u0142ody zawodnik, Polak we w\u0142oskiej dru\u017cynie i do tego jad\u0119 Giro z potencjalnym zwyci\u0119zc\u0105. Za takiego uchodzi\u0142 wtedy Frigo. Ale by\u0142o ci\u0119\u017cko, w g\u00f3rach nie istnia\u0142em, nie by\u0142em w stanie pom\u00f3c.<\/p>\n<p><strong>O kt\u00f3re zwyci\u0119stwo przysz\u0142o Wam trudniej walczy\u0107 w 2004 czy 2010 roku?<\/strong><\/p>\n<p><strong><\/strong>&#8211; Zdecydowanie o to zesz\u0142oroczne. W 2004 roku zdominowali\u015bmy Giro, pi\u0119\u0107 czy sze\u015b\u0107 etap\u00f3w wygranych. Damiano nie mia\u0142 wtedy przeciwnika.<\/p>\n<p><strong>Trzy najbardziej pami\u0119tne dni w historii Twoich 9 start\u00f3w w Giro d&#8217;Italia to &#8230;?<\/strong><\/p>\n<p><strong><\/strong>&#8211; Nie mam jaki\u015b szczeg\u00f3lnych etap\u00f3w, ale du\u017co z nich pami\u0119tam, szczeg\u00f3lnie te g\u00f3rskie, d\u0142ugie i ci\u0119\u017ckie na kt\u00f3rych kompletnie sobie nie radzi\u0142em. Pami\u0119tam t\u0142umy ludzi na Finestre w 2005 roku, wszystkie wjazdy Zoncolan czy Mortirolo lub oba przejazdy przez Gavie ze \u015bcian\u0105 \u015bniegu. Jedyny etap na kt\u00f3rym by\u0142em ostatni w 2005 roku&#8230; a kt\u00f3ry wygra\u0142 wtedy m\u00f3j przysz\u0142y lider Basso. Etapy wa\u017cne dla przebiegu wy\u015bcigu jak Aquila&#8230;<\/p>\n<p><strong>Na ile znasz tras\u0119 tegorocznego Giro, kt\u00f3re wa\u017cne podjazdy przejecha\u0142e\u015b wcze\u015bniej &#8211; podczas wy\u015bcig\u00f3w lub trening\u00f3w?<\/strong><\/p>\n<p><strong><\/strong>&#8211; Wi\u0119kszo\u015b\u0107 tych podjazd\u00f3w znam, dziewi\u0119\u0107 przejechanych Giro daje bardzo du\u017co mo\u017cliwo\u015bci poznania trasy.<\/p>\n<p><strong>Jaka b\u0119dzie Twoja rola w zespole &#8211; szef g\u00f3rskich pomocnik\u00f3w Nibalego?<\/strong><\/p>\n<p><strong><\/strong>&#8211; Nikt raczej nie szefuje. Jak b\u0119d\u0105 nogi lepsze od pozosta\u0142ych gregario to zostaje na koniec, jak nie to b\u0119d\u0119 pracowa\u0142 wcze\u015bniej.<\/p>\n<p><strong>Czy Vincenzo wydaje si\u0119 by\u0107 r\u00f3wnie pewnym (mocnym) liderem zespo\u0142u co Ivan przed rokiem?<\/strong><\/p>\n<p><strong><\/strong>&#8211; Enzo tak na prawd\u0119 nigdy nie startowa\u0142 w Wielkim Tourze jako lider i faworyt. Nawet na zesz\u0142oroczn\u0105 Vuelte jecha\u0142 by bez \u017cadnej presji &#8222;spr\u00f3bowa\u0107&#8221; dobrze wypa\u015b\u0107 w generalce. Teraz dru\u017cyna jest przygotowana pod niego. Spoczywa te\u017c na nim du\u017co wi\u0119ksza odpowiedzialno\u015b\u0107. Ivan by\u0142 do tego przyzwyczajony, zobaczymy jak zniesie tak\u0105 presj\u0119 Vincenzo.<\/p>\n<p><strong>Czy kto\u015b jest w stanie zatrzyma\u0107 Contadora, kt\u00f3ry wydaje si\u0119 by\u0107 g\u0142\u00f3wnym faworytem wy\u015bcigu &#8211; Twoim zdaniem g\u0142\u00f3wni rywale Hiszpana to &#8230;?<\/strong><\/p>\n<p><strong><\/strong>&#8211; Ci\u0119\u017cko b\u0119dzie nawi\u0105za\u0107 z nim walk\u0119 o zwyci\u0119stwo ale to jest sport, d\u0142ugi wy\u015bcig i wszystko si\u0119 mo\u017ce zdarzy\u0107. Pozostaje jednak zdecydowanym faworytem. Pozostali to Scarponi, Sastre, Menchov, Nibali&#8230;<\/p>\n<p><strong>Gdzie rozstrzygnie si\u0119 tegoroczne Giro? W Dolomitach czy dopiero w ostatni weekend zawod\u00f3w?<\/strong><\/p>\n<p><strong><\/strong>&#8211; Walka w\u015br\u00f3d najlepszych b\u0119dzie do samego ko\u0144ca, p\u00f3ki s\u0105 g\u00f3ry wszystko mo\u017ce odwr\u00f3ci\u0107 si\u0119 w ka\u017cdej chwili do g\u00f3ry nogami.<\/p>\n<p><strong>Monte Crostis, Zoncolan, Giau, Fedaia, Finestre etc &#8211; czy organizatorzy Twoim zdaniem nie przesadzaj\u0105 z ilo\u015bci\u0105 ekstremalnie trudnych podjazd\u00f3w na Giro?<\/strong><\/p>\n<p><strong><\/strong>&#8211; To oczywiste, \u017ce przesadzaj\u0105. Odwieczny temat, nikt nigdy nie my\u015bli uk\u0142adaj\u0105c tras\u0119, \u017ce tamt\u0119dy trzeba przejecha\u0107 rowerem. Podobna historia z ilo\u015bci\u0105 ekstremalnych g\u00f3r, dobieranych bardziej pod kibic\u00f3w ni\u017c samych kolarzy.<\/p>\n<p><strong>Czy je\u015bli Nibali nie w\u0142\u0105czy si\u0119 do walki o podium to poszukasz w g\u00f3rskiej ko\u0144c\u00f3wce Giro swojej szansy na etapowy sukces?<\/strong><\/p>\n<p><strong><\/strong>&#8211; Wol\u0119 tak nie my\u015ble\u0107 i nie startowa\u0107 z tak\u0105 my\u015bl\u0105. Oczywi\u015bcie je\u015bli Enzo nie b\u0119dzie walczy\u0142 o podium to ja mam wi\u0119cej swobody by walczy\u0107 o etapowe zwyci\u0119stwo.<\/p>\n<p><strong>W peletonie b\u0119dzie trzech Polak\u00f3w. Obok Ciebie Przemek Niemiec i Micha\u0142 Go\u0142a\u015b &#8211; jak oceniasz ich szanse na zaistnienie w tym wy\u015bcigu? <\/strong><\/p>\n<p><strong><\/strong>&#8211; Niemiec b\u0119dzie mia\u0142 podobne zadania do moich i jego jazda b\u0119dzie bardzo zale\u017ca\u0142a od dyspozycji Scarponiego. Go\u0142y musi szuka\u0107 okazji etapowego zwyci\u0119stwa w odjazdach i po to te\u017c jedzie.<\/p>\n","protected":false},"excerpt":{"rendered":"<p>Daniel Marsza\u0142ek: Jak wspominasz sw\u00f3j pierwszy start w Giro w 2002 roku? Sylwester Szmyd: &#8211; Przede wszystkim czu\u0142em si\u0119 wtedy wyr\u00f3\u017cniony. M\u0142ody zawodnik, Polak we w\u0142oskiej dru\u017cynie i do tego jad\u0119 Giro z potencjalnym zwyci\u0119zc\u0105. Za takiego uchodzi\u0142 wtedy Frigo. Ale by\u0142o ci\u0119\u017cko, w g\u00f3rach nie istnia\u0142em, nie by\u0142em w&#8230;<\/p>\n","protected":false},"author":1,"featured_media":0,"comment_status":"open","ping_status":"closed","sticky":false,"template":"","format":"standard","meta":{"ngg_post_thumbnail":0,"_jetpack_memberships_contains_paid_content":false,"footnotes":""},"categories":[28,9],"tags":[],"class_list":["post-358","post","type-post","status-publish","format-standard","hentry","category-giro-ditalia-2011","category-wywiady"],"jetpack_featured_media_url":"","jetpack_sharing_enabled":true,"_links":{"self":[{"href":"http:\/\/www.sylwesterszmyd.pl\/index.php?rest_route=\/wp\/v2\/posts\/358","targetHints":{"allow":["GET"]}}],"collection":[{"href":"http:\/\/www.sylwesterszmyd.pl\/index.php?rest_route=\/wp\/v2\/posts"}],"about":[{"href":"http:\/\/www.sylwesterszmyd.pl\/index.php?rest_route=\/wp\/v2\/types\/post"}],"author":[{"embeddable":true,"href":"http:\/\/www.sylwesterszmyd.pl\/index.php?rest_route=\/wp\/v2\/users\/1"}],"replies":[{"embeddable":true,"href":"http:\/\/www.sylwesterszmyd.pl\/index.php?rest_route=%2Fwp%2Fv2%2Fcomments&post=358"}],"version-history":[{"count":4,"href":"http:\/\/www.sylwesterszmyd.pl\/index.php?rest_route=\/wp\/v2\/posts\/358\/revisions"}],"predecessor-version":[{"id":360,"href":"http:\/\/www.sylwesterszmyd.pl\/index.php?rest_route=\/wp\/v2\/posts\/358\/revisions\/360"}],"wp:attachment":[{"href":"http:\/\/www.sylwesterszmyd.pl\/index.php?rest_route=%2Fwp%2Fv2%2Fmedia&parent=358"}],"wp:term":[{"taxonomy":"category","embeddable":true,"href":"http:\/\/www.sylwesterszmyd.pl\/index.php?rest_route=%2Fwp%2Fv2%2Fcategories&post=358"},{"taxonomy":"post_tag","embeddable":true,"href":"http:\/\/www.sylwesterszmyd.pl\/index.php?rest_route=%2Fwp%2Fv2%2Ftags&post=358"}],"curies":[{"name":"wp","href":"https:\/\/api.w.org\/{rel}","templated":true}]}}