{"id":329,"date":"2011-04-17T17:40:26","date_gmt":"2011-04-17T17:40:26","guid":{"rendered":"http:\/\/www.sylwesterszmyd.pl\/?p=329"},"modified":"2011-04-17T17:40:26","modified_gmt":"2011-04-17T17:40:26","slug":"po-zgrupowaniu","status":"publish","type":"post","link":"http:\/\/www.sylwesterszmyd.pl\/?p=329","title":{"rendered":"Po zgrupowaniu"},"content":{"rendered":"<p>Takie kolarstwo jest pi\u0119kne, wszyscy cwaniacy siedz\u0105 w ko\u0142ach my\u015bl\u0105c jak to zaraz b\u0119d\u0105 wygrywa\u0107 Amstel a Gilbert wycina si\u0119 na p\u0142askim nic sobie z tego nie robi\u0105c i wygrywa po emocjonuj\u0105cej ko\u0144c\u00f3wce.<\/p>\n<p>Ja ju\u017c po zgrupowaniu. Jutro w Trentino pr\u00f3by jazdy dru\u017cynowej z my\u015bl\u0105 o Giro, tu mog\u0119 uchyli\u0107 r\u0105bka tajemnicy, \u017ce na Giro del Trentino jedziemy ju\u017c sk\u0142adem przygotowywanym na Giro d&#8217;Italia&#8230; brakuje tylko jednego zawodnika.<\/p>\n<p>Skoro ju\u017c o Giro, czyli o Wielkich Tourach. Kibice \u015bledz\u0105cy g\u0142\u00f3wnie g\u00f3rskie etapy i przemieszczaj\u0105cy si\u0119 w kamperach z etapu na etap s\u0105 ich nieod\u0142\u0105cznym elementem. Zatem skorzystam z okazji i je\u015bli kto\u015b mia\u0142by ochot\u0119 wybra\u0107 si\u0119 wzorem W\u0142och\u00f3w, Hiszpan\u00f3w, Belg\u00f3w czy Holendr\u00f3w na Giro,Tour albo Tour de Pologne kibicowa\u0107 w ten spos\u00f3b kolarzom to zapraszam go do Krakowa, do wielkiego pasjonata kolarstwa pana Wadowskiego i jego firmy. Kibice kolarstwa mog\u0105 liczy\u0107 na specjalne traktowanie. Szczeg\u00f3\u0142y w zak\u0142adce \u201esponsorzy\u201d.<\/p>\n<p>Na dniach pojawi si\u0119 r\u00f3wnie\u017c nowa fanklubowa koszulka, specjalnie na moje 10te Giro, w limitowanej edycji. Zainteresowanych r\u00f3wnie\u017c odsy\u0142am na moj\u0105 stron\u0119 www.<\/p>\n<p>Nawi\u0105zuj\u0105c do Trentino podejrzewam, \u017ce Enzo pojedzie raczej spokojnie, oszcz\u0119dzaj\u0105c si\u0119 z my\u015bl\u0105 o walce na Liege.<\/p>\n","protected":false},"excerpt":{"rendered":"<p>Takie kolarstwo jest pi\u0119kne, wszyscy cwaniacy siedz\u0105 w ko\u0142ach my\u015bl\u0105c jak to zaraz b\u0119d\u0105 wygrywa\u0107 Amstel a Gilbert wycina si\u0119 na p\u0142askim nic sobie z tego nie robi\u0105c i wygrywa po emocjonuj\u0105cej ko\u0144c\u00f3wce. Ja ju\u017c po zgrupowaniu. Jutro w Trentino pr\u00f3by jazdy dru\u017cynowej z my\u015bl\u0105 o Giro, tu mog\u0119 uchyli\u0107&#8230;<\/p>\n","protected":false},"author":1,"featured_media":0,"comment_status":"open","ping_status":"closed","sticky":false,"template":"","format":"standard","meta":{"ngg_post_thumbnail":0,"_jetpack_memberships_contains_paid_content":false,"footnotes":""},"categories":[28,15,3,10],"tags":[],"class_list":["post-329","post","type-post","status-publish","format-standard","hentry","category-giro-ditalia-2011","category-komantarze","category-trening","category-wyscigi"],"jetpack_featured_media_url":"","jetpack_sharing_enabled":true,"_links":{"self":[{"href":"http:\/\/www.sylwesterszmyd.pl\/index.php?rest_route=\/wp\/v2\/posts\/329","targetHints":{"allow":["GET"]}}],"collection":[{"href":"http:\/\/www.sylwesterszmyd.pl\/index.php?rest_route=\/wp\/v2\/posts"}],"about":[{"href":"http:\/\/www.sylwesterszmyd.pl\/index.php?rest_route=\/wp\/v2\/types\/post"}],"author":[{"embeddable":true,"href":"http:\/\/www.sylwesterszmyd.pl\/index.php?rest_route=\/wp\/v2\/users\/1"}],"replies":[{"embeddable":true,"href":"http:\/\/www.sylwesterszmyd.pl\/index.php?rest_route=%2Fwp%2Fv2%2Fcomments&post=329"}],"version-history":[{"count":1,"href":"http:\/\/www.sylwesterszmyd.pl\/index.php?rest_route=\/wp\/v2\/posts\/329\/revisions"}],"predecessor-version":[{"id":330,"href":"http:\/\/www.sylwesterszmyd.pl\/index.php?rest_route=\/wp\/v2\/posts\/329\/revisions\/330"}],"wp:attachment":[{"href":"http:\/\/www.sylwesterszmyd.pl\/index.php?rest_route=%2Fwp%2Fv2%2Fmedia&parent=329"}],"wp:term":[{"taxonomy":"category","embeddable":true,"href":"http:\/\/www.sylwesterszmyd.pl\/index.php?rest_route=%2Fwp%2Fv2%2Fcategories&post=329"},{"taxonomy":"post_tag","embeddable":true,"href":"http:\/\/www.sylwesterszmyd.pl\/index.php?rest_route=%2Fwp%2Fv2%2Ftags&post=329"}],"curies":[{"name":"wp","href":"https:\/\/api.w.org\/{rel}","templated":true}]}}