{"id":2666,"date":"2015-02-19T22:28:28","date_gmt":"2015-02-19T22:28:28","guid":{"rendered":"http:\/\/www.sylwesterszmyd.pl\/?p=2666"},"modified":"2015-02-19T22:32:34","modified_gmt":"2015-02-19T22:32:34","slug":"ruta-del-sol","status":"publish","type":"post","link":"http:\/\/www.sylwesterszmyd.pl\/?p=2666","title":{"rendered":"Ruta del Sol"},"content":{"rendered":"<p>Wczoraj d\u0142ugi dzie\u0144, dwa etapy to co\u015b czego kolarze ani obs\u0142uga nie lubi\u0105. Poranny etap kr\u00f3tki i przez dosy\u0107 silny wiatr nerwowy. Efekt ko\u0144cowy my\u015bl\u0119, \u017ce wi\u0119kszo\u015b\u0107 ju\u017c widzia\u0142a, mega kraksa na 5km do mety. Ja zosta\u0142em w kraksie troch\u0119 mniejszej na jakie\u015b 8km do mety, ale na szcz\u0119\u015bcie bez obra\u017ce\u0144. Stracili\u015bmy &#8222;\u0141ysego&#8221;(Owsiana) i Schumiego. <\/p>\n<p>Dzi\u015b kolejny \u0142adny finisz Bole z extra pomoc\u0105 Patera. Mamy dobry i zgrany zesp\u00f3\u0142 i to my\u015bl\u0119 wida\u0107.<\/p>\n<p>Jutro ci\u0119\u017cki podjazd na met\u0119 ale dla mnie celem jest wzi\u0105\u0107 go jak najbli\u017cej czuba bo to b\u0119dzie decyduj\u0105ce. Tak czy inaczej jad\u0119 czas\u00f3wk\u0119 pod g\u00f3r\u0119 do samej mety. Na Vuelcie 2013 podjazd wzi\u0105\u0142em chyba drugi ale wtedy ci\u0105gn\u0105\u0142em od kilkudziesi\u0119ciu kilometr\u00f3w. Drog\u0119 znam, nastawienie jest.<\/p>\n<p>foto: CCCSport<\/p>\n","protected":false},"excerpt":{"rendered":"<p>Wczoraj d\u0142ugi dzie\u0144, dwa etapy to co\u015b czego kolarze ani obs\u0142uga nie lubi\u0105. Poranny etap kr\u00f3tki i przez dosy\u0107 silny wiatr nerwowy. Efekt ko\u0144cowy my\u015bl\u0119, \u017ce wi\u0119kszo\u015b\u0107 ju\u017c widzia\u0142a, mega kraksa na 5km do mety. Ja zosta\u0142em w kraksie troch\u0119 mniejszej na jakie\u015b 8km do mety, ale na szcz\u0119\u015bcie bez&#8230;<\/p>\n","protected":false},"author":1,"featured_media":2668,"comment_status":"open","ping_status":"closed","sticky":false,"template":"","format":"standard","meta":{"ngg_post_thumbnail":0,"_jetpack_memberships_contains_paid_content":false,"footnotes":""},"categories":[83],"tags":[],"class_list":["post-2666","post","type-post","status-publish","format-standard","has-post-thumbnail","hentry","category-ruta-del-sol-2015"],"jetpack_featured_media_url":"https:\/\/i0.wp.com\/www.sylwesterszmyd.pl\/wp-content\/uploads\/2015\/02\/11002603_830078863731841_22.jpg?fit=640%2C510","jetpack_sharing_enabled":true,"_links":{"self":[{"href":"http:\/\/www.sylwesterszmyd.pl\/index.php?rest_route=\/wp\/v2\/posts\/2666","targetHints":{"allow":["GET"]}}],"collection":[{"href":"http:\/\/www.sylwesterszmyd.pl\/index.php?rest_route=\/wp\/v2\/posts"}],"about":[{"href":"http:\/\/www.sylwesterszmyd.pl\/index.php?rest_route=\/wp\/v2\/types\/post"}],"author":[{"embeddable":true,"href":"http:\/\/www.sylwesterszmyd.pl\/index.php?rest_route=\/wp\/v2\/users\/1"}],"replies":[{"embeddable":true,"href":"http:\/\/www.sylwesterszmyd.pl\/index.php?rest_route=%2Fwp%2Fv2%2Fcomments&post=2666"}],"version-history":[{"count":2,"href":"http:\/\/www.sylwesterszmyd.pl\/index.php?rest_route=\/wp\/v2\/posts\/2666\/revisions"}],"predecessor-version":[{"id":2669,"href":"http:\/\/www.sylwesterszmyd.pl\/index.php?rest_route=\/wp\/v2\/posts\/2666\/revisions\/2669"}],"wp:featuredmedia":[{"embeddable":true,"href":"http:\/\/www.sylwesterszmyd.pl\/index.php?rest_route=\/wp\/v2\/media\/2668"}],"wp:attachment":[{"href":"http:\/\/www.sylwesterszmyd.pl\/index.php?rest_route=%2Fwp%2Fv2%2Fmedia&parent=2666"}],"wp:term":[{"taxonomy":"category","embeddable":true,"href":"http:\/\/www.sylwesterszmyd.pl\/index.php?rest_route=%2Fwp%2Fv2%2Fcategories&post=2666"},{"taxonomy":"post_tag","embeddable":true,"href":"http:\/\/www.sylwesterszmyd.pl\/index.php?rest_route=%2Fwp%2Fv2%2Ftags&post=2666"}],"curies":[{"name":"wp","href":"https:\/\/api.w.org\/{rel}","templated":true}]}}