{"id":2620,"date":"2015-01-23T17:44:46","date_gmt":"2015-01-23T17:44:46","guid":{"rendered":"http:\/\/www.sylwesterszmyd.pl\/?p=2620"},"modified":"2015-01-24T17:48:10","modified_gmt":"2015-01-24T17:48:10","slug":"poprzeczka-nigdy-nie-byla-tak-wysoko","status":"publish","type":"post","link":"http:\/\/www.sylwesterszmyd.pl\/?p=2620","title":{"rendered":"Poprzeczka nigdy nie by\u0142a tak wysoko"},"content":{"rendered":"<div id=\"blocks_left\">\n<div class=\"story\">\n<p><strong>Ostatnie dwa lata by\u0142y trudnym okresem zawodowej kariery, ale to ju\u017c przesz\u0142o\u015b\u0107. Do gry wraca z now\u0105 porcj\u0105 motywacji i ambitnie postawionymi celami, kt\u00f3re jak sam m\u00f3wi nigdy nie si\u0119ga\u0142y tak wysoko. Sylwester Szmyd w tegorocznym sezonie reprezentowa\u0142 b\u0119dzie CCC Sprandi Polkowice.<\/strong><\/p>\n<p>Karier\u0119 zawodow\u0105 rozpocz\u0105\u0142 w 2001 roku w Tacconi Sport-Vini Caldirola. Przez rok je\u017adzi\u0142 wsp\u00f3lnie w dru\u017cynie z Marco Pantanim, gdzie wspomaga\u0142 W\u0142ocha na najtrudniejszych etapach Giro. P\u00f3\u017aniej przyszed\u0142 czas na Lampre i Liquigas, z kt\u00f3rymi zwi\u0105zany by\u0142 w sumie przez 8 lat. Ostatnie dwa sezony to hiszpa\u0144ski Movistar, w kt\u00f3rym jednak nie odnalaz\u0142 swojego miejsca. W 2015 roku Sylwester Szmyd za\u0142o\u017cy\u0142 pomara\u0144czowe barwy polskiej ekipy CCC Sprandi Polkowice.<\/p>\n<p><strong>&#8211; Spodziewa\u0142e\u015b si\u0119, \u017ce w ostatnich latach swojej zawodowej kariery sportowej \u015bciga\u0142 si\u0119 b\u0119dziesz w polskiej grupie szosowej?<\/strong><\/p>\n<p>&#8211; Bardziej chcia\u0142em ni\u017c spodziewa\u0142em si\u0119. Nie s\u0105dzi\u0142em jednak, \u017ce uda mi si\u0119 kiedy\u015b \u015bciga\u0107 w polskiej dru\u017cynie, kt\u00f3ra osi\u0105gn\u0119\u0142a tak wysoki poziom, aby by\u0107 zapraszan\u0105 na wy\u015bcigi World Tour i Giro.<\/p>\n<p><strong>Odnosz\u0119 wra\u017cenie, \u017ce podpisanie kontraktu z CCC Sprandi Polkowice odebra\u0142e\u015b troch\u0119, nazwijmy to, &#8222;z ulg\u0105&#8221;. Cho\u0107 w Twojej g\u0142owie przewija\u0142y si\u0119 my\u015bli o niepewnej przysz\u0142o\u015bci i nawet kolarskiej emeryturze &#8211; o czym zreszt\u0105 sam pisa\u0142e\u015b &#8211; mo\u017cliwo\u015b\u0107 dalszego \u015bcigania by\u0142a czym\u015b, na co jeszcze bardzo mocno liczy\u0142e\u015b. Dobrze odczytuj\u0119 Twoje przemy\u015blenia?<\/strong><\/p>\n<p>&#8211; Tak, my\u015bl\u0119, \u017ce w skr\u00f3cie tak to mo\u017cna opisa\u0107. My\u015bl\u0119, \u017ce po 14 latach w ProTour ci\u0119\u017cko by mi by\u0142o p\u00f3j\u015b\u0107 do dru\u017cyny, kt\u00f3ra je\u017adzi tylko ma\u0142e wy\u015bcigi trzeciej kategorii. CCC Sprandi to ju\u017c ca\u0142kiem inny poziom i na szcz\u0119\u015bcie uda\u0142o si\u0119 podpisa\u0107 kontrakt.<\/p>\n<p><strong>A mo\u017ce po prostu obawiasz si\u0119 &#8222;rozstania&#8221; z zawodowym kolarstwem i chcesz od\u0142o\u017cy\u0107 ten moment na jak najp\u00f3\u017aniej?<\/strong><\/p>\n<p>&#8211; Chcesz powiedzie\u0107, \u017ce czas ju\u017c by\u0142o sko\u0144czy\u0107 si\u0119 \u015bciga\u0107?!<\/p>\n<p><strong>Nie, absolutnie nie mia\u0142em tego na my\u015bli. Chodzi\u0142o mi raczej o czysto ludzkie obawy przed czym\u015b, co si\u0119 kiedy\u015b musi sko\u0144czy\u0107.<\/strong><\/p>\n<p>&#8211; Nie obawiam si\u0119. \u017byj\u0119 z t\u0105 \u015bwiadomo\u015bci\u0105 od wielu lat. Kolarstwo nie jest ani pocz\u0105tkiem, ani ko\u0144cem, nie jest ca\u0142ym moim \u017cyciem. Nie zmienia to jednak faktu, \u017ce nie b\u0119dzie to \u0142atwy moment, bior\u0105c pod uwag\u0119, \u017ce na rowerze je\u017cd\u017c\u0119 od 27 lat i odk\u0105d si\u0119gam pami\u0119ci\u0105, nie ma w niej \u017cycia bez roweru, wy\u015bcig\u00f3w, trening\u00f3w.<\/p>\n<p><strong>Nie jest mi komfortowo pyta\u0107 o kolarsk\u0105 emerytur\u0119, bo przed Tob\u0105 przynajmniej jeszcze rok \u015bcigania, ale poza kolarstwem masz chyba przynajmniej jedno albo i dwa wielkie hobby. Jednym z nich jest enologia. My\u015bla\u0142e\u015b, aby zaj\u0105\u0107 si\u0119 tym na powa\u017cnie, np. otwarcie sklepu z winami w Polsce, czy za\u0142o\u017cenie w\u0142asnej bodegi? To chyba \u015bwietny spos\u00f3b na &#8222;zaj\u0119cie si\u0119 sob\u0105&#8221; po odstawieniu roweru na bok?<\/strong><\/p>\n<p>&#8211; To prawda. Drugim hobby jest turystyczne latanie awionetk\u0105, ale to w\u0142a\u015bnie enologia jest moim g\u0142\u00f3wnym zainteresowaniem. M\u00f3g\u0142bym godzinami rozmawia\u0107 o winach. Sklep raczej nie wchodzi w gr\u0119, bardziej sk\u0142ania\u0142bym si\u0119 ku produkcji w\u0142asnego wina w Polsce, gdzie winiarstwo si\u0119 rozwija. Moim marzeniem jest winnica w Barolo, kt\u00f3re znam najlepiej, ale tam ceny s\u0105 nieosi\u0105galne.<\/p>\n<p><strong>Gdzie i jak nauczy\u0142e\u015b si\u0119 pi\u0107 wino?<\/strong><\/p>\n<p>&#8211; Od 1998 roku mieszkam w Italii, tak wi\u0119c si\u0142\u0105 rzeczy w\u0142a\u015bnie w tym kraju. Do obiadu, czy kolacji, w ka\u017cdym domu podaje si\u0119 wino. Mia\u0142em znajomego, u kt\u00f3rego cz\u0119sto jad\u0142em i gdy prosi\u0142em o wod\u0119, nie pij\u0105c jeszcze wtedy wina, on powtarza\u0142 mi, \u017ce od wody to si\u0119 rdzewieje i \u017ce u niego pije si\u0119 tylko wino.<\/p>\n<p><strong>Masz swoj\u0105 ulubion\u0105 selekcje? To wina w\u0142oskie, z racji lat sp\u0119dzonych w tym kraju, czy inne? Bia\u0142e, czy czerwone, starzone, czy m\u0142ode, zbudowane, czy bardziej lekkie?<\/strong><\/p>\n<p>&#8211; Piemont, Barolo i Barbaresco, czyli wina starzone, z\u0142o\u017cone, bardzo wymagaj\u0105ce. Pozna\u0142em ju\u017c wielu producent\u00f3w Barolo. Od 5 lat mieszkam na po\u0142udniu Francji i od jakiego\u015b czasu moja druga &#8222;mi\u0142o\u015b\u0107&#8221; to Bourgogne. Niestety, jak to z winami francuskimi, za dobre trzeba zap\u0142aci\u0107 bardzo du\u017co. Natomiast z bia\u0142ych win pijam tylko francuskie &#8222;b\u0105belki&#8221;. Kolarstwo da\u0142o mi mo\u017cliwo\u015b\u0107 poznawania wielu wielkich win, kt\u00f3re normalnie by\u0142yby nieosi\u0105galne.<\/p>\n<p><strong>My\u015blisz, \u017ce Polska jest krajem, w kt\u00f3rym wino zacznie odgrywa\u0107 tak znacz\u0105c\u0105 rol\u0119 jak np. we W\u0142oszech czy Francji? Czy to raczej kwestia kulturowa, kt\u00f3rej raczej ju\u017c nie da si\u0119 \u0142atwo zmieni\u0107? <\/strong><\/p>\n<p>&#8211; Na pewno nie w kwestii produkcji takiej ilo\u015bci wina, bo ku temu nie mamy po prostu warunk\u00f3w klimatycznych. A je\u017celi chodzi o spo\u017cycie, aby doj\u015b\u0107 do takich wielko\u015bci jak obserwuje si\u0119 we Francji czy Italii, chyba potrzeba b\u0119dzie pokole\u0144. To w\u0142a\u015bnie wspomniana kwestia kulturowa.<\/p>\n<p><strong>Wr\u00f3\u0107my do sportu. Jeste\u015b ju\u017c oficjalnie kolarzem CCC Sprandi Polkowice, ekipy w pe\u0142nym s\u0142owa znaczeniu profesjonalnej. Osobi\u015bcie uwa\u017cam, \u017ce w obecnej sytuacji chyba nie mog\u0142e\u015b trafi\u0107 lepiej, zwa\u017cywszy tak\u017ce na plany startowe, jakie ma zesp\u00f3\u0142. Zgadzasz si\u0119 z tym stwierdzeniem?<\/strong><\/p>\n<p>&#8211; Jak najbardziej. \u017badna dru\u017cyna Professional Team nie by\u0142aby lepsza, patrz\u0105c na kalendarz startowy, czy na to jak szybko odnalaz\u0142em si\u0119 w teamie. Niekoniecznie tak\u017ce mog\u0142aby by\u0107 lepsza jaka\u015b ekipa z ProTour. Mam tu na my\u015bli sytuacj\u0119 z moich ostatnich dw\u00f3ch lat zawodowstwa, gdzie w\u0142a\u015bciwie \u015bciga\u0142em si\u0119 bez kalendarza, nigdy do ko\u0144ca nie wiedz\u0105c na jaki wy\u015bcig wystawi mnie dru\u017cyna.<\/p>\n<p><strong>Optymistycznie nastawiony przed sezonem? Czy niezbyt dobry nastr\u00f3j, kt\u00f3ry pozosta\u0142 z minionych dw\u00f3ch sezon\u00f3w sp\u0119dzonych w Hiszpanii masz ju\u017c za sob\u0105?<\/strong><\/p>\n<p>&#8211; Bardzo optymistycznie. W kolarstwie nie zaniedbuj\u0119 niczego robi\u0105c wszystko na 100%, tak wi\u0119c wierz\u0119, \u017ce b\u0119dzie dobrze. Staram si\u0119 \u017cy\u0107 tera\u017aniejszo\u015bci\u0105 i nie my\u015bl\u0119 ju\u017c o tym, co by\u0142o. Mam do\u015b\u0107 trudne zadania na ten rok.<\/p>\n<p><strong>Mocno &#8222;wypali\u0142a&#8221; ci\u0119 przygoda z Team Movistar? &#8211; ma\u0142o \u015bcigania, niepewno\u015b\u0107 start\u00f3w, niejasne cele.<\/strong><\/p>\n<p>&#8211; Tak, psychicznie by\u0142y to dwa najci\u0119\u017csze sezony w karierze. Po sezonie naprawd\u0119 chcia\u0142em da\u0107 ju\u017c sobie spok\u00f3j z kolarstwem.<\/p>\n<p><strong>Przez te dwa lata nie s\u0142yszeli\u015bmy o Tobie zbyt wiele, na pewno mniej ni\u017c za czas\u00f3w Liquigas. Schowa\u0142e\u015b si\u0119 gdzie\u015b na trzeci plan, co nawet by\u0142o wida\u0107 w twojej blogowej aktywno\u015bci i tre\u015bci wpis\u00f3w. My\u015blisz, \u017ce straci\u0142e\u015b pewno\u015b\u0107 siebie? Zgubi\u0142e\u015b wtedy motywacj\u0119 do dalszej zawodowej rywalizacji?<\/strong><\/p>\n<p>&#8211; Ot\u00f3\u017c to. Brak pewno\u015bci siebie i motywacji do rywalizacji jest trafnym okre\u015bleniem. By\u0142em przyzwyczajony, \u017ce jak powiedziano mi szykuj si\u0119 do Giro, Touru czy na Vuelt\u0119, nikt nie poddawa\u0142 pod w\u0105tpliwo\u015b\u0107 mojego przygotowania do wy\u015bcig\u00f3w. W Movi by\u0142o troch\u0119 inaczej. Dla mnie ca\u0142kowicie nienormalna sytuacja, aby udowadnia\u0107 na wy\u015bcigach poprzedzaj\u0105cych wielki tour, \u017ce jestem odpowiednio przygotowany, aby znale\u017a\u0107 si\u0119 w sk\u0142adzie.<\/p>\n<p><strong>Chyba teraz motywacja powraca. \u015awietny kalendarz przed Wami, no i Giro d&#8217;Italia. Zaproszenie na r\u00f3\u017cowy wy\u015bcig by\u0142o zaskoczeniem?<\/strong><\/p>\n<p>&#8211; Podpisuj\u0105c kontrakt Piotr [Wadecki \u2013 przyp. red.] m\u00f3wi\u0142, \u017ce s\u0105 du\u017ce szanse na Giro, ale zanim si\u0119 nie pojawi\u0142a oficjalna informacja od organizatora, takiej pewno\u015bci nie by\u0142o. Dla mnie oznacza to postawienie sobie poprzeczki tak wysoko, jak jeszcze nigdy nie by\u0142a zawieszona. Poprzeczki, kt\u00f3ra jeszcze par\u0119 miesi\u0119cy temu le\u017ca\u0142a dla mnie w zasadzie ju\u017c na ziemi. S\u0105dzi\u0142em, \u017ce nie wyznaczy mi wi\u0119cej \u017cadnego sportowego celu.<\/p>\n<p><strong>Ta &#8222;dzika karta&#8221; na jeden z trzech wielkich tour\u00f3w pokazuje, \u017ce polskie kolarstwo bardzo uros\u0142o w si\u0142\u0119. Zmieni\u0142o si\u0119 podej\u015bcie W\u0142och\u00f3w czy Hiszpan\u00f3w do polskiego kolarstwa? Chyba ju\u017c przestali\u015bmy by\u0107 krajem z trzeciego \u015bwiata?<\/strong><\/p>\n<p>&#8211; Tak, na pewno. W ostatniej dekadzie by\u0142o nas ma\u0142o na wy\u015bcigach ProTour, nie m\u00f3wi\u0105c ju\u017c o wygrywaniu. Teraz mamy Polaka mistrza \u015bwiata, zwyci\u0119\u017camy w wa\u017cnych wy\u015bcigach. Nie mo\u017cna ju\u017c d\u0142u\u017cej nie bra\u0107 Polski pod uwag\u0119.<\/p>\n<p><strong>Twoim zdaniem to w du\u017cej mierze kwestia ostatnich sukces\u00f3w Micha\u0142a Kwiatkowskiego czy Rafa\u0142 Majki? Bez ich zwyci\u0119stw W\u0142osi nie zdecydowaliby si\u0119 zaprosi\u0107 CCC na Giro?<\/strong><\/p>\n<p>&#8211; Tego nie wiem i ci\u0119\u017cko powiedzie\u0107, czy organizator nie zaprosi\u0142by nas bez ich wynik\u00f3w. Na pewno to, co oni zrobili w ostatnim sezonie w du\u017cej mierze pomog\u0142o na zwr\u00f3cenie uwagi organizator\u00f3w na polskie kolarstwo.<\/p>\n<p><strong>Stawiasz przed sob\u0105 jakie\u015b osobiste, sportowe cele na ten rok?<\/strong><\/p>\n<p>&#8211; Giro d&#8217;Italia i p\u00f3\u017aniej Tour de Swiss, jako cele nadrz\u0119dne. Chc\u0119 przygotowa\u0107 si\u0119 jak najlepiej na te imprezy i by\u0107 w\u015br\u00f3d protagonist\u00f3w. Musz\u0119 si\u0119 przypomnie\u0107 polskim i w\u0142oskim kibicom.<\/p>\n<p><strong>Opr\u00f3cz enologii i kursu sommelierskiego, wspomnia\u0142e\u015b, \u017ce pasjonujesz si\u0119 lotnictwem. Du\u017co czasu sp\u0119dzasz w powietrzu? Z tego, co mi wiadomo, masz licencj\u0119 pilota.<\/strong><\/p>\n<p>&#8211; To tez zale\u017cy od ilo\u015bci wolnego czasu. Latam w aeroklubie w Albendze, 90 kilometr\u00f3w od mojego miejsca zamieszkania. W okresie ci\u0119\u017ckich przygotowa\u0144 i start\u00f3w bardzo ma\u0142o, jesieni\u0105 i zima znacznie wi\u0119cej.<\/p>\n<p><strong>Wi\u0105\u017cesz z tym jakie\u015b plany czy to kwestia wy\u0142\u0105cznie rekreacji i spos\u00f3b na wolny czas? Mo\u017ce w przysz\u0142o\u015bci us\u0142yszymy o Sylwestrze Szmydzie, jako zawodowym pilocie?<\/strong><\/p>\n<p>&#8211; Rozwa\u017ca\u0142em opcj\u0119 zrobienia licencji ATPL, \u017ceby lata\u0107 samolotem liniowym, ale na razie zapotrzebowanie na pilot\u00f3w si\u0119 zmniejszy\u0142o. Poza tym wi\u0105za\u0142oby si\u0119 to z bardzo du\u017cym wydatkiem i co najwa\u017cniejsze, nie chcia\u0142bym ju\u017c sp\u0119dzi\u0107 kolejnych nastu lat \u017cycia na walizckach z nienormowanym czasem pracy i z dala od rodziny&#8230;<\/p>\n<p><strong>Rozmawia\u0142 Fabian Florek, \u017ar\u00f3d\u0142o: <a href=\"http:\/\/kolarstwo.s24.pl\/polskie-ekipy-szosowe\/szmyd-poprzeczka-nigdy-nie-byla-tak-wysoko,s144100\/\">kolarstwo.s24.pl<\/a><br \/>\n<\/strong><\/p>\n<p>&nbsp;<\/p>\n<div><\/div>\n<div><\/div>\n<div><\/div>\n<p>&nbsp;<\/p>\n<\/div>\n<p>&nbsp;<\/p>\n<div><\/div>\n<\/div>\n<div id=\"blocks_right\"><\/div>\n","protected":false},"excerpt":{"rendered":"<p>Ostatnie dwa lata by\u0142y trudnym okresem zawodowej kariery, ale to ju\u017c przesz\u0142o\u015b\u0107. Do gry wraca z now\u0105 porcj\u0105 motywacji i ambitnie postawionymi celami, kt\u00f3re jak sam m\u00f3wi nigdy nie si\u0119ga\u0142y tak wysoko. Sylwester Szmyd w tegorocznym sezonie reprezentowa\u0142 b\u0119dzie CCC Sprandi Polkowice. Karier\u0119 zawodow\u0105 rozpocz\u0105\u0142 w 2001 roku w Tacconi&#8230;<\/p>\n","protected":false},"author":1,"featured_media":2623,"comment_status":"open","ping_status":"closed","sticky":false,"template":"","format":"standard","meta":{"ngg_post_thumbnail":0,"_jetpack_memberships_contains_paid_content":false,"footnotes":""},"categories":[77,15,8,9],"tags":[],"class_list":["post-2620","post","type-post","status-publish","format-standard","has-post-thumbnail","hentry","category-ccc-polsat-polkowice","category-komantarze","category-prasa","category-wywiady"],"jetpack_featured_media_url":"https:\/\/i0.wp.com\/www.sylwesterszmyd.pl\/wp-content\/uploads\/2015\/01\/szmyd_sylwester2_ccc-585.jpg?fit=585%2C235","jetpack_sharing_enabled":true,"_links":{"self":[{"href":"http:\/\/www.sylwesterszmyd.pl\/index.php?rest_route=\/wp\/v2\/posts\/2620","targetHints":{"allow":["GET"]}}],"collection":[{"href":"http:\/\/www.sylwesterszmyd.pl\/index.php?rest_route=\/wp\/v2\/posts"}],"about":[{"href":"http:\/\/www.sylwesterszmyd.pl\/index.php?rest_route=\/wp\/v2\/types\/post"}],"author":[{"embeddable":true,"href":"http:\/\/www.sylwesterszmyd.pl\/index.php?rest_route=\/wp\/v2\/users\/1"}],"replies":[{"embeddable":true,"href":"http:\/\/www.sylwesterszmyd.pl\/index.php?rest_route=%2Fwp%2Fv2%2Fcomments&post=2620"}],"version-history":[{"count":3,"href":"http:\/\/www.sylwesterszmyd.pl\/index.php?rest_route=\/wp\/v2\/posts\/2620\/revisions"}],"predecessor-version":[{"id":2624,"href":"http:\/\/www.sylwesterszmyd.pl\/index.php?rest_route=\/wp\/v2\/posts\/2620\/revisions\/2624"}],"wp:featuredmedia":[{"embeddable":true,"href":"http:\/\/www.sylwesterszmyd.pl\/index.php?rest_route=\/wp\/v2\/media\/2623"}],"wp:attachment":[{"href":"http:\/\/www.sylwesterszmyd.pl\/index.php?rest_route=%2Fwp%2Fv2%2Fmedia&parent=2620"}],"wp:term":[{"taxonomy":"category","embeddable":true,"href":"http:\/\/www.sylwesterszmyd.pl\/index.php?rest_route=%2Fwp%2Fv2%2Fcategories&post=2620"},{"taxonomy":"post_tag","embeddable":true,"href":"http:\/\/www.sylwesterszmyd.pl\/index.php?rest_route=%2Fwp%2Fv2%2Ftags&post=2620"}],"curies":[{"name":"wp","href":"https:\/\/api.w.org\/{rel}","templated":true}]}}