{"id":2615,"date":"2015-01-20T11:08:41","date_gmt":"2015-01-20T11:08:41","guid":{"rendered":"http:\/\/www.sylwesterszmyd.pl\/?p=2615"},"modified":"2015-01-22T11:18:31","modified_gmt":"2015-01-22T11:18:31","slug":"z-polskim-kolarstwem-tak-dobrze-jeszcze-nie-bylo","status":"publish","type":"post","link":"http:\/\/www.sylwesterszmyd.pl\/?p=2615","title":{"rendered":"Z polskim kolarstwem tak dobrze jeszcze nie by\u0142o"},"content":{"rendered":"<p><strong>KAMIL WOLNICKI:<\/strong> Dzi\u0119ki dzikiej karcie od organizator\u00f3w CCC Sprandi Polkowice pod pana kierownictwem wystartuje w tegorocznym Giro dItalia. Marzenia si\u0119\u00a0spe\u0142niaj\u0105.<br \/>\n<strong>PIOTR WADECKI:<\/strong> O spe\u0142nieniu marze\u0144 b\u0119dziemy mogli m\u00f3wi\u0107, gdy wystartujemy w Tour de France. Start w Giro traktuj\u0119\u00a0jak kolejny krok w tym kierunku. Sam, jeszcze jako zawodnik startowa\u0142em w Tourze i teraz chc\u0119 poprowadzi\u0107 w tej imprezie grup\u0119 jako dyrektor sportowy. I jeste\u015bmy na dobrej drodze, aby to si\u0119 spe\u0142ni\u0142o.<\/p>\n<p><strong>Za ile lat Tour b\u0119dzie realnym celem?<\/strong><br \/>\n<strong>PIOTR WADECKI:<\/strong> My\u015bl\u0119, \u017ce za dwa-trzy lata. To optymistyczny wariant, ale robimy wszystko, aby si\u0119 sprawdzi\u0142.<\/p>\n<p><strong>Wr\u00f3\u0107my do Giro. Co taka grupa, jak CCC Sprandi Polkowice, mo\u017ce da\u0107 Giro dItalia?<\/strong><br \/>\n<strong> PIOTR WADECKI:<\/strong> Ciekawe koszulki i wizerunek, kt\u00f3ry zapamietaj\u0105 kibice. Nadamy kolorytu tej imprezie. Ostatni raz kolarze ubrani na pomara\u0144czowo startowali w czasach Euskaltel-Euskadi. A nasz pomara\u0144cz jest nawet \u0142adniejszy.<\/p>\n<p><strong>Pytam o sport.<\/strong><br \/>\n<strong> PIOTR WADECKI:<\/strong> Przede wszystkim mamy Sylwestra Szmyda, kt\u00f3ry do\u0142\u0105czy\u0142 do naszej grupy po latach sp\u0119dzonych w najlepszych ekipach \u015bwiata. Startowa\u0142 w tej imprezie jedena\u015bcie razy, za ka\u017cdym razem jako pomocnik najwi\u0119kszych gwiazd. My\u015bl\u0119, \u017ce kiedy dostanie szans\u0119 jazdy jako lider, sta\u0107 go na niez\u0142y wynik. I pewnie t\u0119\u00a0szans\u0119 dostanie. Gdyby prezentowa\u0142 si\u0119 tak, jak w najlepszych latach, mo\u017ce utrzymywa\u0107 tempo wszystkich innych w g\u00f3rach i sko\u0144czy\u0107 wy\u015bcig wysoko w klasyfikacji generlanej.<\/p>\n<p><strong>Co to znaczy wysoko? Pierwsza dziesi\u0105tka to wasz cel?<\/strong><br \/>\n<strong> PIOTR WADECKI:<\/strong> By\u0142oby idealnie! To wielkie wyzwanie, ale je\u015bli nic z\u0142ego si\u0119\u00a0nie wydarzy w trakcie przygotowa\u0144 i samego wy\u015bcigu, a Sylwek trafi z form\u0105, sta\u0107\u00a0go na taki wynik.<br \/>\nBardziej interesuje was klasyfikacja generalna czy poszczeg\u00f3lne etapy?<br \/>\nPIOTR WADECKI: Zobaczymy jak b\u0119dzie si\u0119 uk\u0142ada\u0142 wy\u015bcig po pierwszych odcinkach. Sylwek pewnie b\u0119dzie jecha\u0142 z my\u015bl\u0105\u00a0o klasyfikacji generalnej, a reszt\u0119\u00a0ustawimy tak, aby mieli szans\u0119 w ucieczkach. Typowego sprintera nie mamy, wi\u0119c nie ma szans, aby kto\u015b walczy\u0142 o zwyci\u0119stwo, gdy do mety doje\u017cd\u017ca ca\u0142y peleton, ale b\u0119d\u0105\u00a0inne mo\u017cliwo\u015bci. Przecie\u017c Giro trwa trzy tygodnie i kilka ucieczek zawsze doje\u017cd\u017ca do mety. Klucz w tym, aby znale\u017a\u0107 si\u0119 w tej odpowiedniej. Mamy naprawd\u0119 ciekawy sk\u0142ad i jest z kogo wybiera\u0107. S\u0105 m\u0142odzi, g\u0142odni sukces\u00f3w i \u015bcigania z najlepszymi, ale te\u017c do\u015bwiadczeni kolarze, kt\u00f3rzy wiedz\u0105 jak \u015bciga\u0107 si\u0119 w takich imprezach.<\/p>\n<p><strong>Jaki dystans dzieli CCC Sprandi Polkowice od takich kolarskich pot\u0119g jak Sky czy Tinkoff-Saxo?<\/strong><br \/>\n<strong> PIOTR WADECKI:<\/strong> Wizerunkowo nie mamy do nich daleko. Tabor pojazd\u00f3w i zaplecze mamy na por\u00f3wnywalnym poziomie. Swoj\u0105 drog\u0105, dzi\u0119ki firmie CCC budujemy w Polkowicach baz\u0119, kt\u00f3rej nie ma pewnie \u017cadna grupa na \u015bwiecie. Sportowo jest jeszcze troch\u0119 inaczej, ale w najwi\u0119kszych grupach je\u017cd\u017c\u0105 zawodnicy, kt\u00f3rych indywidualne kontrakty by\u0142y dot\u0105d wy\u017csze ni\u017c ca\u0142oroczny bud\u017cet naszej grupy, wi\u0119c trudno si\u0119 por\u00f3wnywa\u0107 pod tym wzgl\u0119dem. Wiemy, \u017ce mamy jeszcze wiele do zrobienia. Ale to dobrze, bo mamy do czego d\u0105\u017cy\u0107. No i co wa\u017cniejsze, mamy czas, nie musimy robi\u0107\u00a0nic na si\u0142\u0119. Zatrudniamy wielu m\u0142odych ch\u0142opak\u00f3w, kt\u00f3rzy przy starszych si\u0119 ucz\u0105 i mo\u017ce za kilka lat b\u0119d\u0105 mogli walczy\u0107 z najlepszymi na \u015bwiecie.<\/p>\n<p><strong>W kalendarzu start\u00f3w na ten rok macie nie tylko Giro dItalia, ale i kilka innych wy\u015bcig\u00f3w kategorii World Tour.<\/strong><br \/>\n<strong> PIOTR WADECKI:<\/strong> Mamy te\u017c 26 kolarzy w ekipie, wi\u0119c damy rad\u0119 wsz\u0119dzie wystawia\u0107 mocne sk\u0142ady. Takie, dzi\u0119ki kt\u00f3rym grupa b\u0119dzie widoczna.<\/p>\n<p><strong>My\u015blicie o tym, aby zosta\u0107\u00a0ekip\u0105 cyklu World Tour i zamiast walczy\u0107 o dzikie karty, mie\u0107\u00a0prawo do start\u00f3w we wszystkich najwi\u0119kszych imprezach z automatu?<\/strong><br \/>\n<strong> PIOTR WADECKI:<\/strong> Na pewno tak, mamy takie marzenie. Dzi\u0119ki CCC mo\u017cemy sobie pozwoli\u0107 na spokojne stawianie kolejnych krok\u00f3w. Nie musimy ju\u017c i teraz czego\u015b\u00a0osi\u0105gn\u0105\u0107. Spokojnie budujemy trwa\u0142e fundamenty. Chodzi o to, aby ten nasz dom szybko si\u0119\u00a0nie rozpad\u0142, bo chcemy stworzy\u0107 co\u015b trwalego, na lata. Chodzi o kolarzy, fachowc\u00f3w i wszystkim wok\u00f3\u0142. U nas wszystko rozwija si\u0119\u00a0harmonijnie. Zosta\u0142o nam ju\u017c\u00a0niewiele krok\u00f3w, aby wej\u015b\u0107 na sta\u0142e do cyklu World Tour.<\/p>\n<p><strong>Na Giro chce pan zabra\u0107 przede wszystkim polski sk\u0142ad?<\/strong><br \/>\n<strong> PIOTR WADECKI:<\/strong> Zawsze marzy\u0142em, aby poprowadzi\u0107 na takiej imprezie polsk\u0105 ekip\u0119, wi\u0119c bardzo chcia\u0142bym, aby w Giro 60-70 procent sk\u0142adu stanowili Polacy. Zobaczymy jednak, w jakiej b\u0119d\u0105 dyspozycji tu\u017c\u00a0przed wy\u015bcigiem, bo poziom sportowy b\u0119dzie kluczowym kryterium wyboru ekipy. Inna sprawa, \u017ce s\u0105 grupy, kt\u00f3re nie przywi\u0105zuj\u0105 wagi do narodowo\u015bci zawodnik\u00f3w i w ekipie du\u0144skiej czy francuskiej trzon tworz\u0105 obcokrajowcy. Ja chc\u0119\u00a0jednak, aby m\u00f3wi\u0142o si\u0119\u00a0o nas jako o polskim zespole z polskimi kolarzami, kt\u00f3rych dodatkiem s\u0105 obcokrajowcy.<\/p>\n<p><strong>Jak ma wygl\u0105da\u0107 baza, o kt\u00f3rej pan wspomnia\u0142?<\/strong><br \/>\n<strong> PIOTR WADECKI:<\/strong> Firma CCC rozbudowuje si\u0119 w Polkowicach i prezes Dariusz Mi\u0142ek cz\u0119\u015b\u0107 hal odda\u0142 do naszej dyspozycji. Czekamy teraz na ostatnie pozwolenia i na prze\u0142omie stycznia i lutego rozpoczn\u0105 si\u0119 prace. Obiekt ju\u017c stoi, ale teraz trzeba tam zrobi\u0107 biura, pomieszczenia dla mechanik\u00f3w, olbrzymie gara\u017ce dla ci\u0119\u017car\u00f3wek i autobus\u00f3w, myjnie samochodowe, magazyny na sprz\u0119t, sale odpraw i wszystko, czego potrzebuje wielka grupa zawodowa. Widzia\u0142em projekty, wygl\u0105daj\u0105 imponuj\u0105co, a w rzeczywisto\u015bci mo\u017ce wygl\u0105da\u0107 jeszcze lepiej. Powinni\u015bmy si\u0119 tam przeprowadzi\u0107 w czerwcu.<\/p>\n<p><strong>Tak dobrych czas\u00f3w dla polskiego kolarstwa nie by\u0142o od dawna.<\/strong><br \/>\n<strong> PIOTR WADECKI:<\/strong> Na pewno. Mamy ekip\u0119 w jednym z najwi\u0119kszych wy\u015bcig\u00f3w \u015bwiata, mistrza \u015bwiata Micha\u0142a Kwiatkowskiego, najlepszego g\u00f3rala Tour de France, czyli Rafa\u0142a Majk\u0119 i kilku innych kolarzy w wielkich grupach. Nigdy w historii nie by\u0142o takiego okresu, cho\u0107 nie chc\u0119 wypowiada\u0107 si\u0119 na temat czas\u00f3w Ryszarda Szurkowskiego, bo gdy on osi\u0105ga\u0142 najwi\u0119ksze sukcesy, ja si\u0119 dopiero rodzi\u0142em. Mam jednak nadziej\u0119, \u017ce to, co dzieje si\u0119 teraz, oznacza lepsz\u0105\u00a0przysz\u0142o\u015b\u0107 dla ca\u0142ej dyscypliny. Ju\u017c wida\u0107 wi\u0119ksze zainteresowanie sponsor\u00f3w, w \u015brodowisku m\u00f3wi si\u0119 o zainteresowaniu polskich firm kolarstwem, a to bardzo wa\u017cne. Mo\u017ce ju\u017c nied\u0142ugo zobaczymy nowe grupy. Albo stare pod nowymi nazwami.<\/p>\n<p><strong>Wy czujecie si\u0119\u00a0pionierami?<\/strong><br \/>\n<strong> PIOTR WADECKI:<\/strong> Trudno mi si\u0119 wypowiada\u0107 na ten temat, cho\u0107 je\u015bli m\u00f3wimy o polskich ekipach to chyba tak, jeste\u015bmy pionierami, bo \u017cadna inna grupa nie bra\u0142a udzia\u0142u w takich imprezach, jak my. Przecieramy szlaki.<\/p>\n<p><strong>Pan te\u017c, jako dyrektor sportowy i jednocze\u015bnie selekcjoner reprezentacji Polski prze\u017cywa najlepszy czas w karierze.<\/strong><br \/>\n<strong> PIOTR WADECKI:<\/strong> Na razie rzeczywi\u015bcie wszystko idzie dobrze. Gdyby tak ten rozpocz\u0119ty niedawno nie by\u0142 gorszy&#8230; Wtedy znowu b\u0119dzie \u015bwi\u0119towali.<\/p>\n<p><strong>Nie zazdro\u015bci pan swoim kolarzom, \u017ce doczekali takich czas\u00f3w?<\/strong><br \/>\n<strong> PIOTR WADECKI:<\/strong> Troch\u0119 tak. Fajnie by\u0142oby wystartowa\u0107 w wielkim tourze w polskim zespole. Ciesz\u0119 si\u0119 jednak i jestem dumny mog\u0105c poprowadzi\u0107 ekip\u0119. Odpowiedzialno\u015b\u0107\u00a0jest ogromna, ale damy rad\u0119. Wierz\u0119, \u017ce ch\u0142opaki pojad\u0105 tak, jak ich sta\u0107, a i ja m\u0105drze tym pokieruj\u0119. Nie mog\u0119 si\u0119 doczeka\u0107 tego Giro. Ju\u017c\u00a0teraz wyczuwam w ekipie atmosfer\u0119 motywacji i podnios\u0142o\u015bci.<\/p>\n<p><strong>Pytam, bo pan ci\u0105gle dobrze wygl\u0105da.<\/strong><br \/>\n<strong> PIOTR WADECKI:<\/strong> Prosz\u0119\u00a0nie \u017cartowa\u0107&#8230; By\u0142em dzisiaj na treningu z moimi zawodnikami i wygl\u0105da na to, \u017ce lepiej b\u0119dzie, je\u015bli skupi\u0119 si\u0119 na je\u017adzie samochodem. A je\u015bli mam wsiada\u0107 na rower to turystycznie i samotnie, powolutku. Za m\u0142odzie\u017c\u0105 ju\u017c nie wyrabiam.<\/p>\n<p>\u017ar\u00f3d\u0142o: przegladsportowy.pl<\/p>\n","protected":false},"excerpt":{"rendered":"<p>KAMIL WOLNICKI: Dzi\u0119ki dzikiej karcie od organizator\u00f3w CCC Sprandi Polkowice pod pana kierownictwem wystartuje w tegorocznym Giro dItalia. Marzenia si\u0119\u00a0spe\u0142niaj\u0105. PIOTR WADECKI: O spe\u0142nieniu marze\u0144 b\u0119dziemy mogli m\u00f3wi\u0107, gdy wystartujemy w Tour de France. Start w Giro traktuj\u0119\u00a0jak kolejny krok w tym kierunku. Sam, jeszcze jako zawodnik startowa\u0142em w Tourze&#8230;<\/p>\n","protected":false},"author":1,"featured_media":2619,"comment_status":"open","ping_status":"closed","sticky":false,"template":"","format":"standard","meta":{"ngg_post_thumbnail":0,"_jetpack_memberships_contains_paid_content":false,"footnotes":""},"categories":[77,15,8],"tags":[],"class_list":["post-2615","post","type-post","status-publish","format-standard","has-post-thumbnail","hentry","category-ccc-polsat-polkowice","category-komantarze","category-prasa"],"jetpack_featured_media_url":"https:\/\/i0.wp.com\/www.sylwesterszmyd.pl\/wp-content\/uploads\/2015\/01\/IMG_6933.jpg?fit=1500%2C610","jetpack_sharing_enabled":true,"_links":{"self":[{"href":"http:\/\/www.sylwesterszmyd.pl\/index.php?rest_route=\/wp\/v2\/posts\/2615","targetHints":{"allow":["GET"]}}],"collection":[{"href":"http:\/\/www.sylwesterszmyd.pl\/index.php?rest_route=\/wp\/v2\/posts"}],"about":[{"href":"http:\/\/www.sylwesterszmyd.pl\/index.php?rest_route=\/wp\/v2\/types\/post"}],"author":[{"embeddable":true,"href":"http:\/\/www.sylwesterszmyd.pl\/index.php?rest_route=\/wp\/v2\/users\/1"}],"replies":[{"embeddable":true,"href":"http:\/\/www.sylwesterszmyd.pl\/index.php?rest_route=%2Fwp%2Fv2%2Fcomments&post=2615"}],"version-history":[{"count":3,"href":"http:\/\/www.sylwesterszmyd.pl\/index.php?rest_route=\/wp\/v2\/posts\/2615\/revisions"}],"predecessor-version":[{"id":2618,"href":"http:\/\/www.sylwesterszmyd.pl\/index.php?rest_route=\/wp\/v2\/posts\/2615\/revisions\/2618"}],"wp:featuredmedia":[{"embeddable":true,"href":"http:\/\/www.sylwesterszmyd.pl\/index.php?rest_route=\/wp\/v2\/media\/2619"}],"wp:attachment":[{"href":"http:\/\/www.sylwesterszmyd.pl\/index.php?rest_route=%2Fwp%2Fv2%2Fmedia&parent=2615"}],"wp:term":[{"taxonomy":"category","embeddable":true,"href":"http:\/\/www.sylwesterszmyd.pl\/index.php?rest_route=%2Fwp%2Fv2%2Fcategories&post=2615"},{"taxonomy":"post_tag","embeddable":true,"href":"http:\/\/www.sylwesterszmyd.pl\/index.php?rest_route=%2Fwp%2Fv2%2Ftags&post=2615"}],"curies":[{"name":"wp","href":"https:\/\/api.w.org\/{rel}","templated":true}]}}