{"id":2554,"date":"2014-12-18T12:10:58","date_gmt":"2014-12-18T12:10:58","guid":{"rendered":"http:\/\/www.sylwesterszmyd.pl\/?p=2554"},"modified":"2014-12-19T12:49:33","modified_gmt":"2014-12-19T12:49:33","slug":"sylwester-szmyd-dla-naszosie-pl-stac-mnie-jeszcze-na-walke","status":"publish","type":"post","link":"http:\/\/www.sylwesterszmyd.pl\/?p=2554","title":{"rendered":"\u201eSta\u0107 mnie jeszcze na walk\u0119\u201d"},"content":{"rendered":"<p><strong>Rozmawiaj\u0105c dwa lata temu, m\u00f3wi\u0142e\u015b nam, \u017ce przechodz\u0105c do Movistaru spe\u0142niaj\u0105 si\u0119 Twoje marzenia. Co takiego si\u0119 wydarzy\u0142o, \u017ce \u201enie zaiskrzy\u0142o\u201d?<\/strong><\/p>\n<p>Nie w ka\u017cdej firmie wszystko si\u0119 uk\u0142ada. Nie wiem, my\u015bl\u0119 \u017ce by\u0142em przyzwyczajony do innego \u201ezawodowstwa\u201d, a inaczej to widzia\u0142o szefostwo Movistaru. Ci\u0105g\u0142e zmiany planu, brak jasnego celu i brak zaufania do zawodnika dokucza\u0142o mi najbardziej. Z punktu widzenia sportowego, by\u0142 to zmarnowany czas.<\/p>\n<p><strong>Podpisa\u0142e\u015b umow\u0119 z Professional Cycling Team CCC, jakie zadania przed tob\u0105 postawi\u0142 Piotr Wadecki?<\/strong><\/p>\n<p>Powiedzia\u0142em Piotrowi, \u017ce je\u015bli w moim wieku i po tylu latach chc\u0119 si\u0119 dalej \u015bciga\u0107, maj\u0105c za sob\u0105 gorsze dwa sezony to znaczy, \u017ce wierz\u0119 w siebie. On r\u00f3wnie\u017c wierzy \u017ce sta\u0107 mnie jeszcze na co\u015b, a ja nie mam zamiaru zawie\u015b\u0107 ani jego, ani sponsora, a dalej id\u0105c kibic\u00f3w, kt\u00f3rzy chc\u0105 mnie widzie\u0107 walcz\u0105cego, ko\u0144cz\u0105c na samym sobie.<\/p>\n<p><strong>Pisa\u0142e\u015b na swojej stronie: \u201eJe\u015bli podpisze kontrakt, to b\u0119dzie to najwi\u0119ksze wyzwanie sportowe w mojej karierze\u201d, co mia\u0142e\u015b na my\u015bli?<\/strong><\/p>\n<p>Odpowiem Ci jak si\u0119 wyja\u015bni par\u0119 kwestii dotycz\u0105cych kalendarza ekipy. Tak czy inaczej chodzi mi o to, \u017ce mog\u0142em da\u0107 sobie spok\u00f3j, spacerowa\u0107 co rano nad brzegiem morza, zastanawiaj\u0105c si\u0119, czym si\u0119 na spokojnie zaj\u0105\u0107 w \u017cyciu. Jednak wola\u0142em si\u0119 \u015bciga\u0107 w ekipie kt\u00f3ra daje mi mo\u017cliwo\u015b\u0107 walczenia na ka\u017cdym wy\u015bcigu w jakim wystartuje. Nie m\u00f3wi mi, poci\u0105gnij trzy kilometry i jeste\u015b rozliczony. Zn\u00f3w \u201eMeta\u201d b\u0119dzie dla mnie na mecie\u2026<\/p>\n<p><strong>Wielu ju\u017c Ciebie skre\u015bli\u0142o, odsy\u0142aj\u0105c na sportow\u0105 emerytur\u0119. A ty niczym feniks z popio\u0142\u00f3w si\u0119 odradzasz co bardzo cieszy. B\u0119dziesz chcia\u0142 co\u015b udowodni\u0107?<\/strong><\/p>\n<p>Mam nadziej\u0119 \u017ce si\u0119 odrodz\u0119. Znale\u017a\u0107 dru\u017cyn\u0119 nie by\u0142o celem samym w sobie. Udowodni\u0107 chce sobie, \u017ce sta\u0107 mnie jeszcze na walk\u0119.<\/p>\n<p><strong>Zada\u0142em Ci to pytanie bo Davide Rebellina, z kt\u00f3rym cz\u0119sto razem trenujecie, te\u017c ju\u017c skre\u015blano, a on udowodni\u0142, \u017ce potrafi jeszcze si\u0119 \u015bciga\u0107 i co wa\u017cne wygrywa\u0107.<\/strong><\/p>\n<p>Davide jest wielkim zawodowcem i nie pr\u00f3buje si\u0119 nawet do niego por\u00f3wna\u0107. Kto go zna, nigdy by go nie skre\u015bli\u0142l. To jedynie z\u0142o\u015bliwo\u015b\u0107 ludzka.<\/p>\n<p><strong>O koniec kariery nie pytam bo na dzie\u0144 dzisiejszy temat zamkni\u0119ty, ale zapytam o d\u0142ugo\u015b\u0107 trwania kontraktu podpisanego z CCC Sprandi Polkowice.<\/strong><\/p>\n<p>Kontrakt podpisa\u0142em na rok.<\/p>\n<p><strong>Dzi\u0119kuj\u0119 za rozmow\u0119 i \u017cycz\u0119 sukces\u00f3w.<\/strong><\/p>\n<p>Dzi\u0119kuj\u0119 r\u00f3wnie\u017c i pozdrawiam.<\/p>\n<p>Rozmawia\u0142 Artur Machnik <a href=\"http:\/\/naszosie.pl\/2014\/12\/sylwester-szmyd-dla-naszosie-pl-stac-mnie-jeszcze-na-walke\/\" target=\"_blank\">naszosie.pl<\/a><\/p>\n","protected":false},"excerpt":{"rendered":"<p>Rozmawiaj\u0105c dwa lata temu, m\u00f3wi\u0142e\u015b nam, \u017ce przechodz\u0105c do Movistaru spe\u0142niaj\u0105 si\u0119 Twoje marzenia. Co takiego si\u0119 wydarzy\u0142o, \u017ce \u201enie zaiskrzy\u0142o\u201d? Nie w ka\u017cdej firmie wszystko si\u0119 uk\u0142ada. Nie wiem, my\u015bl\u0119 \u017ce by\u0142em przyzwyczajony do innego \u201ezawodowstwa\u201d, a inaczej to widzia\u0142o szefostwo Movistaru. Ci\u0105g\u0142e zmiany planu, brak jasnego celu i&#8230;<\/p>\n","protected":false},"author":1,"featured_media":2555,"comment_status":"open","ping_status":"closed","sticky":false,"template":"","format":"standard","meta":{"ngg_post_thumbnail":0,"_jetpack_memberships_contains_paid_content":false,"footnotes":""},"categories":[77,7,9],"tags":[],"class_list":["post-2554","post","type-post","status-publish","format-standard","has-post-thumbnail","hentry","category-ccc-polsat-polkowice","category-przebieg-kariery","category-wywiady"],"jetpack_featured_media_url":"https:\/\/i0.wp.com\/www.sylwesterszmyd.pl\/wp-content\/uploads\/2014\/12\/IMG_6346.jpg?fit=1000%2C599","jetpack_sharing_enabled":true,"_links":{"self":[{"href":"http:\/\/www.sylwesterszmyd.pl\/index.php?rest_route=\/wp\/v2\/posts\/2554","targetHints":{"allow":["GET"]}}],"collection":[{"href":"http:\/\/www.sylwesterszmyd.pl\/index.php?rest_route=\/wp\/v2\/posts"}],"about":[{"href":"http:\/\/www.sylwesterszmyd.pl\/index.php?rest_route=\/wp\/v2\/types\/post"}],"author":[{"embeddable":true,"href":"http:\/\/www.sylwesterszmyd.pl\/index.php?rest_route=\/wp\/v2\/users\/1"}],"replies":[{"embeddable":true,"href":"http:\/\/www.sylwesterszmyd.pl\/index.php?rest_route=%2Fwp%2Fv2%2Fcomments&post=2554"}],"version-history":[{"count":2,"href":"http:\/\/www.sylwesterszmyd.pl\/index.php?rest_route=\/wp\/v2\/posts\/2554\/revisions"}],"predecessor-version":[{"id":2558,"href":"http:\/\/www.sylwesterszmyd.pl\/index.php?rest_route=\/wp\/v2\/posts\/2554\/revisions\/2558"}],"wp:featuredmedia":[{"embeddable":true,"href":"http:\/\/www.sylwesterszmyd.pl\/index.php?rest_route=\/wp\/v2\/media\/2555"}],"wp:attachment":[{"href":"http:\/\/www.sylwesterszmyd.pl\/index.php?rest_route=%2Fwp%2Fv2%2Fmedia&parent=2554"}],"wp:term":[{"taxonomy":"category","embeddable":true,"href":"http:\/\/www.sylwesterszmyd.pl\/index.php?rest_route=%2Fwp%2Fv2%2Fcategories&post=2554"},{"taxonomy":"post_tag","embeddable":true,"href":"http:\/\/www.sylwesterszmyd.pl\/index.php?rest_route=%2Fwp%2Fv2%2Ftags&post=2554"}],"curies":[{"name":"wp","href":"https:\/\/api.w.org\/{rel}","templated":true}]}}