{"id":251,"date":"2011-02-11T11:23:06","date_gmt":"2011-02-11T11:23:06","guid":{"rendered":"http:\/\/www.sylwesterszmyd.pl\/?p=251"},"modified":"2011-02-12T11:30:11","modified_gmt":"2011-02-12T11:30:11","slug":"6km-do-szczytu-1-stopien-i-snieg","status":"publish","type":"post","link":"http:\/\/www.sylwesterszmyd.pl\/?p=251","title":{"rendered":"6km do szczytu, 1 stopie\u0144 i \u015bnieg"},"content":{"rendered":"<p><a href=\"https:\/\/i0.wp.com\/szmyd.nazwa.pl\/wp-content\/uploads\/2011\/02\/5lpwr.jpg\"><img data-recalc-dims=\"1\" loading=\"lazy\" decoding=\"async\" data-attachment-id=\"252\" data-permalink=\"http:\/\/www.sylwesterszmyd.pl\/?attachment_id=252\" data-orig-file=\"https:\/\/i0.wp.com\/www.sylwesterszmyd.pl\/wp-content\/uploads\/2011\/02\/5lpwr.jpg?fit=480%2C360\" data-orig-size=\"480,360\" data-comments-opened=\"0\" data-image-meta=\"{&quot;aperture&quot;:&quot;0&quot;,&quot;credit&quot;:&quot;&quot;,&quot;camera&quot;:&quot;BlackBerry 9700&quot;,&quot;caption&quot;:&quot;&quot;,&quot;created_timestamp&quot;:&quot;0&quot;,&quot;copyright&quot;:&quot;&quot;,&quot;focal_length&quot;:&quot;0&quot;,&quot;iso&quot;:&quot;0&quot;,&quot;shutter_speed&quot;:&quot;0&quot;,&quot;title&quot;:&quot;&quot;}\" data-image-title=\"5lpwr\" data-image-description=\"\" data-image-caption=\"\" data-medium-file=\"https:\/\/i0.wp.com\/www.sylwesterszmyd.pl\/wp-content\/uploads\/2011\/02\/5lpwr.jpg?fit=300%2C225\" data-large-file=\"https:\/\/i0.wp.com\/www.sylwesterszmyd.pl\/wp-content\/uploads\/2011\/02\/5lpwr.jpg?fit=480%2C360\" class=\"alignleft size-full wp-image-252\" title=\"5lpwr\" src=\"https:\/\/i0.wp.com\/szmyd.nazwa.pl\/wp-content\/uploads\/2011\/02\/5lpwr.jpg?resize=173%2C130\" alt=\"\" width=\"173\" height=\"130\" srcset=\"https:\/\/i0.wp.com\/www.sylwesterszmyd.pl\/wp-content\/uploads\/2011\/02\/5lpwr.jpg?w=480 480w, https:\/\/i0.wp.com\/www.sylwesterszmyd.pl\/wp-content\/uploads\/2011\/02\/5lpwr.jpg?resize=300%2C225 300w\" sizes=\"auto, (max-width: 173px) 100vw, 173px\" \/><\/a><br \/>\n\u015awietna dokumentacja naszego zgrupowania dzi\u0119ki pracy Andrzeja J\u00f3\u017awika. Zdj\u0119cia te nie oddaj\u0105 jednak tego co nas spotka\u0142o na treningu dwa dni temu. Ostatni podjazd, 40km do hotelu zacz\u0119li\u015bmy w deszczu i temperaturze, kt\u00f3ra wci\u0105\u017c si\u0119 obni\u017ca\u0142a, po godzinie podjazdu by\u0142y ju\u017c 4 stopnie i deszcz ze \u015bniegiem, par\u0119 kilometr\u00f3w dalej na 6km do szczytu ju\u017c tylko 1 stopie\u0144 i \u015bnieg. Minimum 15cm na drodze, my w kr\u00f3tkich spodenkach, letnich koszulkach z zamarzni\u0119tymi ju\u017c palcami u stop i d\u0142oni&#8230; jak w Wigili\u0119 w Bydgoszczy tylko, \u017ce zimniej i na innym rowerze.<\/p>\n<p>Wsiedli\u015bmy do samochodu, nie by\u0142o mo\u017cliwo\u015bci dalej jecha\u0107. Zatrzymali\u015bmy te\u017c samoch\u00f3d z niemieckimi turystami kt\u00f3ry si\u0119 tam zab\u0142\u0105ka\u0142 by nam pom\u00f3g\u0142 odwie\u017a\u0107 nas do hotelu, bo w jedenastu by\u015bmy si\u0119 nie pomie\u015bcili w jednym&#8230; Mi\u0142y emerytowany Niemiec o baaaaaardzo kolarskim nazwisku ch\u0119tnie pom\u00f3g\u0142 a nazywa\u0142 si\u0119 Baranowski.<\/p>\n<p>Ostatnie dni towarzyszy\u0142 nam, na rowerze lub samochodem przebywaj\u0105cy w tym czasie na wakacjach na Teneryfie dyrektor finansowy Volvo Auto Polska pan Jakub Zag\u00f3rski kt\u00f3ry m\u00f3g\u0142 si\u0119 od \u015brodka przypatrzy\u0107 naszej tutaj pracy.<\/p>\n<p>Ostatnia rzecz&#8230; viaaaaaaaaaaaa&#8230; pozbyli\u015bmy si\u0119 go raz na zawsze i basta, niech historia kolarstwa o nim zapomni. Szkoda, \u017ce zn\u00f3w z uszczerbkiem dla wizerunku kolarstwa, ale lepiej wcze\u015bniej ni\u017c p\u00f3\u017aniej&#8230; pisz\u0119 oczywi\u015bcie o Ricco. Nie lubi\u0142em asa!<\/p>\n<p>Foto: twitter.com\/ivanbasso<\/p>\n","protected":false},"excerpt":{"rendered":"<p>\u015awietna dokumentacja naszego zgrupowania dzi\u0119ki pracy Andrzeja J\u00f3\u017awika. Zdj\u0119cia te nie oddaj\u0105 jednak tego co nas spotka\u0142o na treningu dwa dni temu. Ostatni podjazd, 40km do hotelu zacz\u0119li\u015bmy w deszczu i temperaturze, kt\u00f3ra wci\u0105\u017c si\u0119 obni\u017ca\u0142a, po godzinie podjazdu by\u0142y ju\u017c 4 stopnie i deszcz ze \u015bniegiem, par\u0119 kilometr\u00f3w dalej&#8230;<\/p>\n","protected":false},"author":1,"featured_media":0,"comment_status":"closed","ping_status":"closed","sticky":false,"template":"","format":"standard","meta":{"ngg_post_thumbnail":0,"_jetpack_memberships_contains_paid_content":false,"footnotes":""},"categories":[3],"tags":[],"class_list":["post-251","post","type-post","status-publish","format-standard","hentry","category-trening"],"jetpack_featured_media_url":"","jetpack_sharing_enabled":true,"_links":{"self":[{"href":"http:\/\/www.sylwesterszmyd.pl\/index.php?rest_route=\/wp\/v2\/posts\/251","targetHints":{"allow":["GET"]}}],"collection":[{"href":"http:\/\/www.sylwesterszmyd.pl\/index.php?rest_route=\/wp\/v2\/posts"}],"about":[{"href":"http:\/\/www.sylwesterszmyd.pl\/index.php?rest_route=\/wp\/v2\/types\/post"}],"author":[{"embeddable":true,"href":"http:\/\/www.sylwesterszmyd.pl\/index.php?rest_route=\/wp\/v2\/users\/1"}],"replies":[{"embeddable":true,"href":"http:\/\/www.sylwesterszmyd.pl\/index.php?rest_route=%2Fwp%2Fv2%2Fcomments&post=251"}],"version-history":[{"count":8,"href":"http:\/\/www.sylwesterszmyd.pl\/index.php?rest_route=\/wp\/v2\/posts\/251\/revisions"}],"predecessor-version":[{"id":257,"href":"http:\/\/www.sylwesterszmyd.pl\/index.php?rest_route=\/wp\/v2\/posts\/251\/revisions\/257"}],"wp:attachment":[{"href":"http:\/\/www.sylwesterszmyd.pl\/index.php?rest_route=%2Fwp%2Fv2%2Fmedia&parent=251"}],"wp:term":[{"taxonomy":"category","embeddable":true,"href":"http:\/\/www.sylwesterszmyd.pl\/index.php?rest_route=%2Fwp%2Fv2%2Fcategories&post=251"},{"taxonomy":"post_tag","embeddable":true,"href":"http:\/\/www.sylwesterszmyd.pl\/index.php?rest_route=%2Fwp%2Fv2%2Ftags&post=251"}],"curies":[{"name":"wp","href":"https:\/\/api.w.org\/{rel}","templated":true}]}}