{"id":1659,"date":"2014-05-06T15:04:20","date_gmt":"2014-05-06T15:04:20","guid":{"rendered":"http:\/\/www.sylwesterszmyd.pl\/?p=1659"},"modified":"2014-05-07T15:18:30","modified_gmt":"2014-05-07T15:18:30","slug":"chora-sytuacja","status":"publish","type":"post","link":"http:\/\/www.sylwesterszmyd.pl\/?p=1659","title":{"rendered":"Chora sytuacja"},"content":{"rendered":"<p><a href=\"https:\/\/i0.wp.com\/szmyd.nazwa.pl\/wp-content\/uploads\/2014\/05\/P6232333.jpg\"><img data-recalc-dims=\"1\" loading=\"lazy\" decoding=\"async\" data-attachment-id=\"1661\" data-permalink=\"http:\/\/www.sylwesterszmyd.pl\/?attachment_id=1661\" data-orig-file=\"https:\/\/i0.wp.com\/www.sylwesterszmyd.pl\/wp-content\/uploads\/2014\/05\/P6232333.jpg?fit=1280%2C960\" data-orig-size=\"1280,960\" data-comments-opened=\"0\" data-image-meta=\"{&quot;aperture&quot;:&quot;5.6&quot;,&quot;credit&quot;:&quot;&quot;,&quot;camera&quot;:&quot;E-420&quot;,&quot;caption&quot;:&quot;&quot;,&quot;created_timestamp&quot;:&quot;1371983548&quot;,&quot;copyright&quot;:&quot;&quot;,&quot;focal_length&quot;:&quot;150&quot;,&quot;iso&quot;:&quot;200&quot;,&quot;shutter_speed&quot;:&quot;0.00125&quot;,&quot;title&quot;:&quot;OLYMPUS DIGITAL CAMERA&quot;}\" data-image-title=\"\" data-image-description=\"\" data-image-caption=\"\" data-medium-file=\"https:\/\/i0.wp.com\/www.sylwesterszmyd.pl\/wp-content\/uploads\/2014\/05\/P6232333.jpg?fit=300%2C225\" data-large-file=\"https:\/\/i0.wp.com\/www.sylwesterszmyd.pl\/wp-content\/uploads\/2014\/05\/P6232333.jpg?fit=790%2C593\" src=\"https:\/\/i0.wp.com\/szmyd.nazwa.pl\/wp-content\/uploads\/2014\/05\/P6232333.jpg?resize=790%2C593\" alt=\"\" width=\"790\" height=\"593\" class=\"alignleft size-full wp-image-1661\" srcset=\"https:\/\/i0.wp.com\/www.sylwesterszmyd.pl\/wp-content\/uploads\/2014\/05\/P6232333.jpg?w=1280 1280w, https:\/\/i0.wp.com\/www.sylwesterszmyd.pl\/wp-content\/uploads\/2014\/05\/P6232333.jpg?resize=300%2C225 300w, https:\/\/i0.wp.com\/www.sylwesterszmyd.pl\/wp-content\/uploads\/2014\/05\/P6232333.jpg?resize=1024%2C768 1024w, https:\/\/i0.wp.com\/www.sylwesterszmyd.pl\/wp-content\/uploads\/2014\/05\/P6232333.jpg?resize=800%2C600 800w\" sizes=\"auto, (max-width: 790px) 100vw, 790px\" \/><\/a><strong>W ostatnich latach przyzwyczai\u0142 nas pan do regularnych start\u00f3w w Giro d&#8217;Italia. Tymczasem ju\u017c drugi sezon z rz\u0119du zabraknie pana w tej imprezie. Czu\u0142 si\u0119 pan na si\u0142ach, \u017ceby pojecha\u0107 w tegorocznej edycji?<\/strong><\/p>\n<p>&#8211; Jak najbardziej. Czuj\u0119 si\u0119 zdecydowanie lepiej fizycznie ni\u017c w ubieg\u0142ym roku, cho\u0107 nie prze\u0142o\u017cy\u0142o si\u0119 to na dotychczasowe wyniki. Tyle tylko, \u017ce \u015bciga\u0142em si\u0119 do\u015b\u0107 ma\u0142o w tym sezonie. W\u0142a\u015bciwie poza kilkoma jednodniowymi wy\u015bcigami startowa\u0142em w Pary\u017c &#8211; Nicea, kt\u00f3ry m\u00f3g\u0142 mnie podnie\u015b\u0107 na jaki\u015b wy\u017cszy poziom. I oczywi\u015bcie w dw\u00f3ch, kt\u00f3re s\u0105 ostatnim szlifem przed Giro d&#8217;Italia, czyli Giro del Trentino i Tour de Romandie. Nigdy jako\u015b nie martwi\u0142em si\u0119 we wcze\u015bniejszych latach tym, \u017ce nie doje\u017cd\u017ca\u0142em z przodu na Trentino czy Romandi, a potem zwykle na Giro d&#8217;Italia by\u0142o w porz\u0105dku, cho\u0107 wej\u015bcie na odpowiedni poziom zajmowa\u0142o mi zawsze troch\u0119 czasu. Poza tym wielki tour rz\u0105dzi swoimi prawami. Jest tych etap\u00f3w du\u017co i w trzecim tygodniu je\u017adzi si\u0119 ju\u017c zupe\u0142nie inaczej. Moje przygotowania do tegorocznego Giro d&#8217;Italia by\u0142y w porz\u0105dku, cho\u0107 troch\u0119 op\u00f3\u017anione ze wzgl\u0119du na z\u0142aman\u0105 r\u0119k\u0119 pod koniec grudnia. Mo\u017ce akurat wysz\u0142oby to na dobre, bo przecie\u017c przejecha\u0142em mniej wy\u015bcig\u00f3w i mog\u0142em startowa\u0107 na wi\u0119kszej \u015bwie\u017co\u015bci. C\u00f3\u017c jednak zrobi\u0107. \u015acigam si\u0119 w takiej dru\u017cynie, a nie innej. Znowu jestem pierwszym, kt\u00f3ry nie pojedzie wielkiego touru. Tak te\u017c by\u0142o przed rokiem na Tour de France. Moje rowery by\u0142y ju\u017c w\u00f3wczas na Korsyce, a teraz s\u0105 ju\u017c w Irlandii. Tylko co z tego, skoro mnie tam nie ma.<\/p>\n<p><strong>Troch\u0119 irytuj\u0105ce jest chyba to, \u017ce sk\u0142ad zespo\u0142u zosta\u0142 og\u0142oszony na dzie\u0144 przed wylotem na Giro d&#8217;Italia.<\/strong><\/p>\n<p>&#8211; Dziwne to by\u0142o, ale najwyra\u017aniej szefowie ekipy znali sk\u0142ad du\u017co wcze\u015bniej. Przecie\u017c w kadrze przedstawionej przez organizatora miesi\u0105c temu, nie by\u0142o mnie w dziewi\u0105tce. Z wiekiem trzeba si\u0119 \u015bciga\u0107 znacznie wi\u0119cej, bo trzeba po prostu du\u017co wi\u0119cej czasu, \u017ceby wej\u015b\u0107 na wysoki poziom. A skoro nie \u015bciga\u0142em si\u0119 zbyt wiele, to by\u0142o, jak by\u0142o. Jestem jednak pewien, \u017ce na Giro jako\u015b bym tam kr\u0119ci\u0142. Wiem przecie\u017c, co zrobi\u0142em, \u017ceby jak najlepiej przygotowa\u0107 si\u0119 do tego wy\u015bcigu. Na Giro del Trentino i na Tour de Romandie mia\u0142em pozytywne odczucia, cho\u0107 nie na wszystkich etapach.<\/p>\n<p><strong>Odk\u0105d trafi\u0142 pan do Movistaru, to nieco znikn\u0105\u0142 pan z pola widzenia polskim kibicom. Jest zatem troch\u0119 \u017calu?<\/strong><\/p>\n<p>&#8211; Nie wiem, z czego wynika to, \u017ce w tej dru\u017cynie tak ma\u0142o si\u0119 \u015bcigam. Do Giro del Trentino ekipa przejecha\u0142a dziesi\u0119\u0107 wy\u015bcig\u00f3w etapowych. To wychodz\u0105 po trzy wy\u015bcigi etapowe na g\u0142ow\u0119, a ja pojecha\u0142em w tym czasie tylko jeden. By\u0142o zatem gdzie si\u0119 \u015bciga\u0107, ale z jakiego\u015b powodu nie znajdowa\u0142em si\u0119 w sk\u0142adzie. Raz twierdzono, \u017ce wy\u015bcig nie jest dla mnie odpowiedni, a raz, \u017ce jestem za s\u0142aby. Czasami po prostu lider potrzebowa\u0142 swoich zaufanych zawodnik\u00f3w.<\/p>\n<p><strong>Zobaczymy pana jeszcze w tym sezonie w kt\u00f3rym\u015b z tych z wielkich tour\u00f3w?<\/strong><\/p>\n<p>&#8211; Jad\u0119 we wszystkich trzech&#8230; Giro del Trentino ju\u017c jecha\u0142em, Tour de Pologne pojad\u0119 i p\u00f3\u017aniej jeszcze Vuelta Burgos. My\u015bl\u0119 zatem, \u017ce wszystkie trzy zalicz\u0119 w tym roku (\u015bmiech). A tak powa\u017cnie. To b\u0119dzie ci\u0119\u017cko. Cho\u0107 z drugiej strony, sezon jest d\u0142ugi. Zreszt\u0105 poprosi\u0142em szefa ekipy, je\u017celi jest jeszcze taka mo\u017cliwo\u015b\u0107, \u017ceby na wszelki wypadek wpisa\u0142 mnie na list\u0119 rezerwowych na Tour de France. R\u00f3\u017cnie mo\u017ce przecie\u017c by\u0107. Kto\u015b dozna kontuzji, a ja na przyk\u0142ad w jaki\u015b cudowny spos\u00f3b wygram Tour de Suisse. Na pewno jednak si\u0119 nie poddaj\u0119 i nie za\u0142amuj\u0119. Mam nadziej\u0119, \u017ce jest jeszcze we mnie troch\u0119 si\u0142. Je\u017celi jest tak, \u017ce g\u0142owa kr\u0119ci nogami, to mo\u017ce jeszcze co\u015b wykr\u0119ci.<\/p>\n<p><strong>Czuje si\u0119 pan ju\u017c zm\u0119czony tym kolarstwem, czy jednak &#8211; mimo 36 lat &#8211; dalej jest wiele ch\u0119ci i si\u0142?<\/strong><\/p>\n<p>&#8211; Gdyby nie chcia\u0142o mi si\u0119 rano wsi\u0105\u015b\u0107 na rower, to by\u0142by sygna\u0142, \u017ce trzeba z tym sko\u0144czy\u0107. Trening mi nie ci\u0105\u017cy. Wci\u0105\u017c mi si\u0119 chce i nie m\u0119cz\u0119 si\u0119. Zm\u0119czony to jestem bardziej ca\u0142\u0105 t\u0105 sytuacj\u0105. Tym, \u017ce chc\u0119 jak najwi\u0119cej startowa\u0107, a nie mog\u0119. To chora sytuacja, kt\u00f3rej nie mog\u0119 zrozumie\u0107. Samo trenowanie i kolarstwo wci\u0105\u017c daj\u0105 mi wiele przyjemno\u015bci. Dlatego planuj\u0119 dalej si\u0119 \u015bciga\u0107. Zobaczymy jednak, jak to b\u0119dzie.<\/p>\n<p><strong>A my\u015bli pan o zmianie ekipy. Ca\u0142\u0105 zawodow\u0105 karier\u0119 \u015bciga\u0142 si\u0119 pan we w\u0142oskich dru\u017cynach i tam czu\u0142 si\u0119 pan znakomicie. B\u0119dzie zatem powr\u00f3t Italii?<\/strong><\/p>\n<p>&#8211; Nie ukrywam, \u017ce chcia\u0142bym si\u0119 jeszcze \u015bciga\u0107 w dru\u017cynie z World Touru. Na pewno nie chcia\u0142bym ko\u0144czy\u0107 kariery niezadowolony i z niedosytem. W pierwszym sezonie w Movistarze mia\u0142em do sierpnia tylko 18 przejechanych wy\u015bcig\u00f3w, a jestem przecie\u017c kolarzem zawodowym i p\u0142ac\u0105 mi za \u015bciganie si\u0119, a nie za siedzenie w domu i trenowanie. Zreszt\u0105 w ubieg\u0142ym roku mn\u00f3stwo os\u00f3b w grupie nabija\u0142o si\u0119 ze mnie, \u017ce jestem najlepiej op\u0142acanym zawodnikiem na \u015bwiecie. Je\u017celi przeliczy\u0142oby si\u0119 pensj\u0119 na ilo\u015b\u0107 start\u00f3w, to by\u0142bym lepszy ni\u017c Alberto Contador czy Fabio Cancellara. Tak si\u0119 nabijali troch\u0119 ze mnie. Skoro nie znajduj\u0119 wi\u0119c miejsca w dru\u017cynie na najwa\u017cniejsze wy\u015bcigi, to kontraktu na raczej nie przed\u0142u\u017c\u0119. Nie ma takiej opcji. Licz\u0119 na to, \u017ce jeszcze zas\u0142u\u017c\u0119 na umow\u0119 w innej ekipie i wr\u00f3ci mi ta rado\u015b\u0107 \u015bcigania si\u0119. Podkre\u015blam, \u015bcigania, a nie trenowania.<\/p>\n<p><strong>Przez wiele lat dawa\u0142 nam pan swoimi startami wielkie nadzieje na to, \u017ce polskie kolarstwo mo\u017ce si\u0119 odrodzi\u0107. Teraz wyskoczy\u0142o nam kilku zawodnik\u00f3w, a Micha\u0142 Kwiatkowski jest w tym sezonie wprost fenomenalny.<\/strong><\/p>\n<p>&#8211; I dobrze, \u017ce co\u015b si\u0119 dzieje. Ka\u017cdy z nas liczy\u0142 na to, \u017ce w Polsce w ko\u0144cu objawi sie talent na skal\u0119 \u015bwiatow\u0105. I tak si\u0119 sta\u0142o. To, co robi &#8222;Kwiatek&#8221;, to mi si\u0119 w g\u0142owie nie mie\u015bci. Jest fenomenalny. To po prostu urodzony kolarz. Ju\u017c nawet nie chodzi o nog\u0119 &#8211; jak my to m\u00f3wimy &#8211; ale o to, jak si\u0119 \u015bciga, jak interpretuje wy\u015bcig. Pomijam ju\u017c to, \u017ce wygrywa czas\u00f3wki, walczy z najlepszymi na klasykach i do tego atakuje w du\u017cych g\u00f3rach. Dobrze, \u017ce kto\u015b taki pojawi\u0142 si\u0119 w polskim kolarstwie. Podobnie zreszt\u0105 jest z Rafa\u0142em Majk\u0105. Obaj s\u0105 m\u0142odzi i szybko znale\u017ali miejsce w dobrych dru\u017cynach. Tacy ludzie na pewno wp\u0142yn\u0105 na to, \u017ce poprawi si\u0119 sytuacja polskiego kolarstwa. Teraz m\u0142odzi zawodnicy powinni si\u0119 wzorowa\u0107 bardziej na takich zawodnikach jak Maciek Bodnar czy Micha\u0142 Go\u0142a\u015b, bo jak b\u0119d\u0105 si\u0119 patrze\u0107 i wzorowa\u0107 na &#8222;Kwiatku&#8221;, to mog\u0105 potem dosta\u0107 w g\u0142ow\u0119. Trzeba bowiem urodzi\u0107 si\u0119 wielkim talentem, \u017ceby je\u017adzi\u0107 tak jak on. To zawodnik, kt\u00f3rego plakat powinno powiesi\u0107 si\u0119 nad \u0142\u00f3\u017ckiem i kibicowa\u0107 mu, ale na pewno nie marzy\u0107 o tym, \u017ce mo\u017cna by\u0107 drugim &#8222;Kwiatkiem&#8221;. Gdybym marzy\u0142 o tym, \u017ceby by\u0107 drugim Marco Pantanim czy Janem Ullrichem, czy jeszcze kim\u015b innym, to nie by\u0142bym przez tych 15 lat zawodowcem w najlepszych dru\u017cynach na \u015bwiecie. Gdybym tak my\u015bla\u0142, to nigdy nie doszed\u0142bym to takiego poziomu. A tak przez wiele lat startowa\u0142em w najwi\u0119kszych wy\u015bcigach. Pomaga\u0142em najlepszym kolarzom na \u015bwiecie, a dru\u017cyny darzy\u0142y mnie zaufaniem. Wiedzia\u0142em, \u017ce nigdy nie wygram wielkiego touru, ale wiedzia\u0142em, \u017ce mog\u0105 pom\u00f3c komu\u015b go wygra\u0107. I to mnie nap\u0119dza\u0142o.<\/p>\n<p><strong>W ekipach, w kt\u00f3rych pan startowa\u0142, mia\u0142 okre\u015blone zadania. By\u0142 pan jednym z najlepszych pomocnik\u00f3w na \u015bwiecie, ale nigdy nie by\u0142 liderem grupy. Gdyby zatem pad\u0142a propozycja z polskiej dru\u017cyny?<\/strong><\/p>\n<p>&#8211; Nigdy si\u0119 nad tym nie zastanawia\u0142em. Mam ju\u017c poza tym 36 lat. Ci\u0119\u017cko powiedzie\u0107, czy za dwa lata m\u00f3g\u0142bym by\u0107 liderem CCC Polsat Polkowice na przyk\u0142ad na Giro d&#8217;Italia. Chyba by\u0142oby ju\u017c ci\u0119\u017cko powalczy\u0107 o pierwsz\u0105 &#8222;dziesi\u0105tk\u0119&#8221;. Jeszcze kilka lat temu by\u0142o to realne. Mo\u017ce bardziej marzy\u0142oby mi si\u0119 by\u0107 pomocnikiem polskiego lidera, kt\u00f3ry walczy na wielkim tourze. O, to by\u0142oby ciekawe.<\/p>\n<p>Rozmawia\u0142 &#8211; Tomasz Kalemba, Eurosport.Onet.pl, foto: <a href=\"http:\/\/rowery.org\" target=\"_blank\">rowery.org<\/a><\/p>\n","protected":false},"excerpt":{"rendered":"<p>W ostatnich latach przyzwyczai\u0142 nas pan do regularnych start\u00f3w w Giro d&#8217;Italia. Tymczasem ju\u017c drugi sezon z rz\u0119du zabraknie pana w tej imprezie. Czu\u0142 si\u0119 pan na si\u0142ach, \u017ceby pojecha\u0107 w tegorocznej edycji? &#8211; Jak najbardziej. Czuj\u0119 si\u0119 zdecydowanie lepiej fizycznie ni\u017c w ubieg\u0142ym roku, cho\u0107 nie prze\u0142o\u017cy\u0142o si\u0119 to&#8230;<\/p>\n","protected":false},"author":1,"featured_media":0,"comment_status":"open","ping_status":"closed","sticky":false,"template":"","format":"standard","meta":{"ngg_post_thumbnail":0,"_jetpack_memberships_contains_paid_content":false,"footnotes":""},"categories":[66,15,47,8,7,9],"tags":[],"class_list":["post-1659","post","type-post","status-publish","format-standard","hentry","category-giro-ditalia-2014","category-komantarze","category-movistar","category-prasa","category-przebieg-kariery","category-wywiady"],"jetpack_featured_media_url":"","jetpack_sharing_enabled":true,"_links":{"self":[{"href":"http:\/\/www.sylwesterszmyd.pl\/index.php?rest_route=\/wp\/v2\/posts\/1659","targetHints":{"allow":["GET"]}}],"collection":[{"href":"http:\/\/www.sylwesterszmyd.pl\/index.php?rest_route=\/wp\/v2\/posts"}],"about":[{"href":"http:\/\/www.sylwesterszmyd.pl\/index.php?rest_route=\/wp\/v2\/types\/post"}],"author":[{"embeddable":true,"href":"http:\/\/www.sylwesterszmyd.pl\/index.php?rest_route=\/wp\/v2\/users\/1"}],"replies":[{"embeddable":true,"href":"http:\/\/www.sylwesterszmyd.pl\/index.php?rest_route=%2Fwp%2Fv2%2Fcomments&post=1659"}],"version-history":[{"count":3,"href":"http:\/\/www.sylwesterszmyd.pl\/index.php?rest_route=\/wp\/v2\/posts\/1659\/revisions"}],"predecessor-version":[{"id":1663,"href":"http:\/\/www.sylwesterszmyd.pl\/index.php?rest_route=\/wp\/v2\/posts\/1659\/revisions\/1663"}],"wp:attachment":[{"href":"http:\/\/www.sylwesterszmyd.pl\/index.php?rest_route=%2Fwp%2Fv2%2Fmedia&parent=1659"}],"wp:term":[{"taxonomy":"category","embeddable":true,"href":"http:\/\/www.sylwesterszmyd.pl\/index.php?rest_route=%2Fwp%2Fv2%2Fcategories&post=1659"},{"taxonomy":"post_tag","embeddable":true,"href":"http:\/\/www.sylwesterszmyd.pl\/index.php?rest_route=%2Fwp%2Fv2%2Ftags&post=1659"}],"curies":[{"name":"wp","href":"https:\/\/api.w.org\/{rel}","templated":true}]}}