{"id":1655,"date":"2014-05-05T12:43:07","date_gmt":"2014-05-05T12:43:07","guid":{"rendered":"http:\/\/www.sylwesterszmyd.pl\/?p=1655"},"modified":"2014-05-05T12:44:36","modified_gmt":"2014-05-05T12:44:36","slug":"nie-wystartuje-w-najblizszym-giro-ditalia","status":"publish","type":"post","link":"http:\/\/www.sylwesterszmyd.pl\/?p=1655","title":{"rendered":"Nie wystartuj\u0119 w najbli\u017cszym Giro d\u2019Italia"},"content":{"rendered":"<p><a href=\"https:\/\/i0.wp.com\/szmyd.nazwa.pl\/wp-content\/uploads\/2014\/05\/906256_670420789661552_5658621042416322032_o.jpg\"><img data-recalc-dims=\"1\" loading=\"lazy\" decoding=\"async\" data-attachment-id=\"1657\" data-permalink=\"http:\/\/www.sylwesterszmyd.pl\/?attachment_id=1657\" data-orig-file=\"https:\/\/i0.wp.com\/www.sylwesterszmyd.pl\/wp-content\/uploads\/2014\/05\/906256_670420789661552_5658621042416322032_o.jpg?fit=1578%2C1424\" data-orig-size=\"1578,1424\" data-comments-opened=\"0\" data-image-meta=\"{&quot;aperture&quot;:&quot;0&quot;,&quot;credit&quot;:&quot;&quot;,&quot;camera&quot;:&quot;&quot;,&quot;caption&quot;:&quot;&quot;,&quot;created_timestamp&quot;:&quot;0&quot;,&quot;copyright&quot;:&quot;&quot;,&quot;focal_length&quot;:&quot;0&quot;,&quot;iso&quot;:&quot;0&quot;,&quot;shutter_speed&quot;:&quot;0&quot;,&quot;title&quot;:&quot;&quot;}\" data-image-title=\"906256_670420789661552_5658621042416322032_o\" data-image-description=\"\" data-image-caption=\"\" data-medium-file=\"https:\/\/i0.wp.com\/www.sylwesterszmyd.pl\/wp-content\/uploads\/2014\/05\/906256_670420789661552_5658621042416322032_o.jpg?fit=300%2C270\" data-large-file=\"https:\/\/i0.wp.com\/www.sylwesterszmyd.pl\/wp-content\/uploads\/2014\/05\/906256_670420789661552_5658621042416322032_o.jpg?fit=790%2C713\" src=\"https:\/\/i0.wp.com\/szmyd.nazwa.pl\/wp-content\/uploads\/2014\/05\/906256_670420789661552_5658621042416322032_o.jpg?resize=790%2C713\" alt=\"906256_670420789661552_5658621042416322032_o\" width=\"790\" height=\"713\" class=\"alignleft size-full wp-image-1657\" srcset=\"https:\/\/i0.wp.com\/www.sylwesterszmyd.pl\/wp-content\/uploads\/2014\/05\/906256_670420789661552_5658621042416322032_o.jpg?w=1578 1578w, https:\/\/i0.wp.com\/www.sylwesterszmyd.pl\/wp-content\/uploads\/2014\/05\/906256_670420789661552_5658621042416322032_o.jpg?resize=300%2C270 300w, https:\/\/i0.wp.com\/www.sylwesterszmyd.pl\/wp-content\/uploads\/2014\/05\/906256_670420789661552_5658621042416322032_o.jpg?resize=1024%2C924 1024w, https:\/\/i0.wp.com\/www.sylwesterszmyd.pl\/wp-content\/uploads\/2014\/05\/906256_670420789661552_5658621042416322032_o.jpg?resize=800%2C721 800w\" sizes=\"auto, (max-width: 790px) 100vw, 790px\" \/><\/a>Nie przekonam si\u0119 jednak co takiego ci\u0105gnie Polak\u00f3w do Irlandii, przynajmniej nie w tym tygodniu&#8230; \u017cartuj\u0105c, a na powa\u017cnie to nie wystartuj\u0119 w najbli\u017cszym Giro d\u2019Italia.<\/p>\n<p>Po cichu mia\u0142em nadziej\u0119, \u017ce po tym jak Lastras zrezygnowa\u0142, nie uda si\u0119 im ju\u017c nikogo \u201e\u017cywego\u201d znale\u017a\u0107, a jednak. \u00a0S\u0105dz\u0119, \u017ce troch\u0119 szkoda bo po sporej pracy i dw\u00f3ch ostatnich wy\u015bcigach na Giro by\u0142oby ju\u017c ca\u0142kiem przyzwoicie, gdybanie.<\/p>\n<p>Teraz mam g\u0142ow\u0119 du\u017co spokojniejsz\u0105, i musz\u0119 skoncentrowa\u0107 si\u0119 na kolejnych startach chocia\u017c wiedz\u0105c, \u017ce nie mam szans na start w TdF nie b\u0119dzie tych wy\u015bcig\u00f3w du\u017co.<\/p>\n<p>foto: Artur Machnik<\/p>\n","protected":false},"excerpt":{"rendered":"<p>Nie przekonam si\u0119 jednak co takiego ci\u0105gnie Polak\u00f3w do Irlandii, przynajmniej nie w tym tygodniu&#8230; \u017cartuj\u0105c, a na powa\u017cnie to nie wystartuj\u0119 w najbli\u017cszym Giro d\u2019Italia. Po cichu mia\u0142em nadziej\u0119, \u017ce po tym jak Lastras zrezygnowa\u0142, nie uda si\u0119 im ju\u017c nikogo \u201e\u017cywego\u201d znale\u017a\u0107, a jednak. \u00a0S\u0105dz\u0119, \u017ce troch\u0119 szkoda&#8230;<\/p>\n","protected":false},"author":1,"featured_media":0,"comment_status":"open","ping_status":"closed","sticky":false,"template":"","format":"standard","meta":{"ngg_post_thumbnail":0,"_jetpack_memberships_contains_paid_content":false,"footnotes":""},"categories":[66],"tags":[],"class_list":["post-1655","post","type-post","status-publish","format-standard","hentry","category-giro-ditalia-2014"],"jetpack_featured_media_url":"","jetpack_sharing_enabled":true,"_links":{"self":[{"href":"http:\/\/www.sylwesterszmyd.pl\/index.php?rest_route=\/wp\/v2\/posts\/1655","targetHints":{"allow":["GET"]}}],"collection":[{"href":"http:\/\/www.sylwesterszmyd.pl\/index.php?rest_route=\/wp\/v2\/posts"}],"about":[{"href":"http:\/\/www.sylwesterszmyd.pl\/index.php?rest_route=\/wp\/v2\/types\/post"}],"author":[{"embeddable":true,"href":"http:\/\/www.sylwesterszmyd.pl\/index.php?rest_route=\/wp\/v2\/users\/1"}],"replies":[{"embeddable":true,"href":"http:\/\/www.sylwesterszmyd.pl\/index.php?rest_route=%2Fwp%2Fv2%2Fcomments&post=1655"}],"version-history":[{"count":2,"href":"http:\/\/www.sylwesterszmyd.pl\/index.php?rest_route=\/wp\/v2\/posts\/1655\/revisions"}],"predecessor-version":[{"id":1658,"href":"http:\/\/www.sylwesterszmyd.pl\/index.php?rest_route=\/wp\/v2\/posts\/1655\/revisions\/1658"}],"wp:attachment":[{"href":"http:\/\/www.sylwesterszmyd.pl\/index.php?rest_route=%2Fwp%2Fv2%2Fmedia&parent=1655"}],"wp:term":[{"taxonomy":"category","embeddable":true,"href":"http:\/\/www.sylwesterszmyd.pl\/index.php?rest_route=%2Fwp%2Fv2%2Fcategories&post=1655"},{"taxonomy":"post_tag","embeddable":true,"href":"http:\/\/www.sylwesterszmyd.pl\/index.php?rest_route=%2Fwp%2Fv2%2Ftags&post=1655"}],"curies":[{"name":"wp","href":"https:\/\/api.w.org\/{rel}","templated":true}]}}