{"id":1563,"date":"2014-02-02T12:05:09","date_gmt":"2014-02-02T12:05:09","guid":{"rendered":"http:\/\/www.sylwesterszmyd.pl\/?p=1563"},"modified":"2014-02-03T12:22:05","modified_gmt":"2014-02-03T12:22:05","slug":"w-piatek-mielismy-prezentacje-druzyny-w-madrycie","status":"publish","type":"post","link":"http:\/\/www.sylwesterszmyd.pl\/?p=1563","title":{"rendered":"W pi\u0105tek mieli\u015bmy prezentacj\u0119 dru\u017cyny w Madrycie"},"content":{"rendered":"<p><a href=\"https:\/\/i0.wp.com\/szmyd.nazwa.pl\/wp-content\/uploads\/2014\/02\/5.jpg\"><img data-recalc-dims=\"1\" loading=\"lazy\" decoding=\"async\" data-attachment-id=\"1565\" data-permalink=\"http:\/\/www.sylwesterszmyd.pl\/?attachment_id=1565\" data-orig-file=\"https:\/\/i0.wp.com\/www.sylwesterszmyd.pl\/wp-content\/uploads\/2014\/02\/5.jpg?fit=798%2C598\" data-orig-size=\"798,598\" data-comments-opened=\"0\" data-image-meta=\"{&quot;aperture&quot;:&quot;0&quot;,&quot;credit&quot;:&quot;&quot;,&quot;camera&quot;:&quot;&quot;,&quot;caption&quot;:&quot;&quot;,&quot;created_timestamp&quot;:&quot;0&quot;,&quot;copyright&quot;:&quot;&quot;,&quot;focal_length&quot;:&quot;0&quot;,&quot;iso&quot;:&quot;0&quot;,&quot;shutter_speed&quot;:&quot;0&quot;,&quot;title&quot;:&quot;&quot;}\" data-image-title=\"5\" data-image-description=\"\" data-image-caption=\"\" data-medium-file=\"https:\/\/i0.wp.com\/www.sylwesterszmyd.pl\/wp-content\/uploads\/2014\/02\/5.jpg?fit=300%2C224\" data-large-file=\"https:\/\/i0.wp.com\/www.sylwesterszmyd.pl\/wp-content\/uploads\/2014\/02\/5.jpg?fit=790%2C592\" src=\"https:\/\/i0.wp.com\/szmyd.nazwa.pl\/wp-content\/uploads\/2014\/02\/5.jpg?resize=790%2C592\" alt=\"5\" width=\"790\" height=\"592\" class=\"alignleft size-full wp-image-1565\" srcset=\"https:\/\/i0.wp.com\/www.sylwesterszmyd.pl\/wp-content\/uploads\/2014\/02\/5.jpg?w=798 798w, https:\/\/i0.wp.com\/www.sylwesterszmyd.pl\/wp-content\/uploads\/2014\/02\/5.jpg?resize=300%2C224 300w\" sizes=\"auto, (max-width: 790px) 100vw, 790px\" \/><\/a>Pomimo czternastego sezonu w zawodowym kolarstwie, praktycznie zawsze w dru\u017cynach pierwszej dywizji, ka\u017cdego roku doceniam to, \u017ce mia\u0142em i nadal mam szans\u0119 \u015bciga\u0107 si\u0119 tyle lat w\u015br\u00f3d najlepszych. Jestem z siebie dumny i nie wydaje mi si\u0119 bym pokaza\u0142 ju\u017c wszystko na co mnie sta\u0107.<\/p>\n<p>Wyobra\u017cam sobie, \u017ce na pewno by\u0142o specjalne wydanie wiadomo\u015bci z tej okazji. W ko\u0144cu prezentacja najlepszej dru\u017cyny kolarskiej \u015bwiata w kt\u00f3rej barwach je\u017adzi jeden Polak&#8230;<\/p>\n<p>Tak mi si\u0119 nasun\u0119\u0142o, gdy przypomnia\u0142em sobie jak b\u0119d\u0105c w Polsce w okresie miedzy \u015bwi\u0105tecznym, pewnego dnia na ka\u017cdym kanale TV lecia\u0142o na okr\u0105g\u0142o o Polaku kt\u00f3ry podpisa\u0142 kontrakt z najlepsz\u0105 dru\u017cyn\u0105 pi\u0142karsk\u0105&#8230; w ko\u0144cu ile mo\u017cna, trzeba by\u0142o i TV wy\u0142\u0105czy\u0107!<\/p>\n<p>Poza tym spokojnie, kr\u0119ci mi si\u0119 coraz lepiej, zacieram \u015blady miesi\u0119cznej przerwy od szosy. Teraz najwa\u017cniejsze to dobrze zacz\u0105\u0107 si\u0119 \u015bciga\u0107, bez \u017cadnych ju\u017c problem\u00f3w z Giro d\u201dItalia w g\u0142owie.<br \/>\nngg_shortcode_0_placeholder<br \/>\nfoto: movistar.com<\/p>\n","protected":false},"excerpt":{"rendered":"<p>Pomimo czternastego sezonu w zawodowym kolarstwie, praktycznie zawsze w dru\u017cynach pierwszej dywizji, ka\u017cdego roku doceniam to, \u017ce mia\u0142em i nadal mam szans\u0119 \u015bciga\u0107 si\u0119 tyle lat w\u015br\u00f3d najlepszych. Jestem z siebie dumny i nie wydaje mi si\u0119 bym pokaza\u0142 ju\u017c wszystko na co mnie sta\u0107. Wyobra\u017cam sobie, \u017ce na pewno&#8230;<\/p>\n","protected":false},"author":1,"featured_media":0,"comment_status":"open","ping_status":"closed","sticky":false,"template":"","format":"standard","meta":{"ngg_post_thumbnail":0,"_jetpack_memberships_contains_paid_content":false,"footnotes":""},"categories":[15,47,3],"tags":[],"class_list":["post-1563","post","type-post","status-publish","format-standard","hentry","category-komantarze","category-movistar","category-trening"],"jetpack_featured_media_url":"","jetpack_sharing_enabled":true,"_links":{"self":[{"href":"http:\/\/www.sylwesterszmyd.pl\/index.php?rest_route=\/wp\/v2\/posts\/1563","targetHints":{"allow":["GET"]}}],"collection":[{"href":"http:\/\/www.sylwesterszmyd.pl\/index.php?rest_route=\/wp\/v2\/posts"}],"about":[{"href":"http:\/\/www.sylwesterszmyd.pl\/index.php?rest_route=\/wp\/v2\/types\/post"}],"author":[{"embeddable":true,"href":"http:\/\/www.sylwesterszmyd.pl\/index.php?rest_route=\/wp\/v2\/users\/1"}],"replies":[{"embeddable":true,"href":"http:\/\/www.sylwesterszmyd.pl\/index.php?rest_route=%2Fwp%2Fv2%2Fcomments&post=1563"}],"version-history":[{"count":2,"href":"http:\/\/www.sylwesterszmyd.pl\/index.php?rest_route=\/wp\/v2\/posts\/1563\/revisions"}],"predecessor-version":[{"id":1566,"href":"http:\/\/www.sylwesterszmyd.pl\/index.php?rest_route=\/wp\/v2\/posts\/1563\/revisions\/1566"}],"wp:attachment":[{"href":"http:\/\/www.sylwesterszmyd.pl\/index.php?rest_route=%2Fwp%2Fv2%2Fmedia&parent=1563"}],"wp:term":[{"taxonomy":"category","embeddable":true,"href":"http:\/\/www.sylwesterszmyd.pl\/index.php?rest_route=%2Fwp%2Fv2%2Fcategories&post=1563"},{"taxonomy":"post_tag","embeddable":true,"href":"http:\/\/www.sylwesterszmyd.pl\/index.php?rest_route=%2Fwp%2Fv2%2Ftags&post=1563"}],"curies":[{"name":"wp","href":"https:\/\/api.w.org\/{rel}","templated":true}]}}