{"id":1361,"date":"2013-08-10T09:57:09","date_gmt":"2013-08-10T09:57:09","guid":{"rendered":"http:\/\/www.sylwesterszmyd.pl\/?p=1361"},"modified":"2013-08-10T10:04:34","modified_gmt":"2013-08-10T10:04:34","slug":"na-burgos-calkiem-przyzwoicie","status":"publish","type":"post","link":"http:\/\/www.sylwesterszmyd.pl\/?p=1361","title":{"rendered":"Na Burgos ca\u0142kiem przyzwoicie"},"content":{"rendered":"<p><a href=\"https:\/\/i0.wp.com\/szmyd.nazwa.pl\/wp-content\/uploads\/2013\/08\/vb.jpg\"><img data-recalc-dims=\"1\" loading=\"lazy\" decoding=\"async\" data-attachment-id=\"1363\" data-permalink=\"http:\/\/www.sylwesterszmyd.pl\/?attachment_id=1363\" data-orig-file=\"https:\/\/i0.wp.com\/www.sylwesterszmyd.pl\/wp-content\/uploads\/2013\/08\/vb.jpg?fit=639%2C330\" data-orig-size=\"639,330\" data-comments-opened=\"0\" data-image-meta=\"{&quot;aperture&quot;:&quot;0&quot;,&quot;credit&quot;:&quot;&quot;,&quot;camera&quot;:&quot;&quot;,&quot;caption&quot;:&quot;&quot;,&quot;created_timestamp&quot;:&quot;0&quot;,&quot;copyright&quot;:&quot;&quot;,&quot;focal_length&quot;:&quot;0&quot;,&quot;iso&quot;:&quot;0&quot;,&quot;shutter_speed&quot;:&quot;0&quot;,&quot;title&quot;:&quot;&quot;}\" data-image-title=\"vb\" data-image-description=\"\" data-image-caption=\"\" data-medium-file=\"https:\/\/i0.wp.com\/www.sylwesterszmyd.pl\/wp-content\/uploads\/2013\/08\/vb.jpg?fit=300%2C154\" data-large-file=\"https:\/\/i0.wp.com\/www.sylwesterszmyd.pl\/wp-content\/uploads\/2013\/08\/vb.jpg?fit=639%2C330\" src=\"https:\/\/i0.wp.com\/szmyd.nazwa.pl\/wp-content\/uploads\/2013\/08\/vb.jpg?resize=639%2C330\" alt=\"vb\" width=\"639\" height=\"330\" class=\"alignleft size-full wp-image-1363\" srcset=\"https:\/\/i0.wp.com\/www.sylwesterszmyd.pl\/wp-content\/uploads\/2013\/08\/vb.jpg?w=639 639w, https:\/\/i0.wp.com\/www.sylwesterszmyd.pl\/wp-content\/uploads\/2013\/08\/vb.jpg?resize=300%2C154 300w\" sizes=\"auto, (max-width: 639px) 100vw, 639px\" \/><\/a>Nawi\u0105zuj\u0105c kr\u00f3tko do komentarzy. Oczywi\u015bcie dla kibic\u00f3w staram si\u0119 mie\u0107 czas na miar\u0119 mo\u017cliwo\u015bci, ale niestety w Krakowie mi si\u0119 nie uda\u0142o, bo musia\u0142em wraca\u0107 do Wieliczki. <\/p>\n<p>Organizm coraz starszy to prawda, czasem to zauwa\u017cam szczeg\u00f3lnie gdy d\u0142ugo si\u0119 nie \u015bcigam ale kontrakt na przysz\u0142y rok jeszcze mam tak wi\u0119c dam sobie jeszcze szans\u0119 a zmian\u0119 pracy od\u0142o\u017c\u0119 na co najmniej rok. Dzi\u0119kuj\u0119 r\u00f3wnie\u017c wydawnictwu Veni Vidi Vici za promowanie kolarskich tytu\u0142\u00f3w.<\/p>\n<p>Na Burgos ca\u0142kiem przyzwoicie. Co dzie\u0144 staram si\u0119 jak najwi\u0119cej pracowa\u0107 z przodu, rozkr\u0119ci\u0107 nog\u0119 i ciesz\u0119 si\u0119 z tego jak si\u0119 ju\u017c kr\u0119ci. Wygl\u0105da na to, \u017ce koszmar z TdP min\u0105\u0142.<\/p>\n","protected":false},"excerpt":{"rendered":"<p>Nawi\u0105zuj\u0105c kr\u00f3tko do komentarzy. Oczywi\u015bcie dla kibic\u00f3w staram si\u0119 mie\u0107 czas na miar\u0119 mo\u017cliwo\u015bci, ale niestety w Krakowie mi si\u0119 nie uda\u0142o, bo musia\u0142em wraca\u0107 do Wieliczki. Organizm coraz starszy to prawda, czasem to zauwa\u017cam szczeg\u00f3lnie gdy d\u0142ugo si\u0119 nie \u015bcigam ale kontrakt na przysz\u0142y rok jeszcze mam tak wi\u0119c&#8230;<\/p>\n","protected":false},"author":1,"featured_media":0,"comment_status":"open","ping_status":"closed","sticky":false,"template":"","format":"standard","meta":{"ngg_post_thumbnail":0,"_jetpack_memberships_contains_paid_content":false,"footnotes":""},"categories":[6,15,59,61],"tags":[],"class_list":["post-1361","post","type-post","status-publish","format-standard","hentry","category-kibice","category-komantarze","category-tour-de-pologne-2013","category-vuelta-a-burgos-2013"],"jetpack_featured_media_url":"","jetpack_sharing_enabled":true,"_links":{"self":[{"href":"http:\/\/www.sylwesterszmyd.pl\/index.php?rest_route=\/wp\/v2\/posts\/1361","targetHints":{"allow":["GET"]}}],"collection":[{"href":"http:\/\/www.sylwesterszmyd.pl\/index.php?rest_route=\/wp\/v2\/posts"}],"about":[{"href":"http:\/\/www.sylwesterszmyd.pl\/index.php?rest_route=\/wp\/v2\/types\/post"}],"author":[{"embeddable":true,"href":"http:\/\/www.sylwesterszmyd.pl\/index.php?rest_route=\/wp\/v2\/users\/1"}],"replies":[{"embeddable":true,"href":"http:\/\/www.sylwesterszmyd.pl\/index.php?rest_route=%2Fwp%2Fv2%2Fcomments&post=1361"}],"version-history":[{"count":4,"href":"http:\/\/www.sylwesterszmyd.pl\/index.php?rest_route=\/wp\/v2\/posts\/1361\/revisions"}],"predecessor-version":[{"id":1365,"href":"http:\/\/www.sylwesterszmyd.pl\/index.php?rest_route=\/wp\/v2\/posts\/1361\/revisions\/1365"}],"wp:attachment":[{"href":"http:\/\/www.sylwesterszmyd.pl\/index.php?rest_route=%2Fwp%2Fv2%2Fmedia&parent=1361"}],"wp:term":[{"taxonomy":"category","embeddable":true,"href":"http:\/\/www.sylwesterszmyd.pl\/index.php?rest_route=%2Fwp%2Fv2%2Fcategories&post=1361"},{"taxonomy":"post_tag","embeddable":true,"href":"http:\/\/www.sylwesterszmyd.pl\/index.php?rest_route=%2Fwp%2Fv2%2Ftags&post=1361"}],"curies":[{"name":"wp","href":"https:\/\/api.w.org\/{rel}","templated":true}]}}